{"id":55851,"date":"2023-02-22T11:34:00","date_gmt":"2023-02-22T11:34:00","guid":{"rendered":"https:\/\/fm-comunicar.com.ar\/contenido\/20033\/jesus-maria-cerro-un-gran-finde-turistico-con-20-mil-personas-en-el-caraval"},"modified":"2023-02-22T11:34:00","modified_gmt":"2023-02-22T11:34:00","slug":"jesus-maria-cerro-un-gran-finde-turistico-con-20-mil-personas-en-el-caraval","status":"publish","type":"post","link":"http:\/\/hoycordobaweb.com\/index.php\/2023\/02\/22\/jesus-maria-cerro-un-gran-finde-turistico-con-20-mil-personas-en-el-caraval\/","title":{"rendered":"Jes\u00fas Mar\u00eda cerr\u00f3 un gran finde tur\u00edstico con 20 mil personas en el caraval"},"content":{"rendered":"<p>La agenda empez\u00f3 con el tradicional bici tour nocturno por los caminos de la regi\u00f3n, y termin\u00f3 con dos jornadas a pura fiesta carnavalera. Se registr\u00f3 una ocupaci\u00f3n promedio del 70 por ciento.\u00a0<img src=\"http:\/\/hoycordobaweb.com\/wp-content\/uploads\/2023\/02\/jesus-maria-cerro-un-gran-finde-turistico-con-20-mil-personas-en-el-caraval.jpg\"><\/p>\n","protected":false},"excerpt":{"rendered":"<p>La agenda empez\u00f3 con el tradicional bici tour nocturno por los caminos de la regi\u00f3n, y termin\u00f3 con dos jornadas a pura fiesta carnavalera. Se registr\u00f3 una ocupaci\u00f3n promedio del 70 por ciento.\u00a0<\/p>\n","protected":false},"author":1,"featured_media":55852,"comment_status":"closed","ping_status":"closed","sticky":false,"template":"","format":"standard","meta":[],"categories":[18],"tags":[],"_links":{"self":[{"href":"http:\/\/hoycordobaweb.com\/index.php\/wp-json\/wp\/v2\/posts\/55851"}],"collection":[{"href":"http:\/\/hoycordobaweb.com\/index.php\/wp-json\/wp\/v2\/posts"}],"about":[{"href":"http:\/\/hoycordobaweb.com\/index.php\/wp-json\/wp\/v2\/types\/post"}],"author":[{"embeddable":true,"href":"http:\/\/hoycordobaweb.com\/index.php\/wp-json\/wp\/v2\/users\/1"}],"replies":[{"embeddable":true,"href":"http:\/\/hoycordobaweb.com\/index.php\/wp-json\/wp\/v2\/comments?post=55851"}],"version-history":[{"count":0,"href":"http:\/\/hoycordobaweb.com\/index.php\/wp-json\/wp\/v2\/posts\/55851\/revisions"}],"wp:featuredmedia":[{"embeddable":true,"href":"http:\/\/hoycordobaweb.com\/index.php\/wp-json\/wp\/v2\/media\/55852"}],"wp:attachment":[{"href":"http:\/\/hoycordobaweb.com\/index.php\/wp-json\/wp\/v2\/media?parent=55851"}],"wp:term":[{"taxonomy":"category","embeddable":true,"href":"http:\/\/hoycordobaweb.com\/index.php\/wp-json\/wp\/v2\/categories?post=55851"},{"taxonomy":"post_tag","embeddable":true,"href":"http:\/\/hoycordobaweb.com\/index.php\/wp-json\/wp\/v2\/tags?post=55851"}],"curies":[{"name":"wp","href":"https:\/\/api.w.org\/{rel}","templated":true}]}}