{"id":55834,"date":"2023-02-22T15:58:34","date_gmt":"2023-02-22T15:58:34","guid":{"rendered":"https:\/\/www.trendencias.com\/celebrities\/andrea-janeiro-hija-belen-esteban-jesulin-arrasa-estados-unidos-curriculum-que-esta-petando-extranjero"},"modified":"2023-02-22T15:58:34","modified_gmt":"2023-02-22T15:58:34","slug":"andrea-janeiro-hija-de-belen-esteban-y-jesulin-arrasa-en-estados-unidos-el-curriculum-por-el-que-lo-esta-petando-en-el-extranjero","status":"publish","type":"post","link":"http:\/\/hoycordobaweb.com\/index.php\/2023\/02\/22\/andrea-janeiro-hija-de-belen-esteban-y-jesulin-arrasa-en-estados-unidos-el-curriculum-por-el-que-lo-esta-petando-en-el-extranjero\/","title":{"rendered":"Andrea Janeiro, hija de Bel\u00e9n Esteban y Jesul\u00edn, arrasa en Estados Unidos: el curr\u00edculum por el que lo est\u00e1 petando en el extranjero"},"content":{"rendered":"<p>Naci\u00f3 siendo famosa, pero eso no fue un aliciente para que <strong>Andrea Janeiro<\/strong> se amparara en la fama de su madre, <strong>Bel\u00e9n Esteban<\/strong>, y las pol\u00e9micas con su padre, <strong>Jesul\u00edn de Ubrique<\/strong>. Andre\u00edta nunca quiso acaparar el foco medi\u00e1tico ya sea bien en plat\u00f3s de televisi\u00f3n como la hija de Terelu Campos, Alejandra Rubio, o en redes sociales como lo han hecho las hijas de Kiko Matamoros, <a href=\"https:\/\/www.trendencias.com\/belleza\/anita-matamoros-se-tine-pelo-rosa-al-ritmo-katy-perry-resultado-no-podria-ser-fantasia\">Laura y Anita Matamoros<\/a>, o la de Paz Padilla, Anna Ferrer.<\/p>\n<p><!-- BREAK 1 --><\/p>\n<div class=\"article-asset article-asset-normal article-asset-center\">\n<div class=\"desvio-container\">\n<div class=\"desvio\">\n<div class=\"desvio-figure js-desvio-figure\"> <a href=\"https:\/\/www.trendencias.com\/celebrities\/anna-ferrer-hija-paz-padilla-habla-primera-vez-su-problema-salud-hallar-diagnostico-asumes\"> <img alt=\"Anna Ferrer, hija de Paz Padilla, habla por primera vez de su problema de salud tras hallar un diagn\u00f3stico: &quot;Lo asumes&quot; \" src=\"http:\/\/hoycordobaweb.com\/wp-content\/uploads\/2023\/02\/andrea-janeiro-hija-de-belen-esteban-y-jesulin-arrasa-en-estados-unidos-el-curriculum-por-el-que-lo-esta-petando-en-el-extranjero.jpg\"> <\/a> <\/div><\/div><\/div>\n<\/div>\n<p><strong>A sus 23 a\u00f1os<\/strong>, Andrea ha demostrado estar a a\u00f1os luz de la televisi\u00f3n y muy lejos de su madre, ya que <strong>ha comenzado pet\u00e1ndolo en Los \u00c1ngeles, Estados Unidos<\/strong>. All\u00ed, seg\u00fan ha publicado <a href=\"https:\/\/www.lecturas.com\/famosos\/andrea-janeiro\">la revista &#8216;Lecturas&#8217;<\/a>, la hija del torero y la colaboradora de &#8216;S\u00e1lvame&#8217; se ha especializado como <strong>periodista y gestora de redes sociales.<\/strong><\/p>\n<p><!-- BREAK 2 --> <\/p>\n<div class=\"article-asset-image article-asset-normal article-asset-center\">\n<div class=\"asset-content\">\n<div class=\"base-wrapper-image\"> <img class=\"sf-lazy centro_sinmarco\" data-sf-srcset=\"http:\/\/hoycordobaweb.com\/wp-content\/uploads\/2023\/02\/andrea-janeiro-hija-de-belen-esteban-y-jesulin-arrasa-en-estados-unidos-el-curriculum-por-el-que-lo-esta-petando-en-el-extranjero-1.jpg 450w, http:\/\/hoycordobaweb.com\/wp-content\/uploads\/2023\/02\/andrea-janeiro-hija-de-belen-esteban-y-jesulin-arrasa-en-estados-unidos-el-curriculum-por-el-que-lo-esta-petando-en-el-extranjero-4.jpg 681w,http:\/\/hoycordobaweb.com\/wp-content\/uploads\/2023\/02\/andrea-janeiro-hija-de-belen-esteban-y-jesulin-arrasa-en-estados-unidos-el-curriculum-por-el-que-lo-esta-petando-en-el-extranjero-5.jpg 1024w, http:\/\/hoycordobaweb.com\/wp-content\/uploads\/2023\/02\/andrea-janeiro-hija-de-belen-esteban-y-jesulin-arrasa-en-estados-unidos-el-curriculum-por-el-que-lo-esta-petando-en-el-extranjero-6.jpg 1366w,\" data-sf-src=\"http:\/\/hoycordobaweb.com\/wp-content\/uploads\/2023\/02\/andrea-janeiro-hija-de-belen-esteban-y-jesulin-arrasa-en-estados-unidos-el-curriculum-por-el-que-lo-esta-petando-en-el-extranjero-1.jpg\" alt=\"Dl U380010 002\"> <noscript><img alt=\"Dl U380010 002\" class=\"centro_sinmarco\" src=\"http:\/\/hoycordobaweb.com\/wp-content\/uploads\/2023\/02\/andrea-janeiro-hija-de-belen-esteban-y-jesulin-arrasa-en-estados-unidos-el-curriculum-por-el-que-lo-esta-petando-en-el-extranjero-1.jpg\"><\/noscript> <\/div><\/div>\n<\/div>\n<p>Ya en su d\u00eda <a href=\"https:\/\/www.poprosa.com\/tag\/belen-esteban\">la Esteban<\/a> presum\u00eda de que su hija hab\u00eda sacado <strong>matr\u00edcula de honor <\/strong>en la asignatura de radio y en la de producci\u00f3n digital en la carrera de <strong>Periodismo en la Universidad de Westmister,<\/strong> en Londres. Adem\u00e1s, Andrea se hecho con su propio formato de entrevistas en <strong>una emisora de Nueva York, <\/strong>donde ya hizo las pr\u00e1cticas como asistente de producci\u00f3n.<\/p>\n<p><!-- BREAK 3 --><\/p>\n<div class=\"article-asset-image article-asset-normal article-asset-center\">\n<div class=\"asset-content\">\n<div class=\"base-wrapper-image\"> <img class=\"sf-lazy centro_sinmarco\" data-sf-srcset=\"http:\/\/hoycordobaweb.com\/wp-content\/uploads\/2023\/02\/andrea-janeiro-hija-de-belen-esteban-y-jesulin-arrasa-en-estados-unidos-el-curriculum-por-el-que-lo-esta-petando-en-el-extranjero-2.jpg 450w, http:\/\/hoycordobaweb.com\/wp-content\/uploads\/2023\/02\/andrea-janeiro-hija-de-belen-esteban-y-jesulin-arrasa-en-estados-unidos-el-curriculum-por-el-que-lo-esta-petando-en-el-extranjero-7.jpg 681w,http:\/\/hoycordobaweb.com\/wp-content\/uploads\/2023\/02\/andrea-janeiro-hija-de-belen-esteban-y-jesulin-arrasa-en-estados-unidos-el-curriculum-por-el-que-lo-esta-petando-en-el-extranjero-8.jpg 1024w, http:\/\/hoycordobaweb.com\/wp-content\/uploads\/2023\/02\/andrea-janeiro-hija-de-belen-esteban-y-jesulin-arrasa-en-estados-unidos-el-curriculum-por-el-que-lo-esta-petando-en-el-extranjero-9.jpg 1366w,\" data-sf-src=\"http:\/\/hoycordobaweb.com\/wp-content\/uploads\/2023\/02\/andrea-janeiro-hija-de-belen-esteban-y-jesulin-arrasa-en-estados-unidos-el-curriculum-por-el-que-lo-esta-petando-en-el-extranjero-2.jpg\" alt=\"Dl U380010 005\"> <noscript><img alt=\"Dl U380010 005\" class=\"centro_sinmarco\" src=\"http:\/\/hoycordobaweb.com\/wp-content\/uploads\/2023\/02\/andrea-janeiro-hija-de-belen-esteban-y-jesulin-arrasa-en-estados-unidos-el-curriculum-por-el-que-lo-esta-petando-en-el-extranjero-2.jpg\"><\/noscript> <\/div><\/div>\n<\/div>\n<p>Seg\u00fan cuenta la revista, Andrea tambi\u00e9n <strong>le hace el favor a su madre de gestionar las redes sociales de su empresa &#8216;Los Sabores de la Esteban&#8217;<\/strong>. Se ve que <a href=\"https:\/\/www.trendencias.com\/moda-famosas\/asi-estilo-andrea-janeiro-hija-belen-esteban\">la hermana de Juls Janeiro<\/a> ha sabido aprovechar bien los estudios que le ha pagado su madre tras ser ayudante de producci\u00f3n en &#8216;Los40&#8217;, adem\u00e1s de echar una mano en programas de Telecinco como &#8216;S\u00e1lvame&#8217; o &#8216;La \u00daltima Cena&#8217;.<\/p>\n<p><!-- BREAK 4 --><\/p>\n<p>Fotos | GTRES<\/p>\n","protected":false},"excerpt":{"rendered":"<p>Naci\u00f3 siendo famosa, pero eso no fue un aliciente para que Andrea Janeiro se amparara en la fama de su madre, Bel\u00e9n Esteban, y las pol\u00e9micas con su padre, Jesul\u00edn de Ubrique. Andre\u00edta nunca quiso acaparar el foco medi\u00e1tico ya sea bien en plat\u00f3s de televisi\u00f3n como la hija de Terelu Campos, Alejandra Rubio, o [&hellip;]<\/p>\n","protected":false},"author":1,"featured_media":55835,"comment_status":"closed","ping_status":"closed","sticky":false,"template":"","format":"standard","meta":[],"categories":[1],"tags":[],"_links":{"self":[{"href":"http:\/\/hoycordobaweb.com\/index.php\/wp-json\/wp\/v2\/posts\/55834"}],"collection":[{"href":"http:\/\/hoycordobaweb.com\/index.php\/wp-json\/wp\/v2\/posts"}],"about":[{"href":"http:\/\/hoycordobaweb.com\/index.php\/wp-json\/wp\/v2\/types\/post"}],"author":[{"embeddable":true,"href":"http:\/\/hoycordobaweb.com\/index.php\/wp-json\/wp\/v2\/users\/1"}],"replies":[{"embeddable":true,"href":"http:\/\/hoycordobaweb.com\/index.php\/wp-json\/wp\/v2\/comments?post=55834"}],"version-history":[{"count":0,"href":"http:\/\/hoycordobaweb.com\/index.php\/wp-json\/wp\/v2\/posts\/55834\/revisions"}],"wp:featuredmedia":[{"embeddable":true,"href":"http:\/\/hoycordobaweb.com\/index.php\/wp-json\/wp\/v2\/media\/55835"}],"wp:attachment":[{"href":"http:\/\/hoycordobaweb.com\/index.php\/wp-json\/wp\/v2\/media?parent=55834"}],"wp:term":[{"taxonomy":"category","embeddable":true,"href":"http:\/\/hoycordobaweb.com\/index.php\/wp-json\/wp\/v2\/categories?post=55834"},{"taxonomy":"post_tag","embeddable":true,"href":"http:\/\/hoycordobaweb.com\/index.php\/wp-json\/wp\/v2\/tags?post=55834"}],"curies":[{"name":"wp","href":"https:\/\/api.w.org\/{rel}","templated":true}]}}