{"id":5577,"date":"2020-11-19T19:51:51","date_gmt":"2020-11-19T19:51:51","guid":{"rendered":"https:\/\/ladecimaweb.com\/?p=7386"},"modified":"2020-11-19T19:51:51","modified_gmt":"2020-11-19T19:51:51","slug":"suben-los-precios-mayoristas-impulsados-por-el-aumento-de-los-costos-de-la-construccion","status":"publish","type":"post","link":"http:\/\/hoycordobaweb.com\/index.php\/2020\/11\/19\/suben-los-precios-mayoristas-impulsados-por-el-aumento-de-los-costos-de-la-construccion\/","title":{"rendered":"Suben los precios mayoristas impulsados por el aumento de los costos de la construcci\u00f3n"},"content":{"rendered":"<div class=\"head-content\">\n<div class=\"addthis_custom_sharing\" data-url=\"https:\/\/www.telam.com.ar\/notas\/202011\/535748-precios-nivel-mayorista-indec.html\" data-title=\"Los precios a nivel mayorista subieron 4,7%, inform\u00f3 el Indec\" data-description=\"As\u00ed lo inform\u00f3 el Instituto Nacional de Estad\u00edstica y Censos (Indec). En tanto, los costos de la construcci\u00f3n marcaron una suba de 3,7% en el mismo per\u00edodo.\">\n<div id=\"atstbx\" class=\"at-resp-share-element at-style-responsive addthis-smartlayers addthis-animated at4-show\" role=\"region\" aria-labelledby=\"at-5ff6fc4e-ce86-4584-a484-1f4ab47d6d65\"><\/div>\n<\/div>\n<\/div>\n<div class=\"main-content-block\">\n<div class=\"main-box clearfix\">\n<div class=\"wrapper-main-section clearfix\">\n<div class=\"wrapper-editable-content\">\n<div class=\"editable-content clearfix\">\n<div class=\"js-code\">\n<div class=\"twitter-tweet twitter-tweet-rendered\"><\/div>\n<\/div>\n<p>El \u00edndice de precios mayoristas registr\u00f3 en octubre un incremento de 4,7% en relaci\u00f3n con el mes anterior, mientras los costos de la construcci\u00f3n marcaron una suba de 3,7% en el mismo per\u00edodo, inform\u00f3 el Instituto Nacional de Estad\u00edsticas y Censos (Indec).<\/p>\n<\/div>\n<div class=\"editable-content clearfix\">\n<iframe id=\"twitter-widget-0\" class=\"\" title=\"Twitter Tweet\" src=\"https:\/\/platform.twitter.com\/embed\/index.html?creatorScreenName=agenciatelam&amp;dnt=false&amp;embedId=twitter-widget-0&amp;frame=false&amp;hideCard=false&amp;hideThread=false&amp;id=1329499812295831559&amp;lang=en&amp;origin=https%3A%2F%2Fwww.telam.com.ar%2Fnotas%2F202011%2F535748-precios-nivel-mayorista-indec.html&amp;siteScreenName=agenciatelam&amp;theme=light&amp;widgetsVersion=ed20a2b%3A1601588405575&amp;width=550px\" frameborder=\"0\" scrolling=\"no\" allowfullscreen=\"allowfullscreen\" data-tweet-id=\"1329499812295831559\"><\/iframe><\/div>\n<div class=\"editable-content clearfix\">\nLa suba de 4,7% registrada en el nivel general del \u00edndice de precios internos al por mayor (IPIM) se dio debido a que los productos nacionales se incrementaron 4,6% y 5,6% los importados.<\/p>\n<p>En lo que respecta al \u00edndice del costo de la construcci\u00f3n (ICC) en el Gran Buenos Aires, el avance de 3,7% de octubre se explic\u00f3 fundamentalmente en el cap\u00edtulo materiales, que marc\u00f3 un sensible aumento de 7,8% respecto a septiembre.<\/p>\n<div class=\"js-code\">\n<div class=\"twitter-tweet twitter-tweet-rendered\"><iframe id=\"twitter-widget-1\" class=\"\" title=\"Twitter Tweet\" src=\"https:\/\/platform.twitter.com\/embed\/index.html?creatorScreenName=agenciatelam&amp;dnt=false&amp;embedId=twitter-widget-1&amp;frame=false&amp;hideCard=false&amp;hideThread=false&amp;id=1329501173863288832&amp;lang=en&amp;origin=https%3A%2F%2Fwww.telam.com.ar%2Fnotas%2F202011%2F535748-precios-nivel-mayorista-indec.html&amp;siteScreenName=agenciatelam&amp;theme=light&amp;widgetsVersion=ed20a2b%3A1601588405575&amp;width=550px\" frameborder=\"0\" scrolling=\"no\" allowfullscreen=\"allowfullscreen\" data-tweet-id=\"1329501173863288832\"><\/iframe><\/div>\n<\/div>\n<\/div>\n<div class=\"editable-content clearfix\">\n<div>\n<div class=\"ubm_banner\"><a href=\"https:\/\/www.cba.gov.ar\/cordoba-rosa-2020\/%20\" target=\"_blank\" rel=\"dofollow noopener noreferrer\"><img src=\"http:\/\/hoycordobaweb.com\/wp-content\/uploads\/2020\/11\/suben-los-precios-mayoristas-impulsados-por-el-aumento-de-los-costos-de-la-construccion.gif\" alt=\"\"><\/a><\/div>\n<\/div>\n<\/div>\n<\/div>\n<\/div>\n<\/div>\n<\/div>\n<p>La entrada <a rel=\"nofollow\" href=\"https:\/\/ladecimaweb.com\/suben-los-precios-mayoristas-impulsados-por-el-aumento-de-los-costos-de-la-construccion\/\">Suben los precios mayoristas impulsados por el aumento de los costos de la construcci\u00f3n<\/a> se public\u00f3 primero en <a rel=\"nofollow\" href=\"https:\/\/ladecimaweb.com\">LaDecima<\/a>.<\/p>\n","protected":false},"excerpt":{"rendered":"<p>El \u00edndice de precios mayoristas registr\u00f3 en octubre un incremento de 4,7% en relaci\u00f3n con el mes anterior, mientras los costos de la construcci\u00f3n marcaron una suba de 3,7% en el mismo per\u00edodo, inform\u00f3 el Instituto Nacional de Estad\u00edsticas y Censos (Indec). La suba de 4,7% registrada en el nivel general del \u00edndice de precios [&hellip;]<\/p>\n","protected":false},"author":1,"featured_media":5578,"comment_status":"closed","ping_status":"closed","sticky":false,"template":"","format":"standard","meta":[],"categories":[19],"tags":[],"_links":{"self":[{"href":"http:\/\/hoycordobaweb.com\/index.php\/wp-json\/wp\/v2\/posts\/5577"}],"collection":[{"href":"http:\/\/hoycordobaweb.com\/index.php\/wp-json\/wp\/v2\/posts"}],"about":[{"href":"http:\/\/hoycordobaweb.com\/index.php\/wp-json\/wp\/v2\/types\/post"}],"author":[{"embeddable":true,"href":"http:\/\/hoycordobaweb.com\/index.php\/wp-json\/wp\/v2\/users\/1"}],"replies":[{"embeddable":true,"href":"http:\/\/hoycordobaweb.com\/index.php\/wp-json\/wp\/v2\/comments?post=5577"}],"version-history":[{"count":0,"href":"http:\/\/hoycordobaweb.com\/index.php\/wp-json\/wp\/v2\/posts\/5577\/revisions"}],"wp:featuredmedia":[{"embeddable":true,"href":"http:\/\/hoycordobaweb.com\/index.php\/wp-json\/wp\/v2\/media\/5578"}],"wp:attachment":[{"href":"http:\/\/hoycordobaweb.com\/index.php\/wp-json\/wp\/v2\/media?parent=5577"}],"wp:term":[{"taxonomy":"category","embeddable":true,"href":"http:\/\/hoycordobaweb.com\/index.php\/wp-json\/wp\/v2\/categories?post=5577"},{"taxonomy":"post_tag","embeddable":true,"href":"http:\/\/hoycordobaweb.com\/index.php\/wp-json\/wp\/v2\/tags?post=5577"}],"curies":[{"name":"wp","href":"https:\/\/api.w.org\/{rel}","templated":true}]}}