{"id":55763,"date":"2023-02-21T13:16:20","date_gmt":"2023-02-21T13:16:20","guid":{"rendered":"https:\/\/www.ole.com.ar\/futbol-internacional\/espana\/santiago-silva-debut-palo-espana-hinchas-boca_0_D87bABN59I.html"},"modified":"2023-02-21T13:16:20","modified_gmt":"2023-02-21T13:16:20","slug":"santiago-silva-debuto-en-espana-rodeado-de-hinchas-de-boca","status":"publish","type":"post","link":"http:\/\/hoycordobaweb.com\/index.php\/2023\/02\/21\/santiago-silva-debuto-en-espana-rodeado-de-hinchas-de-boca\/","title":{"rendered":"Santiago Silva debut\u00f3 en Espa\u00f1a rodeado de hinchas de Boca"},"content":{"rendered":"<p><img src=\"http:\/\/hoycordobaweb.com\/wp-content\/uploads\/2023\/02\/santiago-silva-debuto-en-espana-rodeado-de-hinchas-de-boca.jpg\"><\/p>\n<div class=\"custom-text \" readability=\"15.361823361823\">\n<p>El Nuevo San Ignacio fue lo m\u00e1s parecido a la <strong>Bombonera<\/strong>, <strong>con hinchas, bombos y banderas de Boca,<\/strong> simplemente, para acompa\u00f1ar a <a href=\"https:\/\/www.ole.com.ar\/tema\/santiago-silva.html\" title=\"Santiago Silva\" alt=\"Santiago Silva\" class=\"slug\"><strong>Santiago Silva<\/strong><\/a> en su debut en El Palo FC, de la Tercera RFEF (quinta divisi\u00f3n). Y arranc\u00f3 derecho: <strong>el equipo del uruguayo logr\u00f3 una victoria 2-0 (doblete de <\/strong>Falu) <strong>ante el FC M\u00e1laga City<\/strong>, quedando en la cima del torneo.<\/p>\n<\/div>\n<div class=\"custom-text \" readability=\"10\">\n<p>Un importante n\u00famero p\u00fablico de la pe\u00f1a de M\u00e1laga de Boca fue a darle la bienvenida al Tanque en El Palo FC: hubo aliento al club y coparon la tribuna, que estaba te\u00f1ido de azul y oro,<\/p>\n<\/div>\n<div class=\"sc-e6588e40-0 jMZSMl\">\n<div class=\"sc-e6588e40-1 ghdCia videoText\" id=\"contentTitleundefinedniobRXMP\" readability=\"6\"><svg fill=\"#ffffff\"><symbol id=\"play\" viewBox=\"0 0 512 512\"><path d=\"M512 256C512 397.4 397.4 512 256 512C114.6 512 0 397.4 0 256C0 114.6 114.6 0 256 0C397.4 0 512 114.6 512 256zM176 168V344C176 352.7 180.7 360.7 188.3 364.9C195.8 369.2 205.1 369 212.5 364.5L356.5 276.5C363.6 272.1 368 264.4 368 256C368 247.6 363.6 239.9 356.5 235.5L212.5 147.5C205.1 142.1 195.8 142.8 188.3 147.1C180.7 151.3 176 159.3 176 168V168z\" \/><\/symbol><use xlink:href=\"#play\" \/><\/svg><\/p>\n<div class=\"right\" readability=\"7\">\n<p>Santiago Silva<!-- --> &#8211;<!-- --> <span>21-2-2023<\/span><\/p>\n<h2 class=\"title-vid\">La pe\u00f1a de M\u00e1laga de Boca fue a darle la bienvenida al Tanque Silva en El Palo FC<\/h2>\n<\/div>\n<\/div>\n<p><span class=\"back\" id=\"spanBackundefinedniobRXMP\"><\/span><\/div>\n<div class=\"custom-text \" readability=\"13\">\n<p>\u00abAl m\u00e1s puro estilo de La Bombonera, con una gran representaci\u00f3n del Consulado de Boca Juniors en las gradas, se dio la bienvenida a El Palo FC y en especial al flamante fichaje pale\u00f1o\u00bb, dice la cr\u00f3nico publicada por el club, destacando la presencia de los hinchas xeneizes.<\/p>\n<\/div>\n<div class=\"sc-489cef11-0 jHGTKj\" readability=\"6\">\n<section readability=\"2\"><picture><img class=\"img\" src=\"http:\/\/hoycordobaweb.com\/wp-content\/uploads\/2023\/02\/santiago-silva-debuto-en-espana-rodeado-de-hinchas-de-boca-2.jpg\" alt=\"Alivio por Langoni: se entrena sin rastros de la molestia\" height=\"290\" width=\"290\" loading=\"lazy\"><\/picture>\n<p><span>Mir\u00e1 tambi\u00e9n<\/span><\/p>\n<hr>\n<h3>Alivio por Langoni: se entrena sin rastros de la molestia<\/h3>\n<\/p>\n<\/section>\n<\/div>\n<div class=\"sc-996041c8-0 kvfKM\"><img alt=\"Santiago Silva debut\u00f3 en Espa\u00f1a rodeado de hinchas de Boca. (Cr\u00e9dito El Palo FC)\" src=\"http:\/\/hoycordobaweb.com\/wp-content\/uploads\/2023\/02\/santiago-silva-debuto-en-espana-rodeado-de-hinchas-de-boca-3.jpg\" width=\"720\" height=\"0\" decoding=\"async\" data-nimg=\"future\" loading=\"lazy\"><span>Santiago Silva debut\u00f3 en Espa\u00f1a rodeado de hinchas de Boca. (Cr\u00e9dito El Palo FC)<\/span><\/div>\n<div class=\"custom-text \" readability=\"10\">\n<p>Las primeras situaciones se dieron por las bandas, buscando al Tanque en el coraz\u00f3n del \u00e1rea, aunque no logr\u00f3 someter a Neil.<\/p>\n<\/div>\n<div class=\"sc-489cef11-0 jHGTKj\" readability=\"6\">\n<section readability=\"2\"><picture><img class=\"img\" src=\"http:\/\/hoycordobaweb.com\/wp-content\/uploads\/2023\/02\/santiago-silva-debuto-en-espana-rodeado-de-hinchas-de-boca-4.jpg\" alt=\"Dani Alves seguir\u00e1 preso: temen que pueda huir\" height=\"290\" width=\"290\" loading=\"lazy\"><\/picture>\n<p><span>Mir\u00e1 tambi\u00e9n<\/span><\/p>\n<hr>\n<h3>Dani Alves seguir\u00e1 preso: temen que pueda huir<\/h3>\n<\/p>\n<\/section>\n<\/div>\n<div class=\"custom-text \" readability=\"10\">\n<p>\u00abCabe destacar que Santiago Silva dej\u00f3 una gran carta de presentaci\u00f3n ante los nuestros, destacando su incansable labor ofensiva y su poder\u00edo a\u00e9reo\u00bb, resalt\u00f3 la web oficial del club.<\/p>\n<\/div>\n<div class=\"sc-996041c8-0 kvfKM\"><img alt=\"Santiago Silva debut\u00f3 en Espa\u00f1a rodeado de hinchas de Boca. (Cr\u00e9dito El Palo FC)\" src=\"http:\/\/hoycordobaweb.com\/wp-content\/uploads\/2023\/02\/santiago-silva-debuto-en-espana-rodeado-de-hinchas-de-boca-5.jpg\" width=\"720\" height=\"0\" decoding=\"async\" data-nimg=\"future\" loading=\"lazy\"><span>Santiago Silva debut\u00f3 en Espa\u00f1a rodeado de hinchas de Boca. (Cr\u00e9dito El Palo FC)<\/span><\/div>\n<div class=\"custom-text \" readability=\"8\">\n<p>La pr\u00f3xima cita tendr\u00e1 como escenario la Ciudad Deportiva de la UD Maracena, por la jornada 23.<\/p>\n<\/div>\n<div class=\"custom-text \">\n<p>COMPARTIR EN<\/p>\n<\/div>\n<div class=\"sc-996041c8-0 kvfKM\"><img alt=\"Santiago Silva debut\u00f3 en Espa\u00f1a rodeado de hinchas de Boca. (Cr\u00e9dito El Palo FC)\" src=\"http:\/\/hoycordobaweb.com\/wp-content\/uploads\/2023\/02\/santiago-silva-debuto-en-espana-rodeado-de-hinchas-de-boca-6.jpg\" width=\"720\" height=\"0\" decoding=\"async\" data-nimg=\"future\" loading=\"lazy\"><span>Santiago Silva debut\u00f3 en Espa\u00f1a rodeado de hinchas de Boca. (Cr\u00e9dito El Palo FC)<\/span><\/div>\n<div class=\"sc-996041c8-0 kvfKM\"><img alt=\"Santiago Silva debut\u00f3 en Espa\u00f1a rodeado de hinchas de Boca. (Cr\u00e9dito El Palo FC)\" src=\"http:\/\/hoycordobaweb.com\/wp-content\/uploads\/2023\/02\/santiago-silva-debuto-en-espana-rodeado-de-hinchas-de-boca-7.jpg\" width=\"720\" height=\"0\" decoding=\"async\" data-nimg=\"future\" loading=\"lazy\"><span>Santiago Silva debut\u00f3 en Espa\u00f1a rodeado de hinchas de Boca. (Cr\u00e9dito El Palo FC)<\/span><\/div>\n<div class=\"sc-996041c8-0 kvfKM\"><img alt=\"Santiago Silva debut\u00f3 en Espa\u00f1a rodeado de hinchas de Boca. (Cr\u00e9dito El Palo FC)\" src=\"http:\/\/hoycordobaweb.com\/wp-content\/uploads\/2023\/02\/santiago-silva-debuto-en-espana-rodeado-de-hinchas-de-boca-8.jpg\" width=\"720\" height=\"0\" decoding=\"async\" data-nimg=\"future\" loading=\"lazy\"><span>Santiago Silva debut\u00f3 en Espa\u00f1a rodeado de hinchas de Boca. (Cr\u00e9dito El Palo FC)<\/span><\/div>\n<div class=\"custom-embedhtml\" readability=\"7.072265625\">\n<blockquote class=\"twitter-tweet\" readability=\"8.3203125\">\n<p lang=\"es\" dir=\"ltr\">\u00a1UN TANQUE QUE NO FRENA! Santiago Silva, a sus 42 a\u00f1os, continuar\u00e1 su carrera como delantero en Espa\u00f1a: se sum\u00f3 a El Palo FC de la Tercera RFEF (quinta divisi\u00f3n).<\/p>\n<p>\ud83c\udfa5 IG\/elpalofc <a href=\"https:\/\/t.co\/ZIHCVDQBKR\">pic.twitter.com\/ZIHCVDQBKR<\/a><\/p>\n<p>\u2014 SportsCenter (@SC_ESPN) <a href=\"https:\/\/twitter.com\/SC_ESPN\/status\/1625920589318717442?ref_src=twsrc%5Etfw\">February 15, 2023<\/a><\/p><\/blockquote><\/div>\n<div class=\"sc-489cef11-0 jHGTKj\" readability=\"6\">\n<section readability=\"2\"><picture><img class=\"img\" src=\"http:\/\/hoycordobaweb.com\/wp-content\/uploads\/2023\/02\/santiago-silva-debuto-en-espana-rodeado-de-hinchas-de-boca-9.jpg\" alt=\"La decisi\u00f3n que tom\u00f3 el United con Garnacho\" height=\"290\" width=\"290\" loading=\"lazy\"><\/picture>\n<p><span>Mir\u00e1 tambi\u00e9n<\/span><\/p>\n<hr>\n<h3>La decisi\u00f3n que tom\u00f3 el United con Garnacho<\/h3>\n<\/p>\n<\/section>\n<\/div>\n","protected":false},"excerpt":{"rendered":"<p>El Nuevo San Ignacio fue lo m\u00e1s parecido a la Bombonera, con hinchas, bombos y banderas de Boca, simplemente, para acompa\u00f1ar a Santiago Silva en su debut en El Palo FC, de la Tercera RFEF (quinta divisi\u00f3n). Y arranc\u00f3 derecho: el equipo del uruguayo logr\u00f3 una victoria 2-0 (doblete de Falu) ante el FC M\u00e1laga [&hellip;]<\/p>\n","protected":false},"author":1,"featured_media":55764,"comment_status":"open","ping_status":"closed","sticky":false,"template":"","format":"standard","meta":[],"categories":[16],"tags":[],"_links":{"self":[{"href":"http:\/\/hoycordobaweb.com\/index.php\/wp-json\/wp\/v2\/posts\/55763"}],"collection":[{"href":"http:\/\/hoycordobaweb.com\/index.php\/wp-json\/wp\/v2\/posts"}],"about":[{"href":"http:\/\/hoycordobaweb.com\/index.php\/wp-json\/wp\/v2\/types\/post"}],"author":[{"embeddable":true,"href":"http:\/\/hoycordobaweb.com\/index.php\/wp-json\/wp\/v2\/users\/1"}],"replies":[{"embeddable":true,"href":"http:\/\/hoycordobaweb.com\/index.php\/wp-json\/wp\/v2\/comments?post=55763"}],"version-history":[{"count":0,"href":"http:\/\/hoycordobaweb.com\/index.php\/wp-json\/wp\/v2\/posts\/55763\/revisions"}],"wp:featuredmedia":[{"embeddable":true,"href":"http:\/\/hoycordobaweb.com\/index.php\/wp-json\/wp\/v2\/media\/55764"}],"wp:attachment":[{"href":"http:\/\/hoycordobaweb.com\/index.php\/wp-json\/wp\/v2\/media?parent=55763"}],"wp:term":[{"taxonomy":"category","embeddable":true,"href":"http:\/\/hoycordobaweb.com\/index.php\/wp-json\/wp\/v2\/categories?post=55763"},{"taxonomy":"post_tag","embeddable":true,"href":"http:\/\/hoycordobaweb.com\/index.php\/wp-json\/wp\/v2\/tags?post=55763"}],"curies":[{"name":"wp","href":"https:\/\/api.w.org\/{rel}","templated":true}]}}