{"id":55712,"date":"2023-02-20T14:12:53","date_gmt":"2023-02-20T14:12:53","guid":{"rendered":"https:\/\/www.ole.com.ar\/futbol-internacional\/francia\/la-lesion-de-neymar-que-dice-el-parte-medico-y-el-mensaje-de-apoyo-de-mbappe_0_XaQjYZPTCf.html"},"modified":"2023-02-20T14:12:53","modified_gmt":"2023-02-20T14:12:53","slug":"la-lesion-de-neymar-que-dice-el-parte-medico-y-el-mensaje-de-apoyo-de-mbappe","status":"publish","type":"post","link":"http:\/\/hoycordobaweb.com\/index.php\/2023\/02\/20\/la-lesion-de-neymar-que-dice-el-parte-medico-y-el-mensaje-de-apoyo-de-mbappe\/","title":{"rendered":"La lesi\u00f3n de Neymar: qu\u00e9 dice el parte m\u00e9dico y el mensaje de apoyo de Mbapp\u00e9"},"content":{"rendered":"<p><img src=\"http:\/\/hoycordobaweb.com\/wp-content\/uploads\/2023\/02\/la-lesion-de-neymar-que-dice-el-parte-medico-y-el-mensaje-de-apoyo-de-mbappe.jpg\"><\/p>\n<div class=\"custom-text \" readability=\"27.096774193548\">\n<p>Cuando s\u00f3lo se hab\u00edan disputado seis minutos del segundo tiempo frente al <a href=\"https:\/\/www.ole.com.ar\/tema\/lille.html\" title=\"Lille\" alt=\"Lille\" class=\"slug\"><strong>Lille<\/strong><\/a>, <a href=\"https:\/\/www.ole.com.ar\/tema\/neymar.html\" title=\"Neymar\" alt=\"Neymar\" class=\"slug\"><strong>Neymar <\/strong><\/a>encendi\u00f3 las alarmas en el Parque de los Pr\u00edncipes. <a href=\"https:\/\/www.ole.com.ar\/futbol-internacional\/francia\/momento-exacto-lesion-tobillo-neymar-psg-vs-lille-foto-video_0_RC9sPQIl7N.html\" target=\"_blank\" rel=\"noopener noreferrer\"><strong>Ney pis\u00f3 mal en la mitad de cancha, se torci\u00f3 el tobillo derecho y qued\u00f3 tendido en el piso, muy dolorido.<\/strong><\/a> El brasile\u00f1o intent\u00f3 levantarse, pero no pudo caminar y tuvo que salir en camilla, tom\u00e1ndose la cara con las manos. <\/p>\n<\/div>\n<div class=\"custom-text \" readability=\"40.48288973384\">\n<p>El primer mensaje de tranquilidad por parte del<a href=\"https:\/\/www.ole.com.ar\/tema\/paris-saint-germain.html\" title=\"Paris Saint Germain\" alt=\"Paris Saint Germain\" class=\"slug\"><strong> Paris Saint Germain<\/strong><\/a> lleg\u00f3 horas despu\u00e9s de la victoria 4-3, tras los primeros estudios, cuando se descart\u00f3 una posible fractura. Sin embargo, en el conjunto parisino todav\u00eda hay preocupaci\u00f3n. <strong>\u00abNeymar, v\u00edctima de un esguince de tobillo durante el partido contra el Lille, se someti\u00f3 hoy a una resonancia magn\u00e9tica. Esto no revela una fractura<\/strong>. Se realizar\u00e1 <strong>una nueva valoraci\u00f3n del ligamento en 48 horas<\/strong>\u00ab, detalle el comunicado del club, en el que confirma un esguince. <\/p>\n<\/div>\n<div class=\"sc-489cef11-0 jHGTKj\" readability=\"6\">\n<section readability=\"2\"><picture><img class=\"img\" src=\"http:\/\/hoycordobaweb.com\/wp-content\/uploads\/2023\/02\/la-lesion-de-neymar-que-dice-el-parte-medico-y-el-mensaje-de-apoyo-de-mbappe-2.jpg\" alt=\"Neymar: esguince de tobillo y a esperar por el ligamento... \" height=\"290\" width=\"290\" loading=\"lazy\"><\/picture>\n<p><span>Mir\u00e1 tambi\u00e9n<\/span><\/p>\n<hr>\n<h3>Neymar: esguince de tobillo y a esperar por el ligamento&#8230; <\/h3>\n<\/p>\n<\/section>\n<\/div>\n<div class=\"custom-text \" readability=\"38\">\n<p>Hoy la preocupaci\u00f3n del club pasa justamente por el ligamento del tobillo del brasile\u00f1o, <strong>por lo que ser\u00e1 evaluado nuevamente para confirmar o descartar una posible lesi\u00f3n de gravedad en la zona. <\/strong>De cualquier manera, ya con el esguince, en Francia <strong>ponen en duda la participaci\u00f3n de Ney en el partido de vuelta por los octavos de final de la <\/strong><strong>Champions League<\/strong><strong> ante el <\/strong><strong>Bayern Munich<\/strong><strong>. <\/strong><\/p>\n<\/div>\n<div class=\"sc-e6588e40-0 jMZSMl\">\n<div class=\"sc-e6588e40-1 ghdCia videoText\" id=\"contentTitleundefinedIaLEFgky\"><svg fill=\"#ffffff\"><symbol id=\"play\" viewBox=\"0 0 512 512\"><path d=\"M512 256C512 397.4 397.4 512 256 512C114.6 512 0 397.4 0 256C0 114.6 114.6 0 256 0C397.4 0 512 114.6 512 256zM176 168V344C176 352.7 180.7 360.7 188.3 364.9C195.8 369.2 205.1 369 212.5 364.5L356.5 276.5C363.6 272.1 368 264.4 368 256C368 247.6 363.6 239.9 356.5 235.5L212.5 147.5C205.1 142.1 195.8 142.8 188.3 147.1C180.7 151.3 176 159.3 176 168V168z\" \/><\/symbol><use xlink:href=\"#play\" \/><\/svg><\/p>\n<div class=\"right\">\n<p>Neymar<!-- --> &#8211;<!-- --> <span>20-2-2023<\/span><\/p>\n<h2 class=\"title-vid\">La lesi\u00f3n de Ney que lo dej\u00f3 afuera del partido<\/h2>\n<\/div>\n<\/div>\n<p><span class=\"back\" id=\"spanBackundefinedIaLEFgky\"><\/span><\/div>\n<div class=\"custom-text \" readability=\"38\">\n<p>La recuperaci\u00f3n podr\u00eda demorar entre tres y cuatro semanas, <strong>por lo que llegar\u00eda muy con lo justo para el 8 de marzo, d\u00eda previsto para el esperado partido. <\/strong>De confirmarse los plazos de recuperaci\u00f3n o una lesi\u00f3n a\u00fan mayor,<strong> Galtier se quedar\u00eda sin una de sus principales figuras para intentar dar vuelta la serie en Alemania (fue 0-1 en la ida). <\/strong><\/p>\n<\/div>\n<div class=\"sc-e6588e40-0 jMZSMl\">\n<div class=\"sc-e6588e40-1 ghdCia videoText\" id=\"contentTitleundefined6HdwAwO8\"><svg fill=\"#ffffff\"><symbol id=\"play\" viewBox=\"0 0 512 512\"><path d=\"M512 256C512 397.4 397.4 512 256 512C114.6 512 0 397.4 0 256C0 114.6 114.6 0 256 0C397.4 0 512 114.6 512 256zM176 168V344C176 352.7 180.7 360.7 188.3 364.9C195.8 369.2 205.1 369 212.5 364.5L356.5 276.5C363.6 272.1 368 264.4 368 256C368 247.6 363.6 239.9 356.5 235.5L212.5 147.5C205.1 142.1 195.8 142.8 188.3 147.1C180.7 151.3 176 159.3 176 168V168z\" \/><\/symbol><use xlink:href=\"#play\" \/><\/svg><\/p>\n<div class=\"right\">\n<p>Neymar<!-- --> &#8211;<!-- --> <span>20-2-2023<\/span><\/p>\n<h2 class=\"title-vid\">Neymar anot\u00f3 el segundo del PSG<\/h2>\n<\/div>\n<\/div>\n<p><span class=\"back\" id=\"spanBackundefined6HdwAwO8\"><\/span><\/div>\n<p><h2><strong>El apoyo de Mbapp\u00e9<\/strong><\/h2>\n<\/p>\n<div class=\"custom-text \" readability=\"37.209836065574\">\n<p>En medio de la incertidumbre sobre el tobillo de Ney, <a href=\"https:\/\/www.ole.com.ar\/tema\/kylian-mbappe.html\" title=\"Kylian Mbapp\u00e9\" alt=\"Kylian Mbapp\u00e9\" class=\"slug\"><strong>Kylian Mbapp\u00e9<\/strong><\/a> sorprendi\u00f3 con un sentido mensaje dedicado a su compa\u00f1ero de equipo. <strong>\u201cMantente fuerte, todo el equipo te espera muy pronto. Adelante mi hermano\u201d, <\/strong>escribi\u00f3 la estrella francesa en sus historias, junto a una foto con el brasile\u00f1o. <\/p>\n<\/div>\n<div class=\"sc-996041c8-0 kvfKM\"><img alt=\"El mensaje de apoyo de Mbapp\u00e9 a Neymar.\" src=\"http:\/\/hoycordobaweb.com\/wp-content\/uploads\/2023\/02\/la-lesion-de-neymar-que-dice-el-parte-medico-y-el-mensaje-de-apoyo-de-mbappe-3.jpg\" width=\"720\" height=\"0\" decoding=\"async\" data-nimg=\"future\" loading=\"lazy\"><span>El mensaje de apoyo de Mbapp\u00e9 a Neymar.<\/span><\/div>\n<div class=\"custom-text \" readability=\"38\">\n<p>Este mensaje llega justo despu\u00e9s de la pol\u00e9mica que se gener\u00f3 en la \u00faltima semana cuando, luego de la derrota frente al Bayern, Kylian baj\u00f3 un contundente mensaje al vestuario parisino:<strong> \u00abAhora hace falta que todos nuestros jugadores est\u00e9n en buena salud e iremos all\u00e1 a clasificarnos. Todos debemos comer bien, dormir bien y prepararnos\u00bb.<\/strong><\/p>\n<\/div>\n<div class=\"sc-489cef11-0 jHGTKj\" readability=\"6.5\">\n<section readability=\"3\"><picture><img class=\"img\" src=\"http:\/\/hoycordobaweb.com\/wp-content\/uploads\/2023\/02\/la-lesion-de-neymar-que-dice-el-parte-medico-y-el-mensaje-de-apoyo-de-mbappe-4.jpg\" alt=\"Galtier gana, se cuelga de Messi pero lo aprietan desde adentro\" height=\"290\" width=\"290\" loading=\"lazy\"><\/picture>\n<p><span>Mir\u00e1 tambi\u00e9n<\/span><\/p>\n<hr>\n<h3>Galtier gana, se cuelga de Messi pero lo aprietan desde adentro<\/h3>\n<\/p>\n<\/section>\n<\/div>\n<div class=\"custom-text \" readability=\"40\">\n<p>Sin embargo, luego de esas declaraciones que tanto ruido hicieron en Francia, Ney se mostr\u00f3 al otro d\u00eda<strong> participando del European Poker Tour, que se realiz\u00f3 en la tarde-noche del mi\u00e9rcoles y luego un amigo suyo, que tambi\u00e9n particip\u00f3 del evento, comparti\u00f3 una foto del brasile\u00f1o junto a otros amigos en un McDonald&#8217;s<\/strong>. <\/p>\n<\/div>\n<div class=\"custom-text \" readability=\"39\">\n<p>S\u00ed, justo despu\u00e9s de que Mbapp\u00e9 pidiera \u00abcomer bien y dormir bien\u00bb, <strong>Ney fue a jugar al poker y cerr\u00f3 la noche con una parada por el local de comidas r\u00e1pidas. <\/strong>Luego de todo lo que se gener\u00f3 por este tema, de las especulaciones sobre una mala relaci\u00f3n entre las dos estrellas y de una posible provocaci\u00f3n de Neymar tras el dardo de Mbapp\u00e9, fue Kylian quien sali\u00f3 a aclarar la situaci\u00f3n. <\/p>\n<\/div>\n<div class=\"sc-489cef11-0 jHGTKj\" readability=\"6\">\n<section readability=\"2\"><picture><img class=\"img\" src=\"http:\/\/hoycordobaweb.com\/wp-content\/uploads\/2023\/02\/la-lesion-de-neymar-que-dice-el-parte-medico-y-el-mensaje-de-apoyo-de-mbappe-5.jpg\" alt=\"Video: la tremenda calentura de Mbapp\u00e9 cuando el Lille se puso 3-2\" height=\"290\" width=\"290\" loading=\"lazy\"><\/picture>\n<p><span>Mir\u00e1 tambi\u00e9n<\/span><\/p>\n<hr>\n<h3>Video: la tremenda calentura de Mbapp\u00e9 cuando el Lille se puso 3-2<\/h3>\n<\/p>\n<\/section>\n<\/div>\n<div class=\"custom-text \" readability=\"43\">\n<p>\u00abVi que la gente hablaba de Ney, de lo que pas\u00f3. No fue un dardo contra Neymar\u00bb, explic\u00f3 en di\u00e1logo con Prime Video tras el duelo frente al Lille. \u00ab<strong>En el contexto, necesitamos de todo menos un dardo. Eso era realmente un consejo para todos. Porque, como dije, cuando tienes a todos.. Lo vimos al comienzo del encuentro, cuando est\u00e1n todos, los equipos rivales tienen mucho de qu\u00e9 preocuparse.<\/strong> Espero que Ney regrese pronto porque es un jugador clave para nosotros\u00bb, continu\u00f3.<\/p>\n<\/div>\n<p><h2><strong>Neymar y los antecedentes que preocupan<\/strong><\/h2>\n<\/p>\n<div class=\"custom-text \" readability=\"39\">\n<p>Esta nueva entorsis para Neymar es pr\u00e1cticamente de d\u00e9j\u00e0 vu de una serie de lesiones que el brasile\u00f1o viene sufriendo desde el 2018. Todo comenz\u00f3 en febrero de ese a\u00f1o, <strong>con la fractura que sufri\u00f3 en el quinto metatarsiano del pie derecho.<\/strong> Luego de esa grave lesi\u00f3n, esa parte del cuerpo del delantero se convirti\u00f3 en un problema recurrente para \u00e9l. <strong>De hecho, en aquel momento, la fractura estuvo acompa\u00f1ada de un esguince de tobillo.<\/strong><\/p>\n<\/div>\n<div class=\"sc-489cef11-0 jHGTKj\" readability=\"6.5\">\n<section readability=\"3\"><picture><img class=\"img\" src=\"http:\/\/hoycordobaweb.com\/wp-content\/uploads\/2023\/02\/la-lesion-de-neymar-que-dice-el-parte-medico-y-el-mensaje-de-apoyo-de-mbappe-6.jpg\" alt=\"En un partido de locos, Messi rescat\u00f3 al PSG\" height=\"290\" width=\"290\" loading=\"lazy\"><\/picture>\n<p><span>Mir\u00e1 tambi\u00e9n<\/span><\/p>\n<hr>\n<h3>En un partido de locos, Messi rescat\u00f3 al PSG<\/h3>\n<\/p>\n<\/section>\n<\/div>\n<div class=\"custom-text \" readability=\"39\">\n<p><strong>Ney lleg\u00f3 a Rusia 2018, aunque no lo hizo en plenitud f\u00edsica,<\/strong> y tiempo despu\u00e9s reconoci\u00f3 que jug\u00f3 el Mundial con el ligamento del tobillo roto. Un a\u00f1o m\u00e1s tarde, el jugador del PSG sufri\u00f3 una nueva fractura del quinto metatarsiano.<strong> Y si bien se recuper\u00f3 para intentar llegar a la Copa Am\u00e9rica 2019, en la preparaci\u00f3n sufri\u00f3 un nuevo esguince de tobillo y qued\u00f3 afuera.<\/strong> <\/p>\n<\/div>\n<div class=\"sc-e6588e40-0 jMZSMl\">\n<div class=\"sc-e6588e40-1 ghdCia videoText\" id=\"contentTitleundefinedM18KYoNQ\" readability=\"56\"><svg fill=\"#ffffff\"><symbol id=\"play\" viewBox=\"0 0 512 512\"><path d=\"M512 256C512 397.4 397.4 512 256 512C114.6 512 0 397.4 0 256C0 114.6 114.6 0 256 0C397.4 0 512 114.6 512 256zM176 168V344C176 352.7 180.7 360.7 188.3 364.9C195.8 369.2 205.1 369 212.5 364.5L356.5 276.5C363.6 272.1 368 264.4 368 256C368 247.6 363.6 239.9 356.5 235.5L212.5 147.5C205.1 142.1 195.8 142.8 188.3 147.1C180.7 151.3 176 159.3 176 168V168z\" \/><\/symbol><use xlink:href=\"#play\" \/><\/svg><\/p>\n<div class=\"right\" readability=\"7\">\n<p>Selecci\u00f3n de Brasil<!-- --> &#8211;<!-- --> <span>20-2-2023<\/span><\/p>\n<h2 class=\"title-vid\">Preocupaci\u00f3n por Ney<\/h2>\n<\/div>\n<\/div>\n<p><span class=\"back\" id=\"spanBackundefinedM18KYoNQ\"><\/span><\/div>\n<div class=\"custom-text \" readability=\"40\">\n<p>En total, hasta el Mundial de Qatar de 2022, la lesi\u00f3n del quinto metatarsiano y el tobillo derecho lo marginaron de las canchas por 238 d\u00edas. En aquel momento, una fuente de la CBF <strong>confirm\u00f3 que exist\u00eda una conexi\u00f3n entre las fracturas y las lesiones del tobillo. Es que la base del quinto metatarsiano est\u00e1 cerca del tobillo y, a su vez, est\u00e1 conectada con los ligamentos del mismo tobillo.<\/strong><\/p>\n<\/div>\n<div class=\"custom-text \" readability=\"36\">\n<p>Adem\u00e1s, <strong>los m\u00e9dicos de la Confederaci\u00f3n sab\u00edan que Ney pod\u00eda volver a tener problemas en ese sector,<\/strong> m\u00e1s tomando en cuenta su estilo de juego y que suele ser el objetivo de las faltas de los rivales.<\/p>\n<\/div>\n<div class=\"sc-e6588e40-0 jMZSMl\">\n<div class=\"sc-e6588e40-1 ghdCia videoText\" id=\"contentTitleundefinedQyVMLtOC\" readability=\"56\"><svg fill=\"#ffffff\"><symbol id=\"play\" viewBox=\"0 0 512 512\"><path d=\"M512 256C512 397.4 397.4 512 256 512C114.6 512 0 397.4 0 256C0 114.6 114.6 0 256 0C397.4 0 512 114.6 512 256zM176 168V344C176 352.7 180.7 360.7 188.3 364.9C195.8 369.2 205.1 369 212.5 364.5L356.5 276.5C363.6 272.1 368 264.4 368 256C368 247.6 363.6 239.9 356.5 235.5L212.5 147.5C205.1 142.1 195.8 142.8 188.3 147.1C180.7 151.3 176 159.3 176 168V168z\" \/><\/symbol><use xlink:href=\"#play\" \/><\/svg><\/p>\n<div class=\"right\" readability=\"7\">\n<p>Selecci\u00f3n de Brasil<!-- --> &#8211;<!-- --> <span>20-2-2023<\/span><\/p>\n<h2 class=\"title-vid\">As\u00ed sali\u00f3 Neymar del estadio<\/h2>\n<\/div>\n<\/div>\n<p><span class=\"back\" id=\"spanBackundefinedQyVMLtOC\"><\/span><\/div>\n<div class=\"custom-text \" readability=\"38\">\n<p>El \u00faltimo antecedente fue justamente en Qatar 2022, cuando<strong> tuvo que dejar la cancha en el debut frente a Serbia por una entorsis de tobillo derecho.<\/strong> En esta oportunidad, la lesi\u00f3n de produjo luego de <strong>una dur\u00edsima patada por parte de Nikola Milenkovic.<\/strong> Ney no pudo estar ante Suiza y Camer\u00fan por la Fase de Grupos, pero <strong>reapareci\u00f3 ante Corea del Sur en los octavos de final y tambi\u00e9n disput\u00f3 los cuartos contra Croacia. <\/strong><\/p>\n<\/div>\n<div class=\"custom-text \" readability=\"35\">\n<p>Sin embargo, en su regreso a Par\u00eds, <strong>tuvo que descansar unos d\u00edas porque Galtier asegur\u00f3 que a\u00fan no estaba 100% recuperado de la lesi\u00f3n. <\/strong><\/p>\n<\/div>\n<div class=\"sc-e6588e40-0 jMZSMl\">\n<div class=\"sc-e6588e40-1 ghdCia videoText\" id=\"contentTitleundefinedUfJro5gh\"><svg fill=\"#ffffff\"><symbol id=\"play\" viewBox=\"0 0 512 512\"><path d=\"M512 256C512 397.4 397.4 512 256 512C114.6 512 0 397.4 0 256C0 114.6 114.6 0 256 0C397.4 0 512 114.6 512 256zM176 168V344C176 352.7 180.7 360.7 188.3 364.9C195.8 369.2 205.1 369 212.5 364.5L356.5 276.5C363.6 272.1 368 264.4 368 256C368 247.6 363.6 239.9 356.5 235.5L212.5 147.5C205.1 142.1 195.8 142.8 188.3 147.1C180.7 151.3 176 159.3 176 168V168z\" \/><\/symbol><use xlink:href=\"#play\" \/><\/svg><\/p>\n<div class=\"right\">\n<p>Neymar<!-- --> &#8211;<!-- --> <span>20-2-2023<\/span><\/p>\n<h2 class=\"title-vid\">La lesi\u00f3n de Neymar fue confirmada por el m\u00e9dico de la selecci\u00f3n brasile\u00f1a<\/h2>\n<\/div>\n<\/div>\n<p><span class=\"back\" id=\"spanBackundefinedUfJro5gh\"><\/span><\/div>\n","protected":false},"excerpt":{"rendered":"<p>Cuando s\u00f3lo se hab\u00edan disputado seis minutos del segundo tiempo frente al Lille, Neymar encendi\u00f3 las alarmas en el Parque de los Pr\u00edncipes. Ney pis\u00f3 mal en la mitad de cancha, se torci\u00f3 el tobillo derecho y qued\u00f3 tendido en el piso, muy dolorido. El brasile\u00f1o intent\u00f3 levantarse, pero no pudo caminar y tuvo que [&hellip;]<\/p>\n","protected":false},"author":1,"featured_media":55713,"comment_status":"open","ping_status":"closed","sticky":false,"template":"","format":"standard","meta":[],"categories":[16],"tags":[],"_links":{"self":[{"href":"http:\/\/hoycordobaweb.com\/index.php\/wp-json\/wp\/v2\/posts\/55712"}],"collection":[{"href":"http:\/\/hoycordobaweb.com\/index.php\/wp-json\/wp\/v2\/posts"}],"about":[{"href":"http:\/\/hoycordobaweb.com\/index.php\/wp-json\/wp\/v2\/types\/post"}],"author":[{"embeddable":true,"href":"http:\/\/hoycordobaweb.com\/index.php\/wp-json\/wp\/v2\/users\/1"}],"replies":[{"embeddable":true,"href":"http:\/\/hoycordobaweb.com\/index.php\/wp-json\/wp\/v2\/comments?post=55712"}],"version-history":[{"count":0,"href":"http:\/\/hoycordobaweb.com\/index.php\/wp-json\/wp\/v2\/posts\/55712\/revisions"}],"wp:featuredmedia":[{"embeddable":true,"href":"http:\/\/hoycordobaweb.com\/index.php\/wp-json\/wp\/v2\/media\/55713"}],"wp:attachment":[{"href":"http:\/\/hoycordobaweb.com\/index.php\/wp-json\/wp\/v2\/media?parent=55712"}],"wp:term":[{"taxonomy":"category","embeddable":true,"href":"http:\/\/hoycordobaweb.com\/index.php\/wp-json\/wp\/v2\/categories?post=55712"},{"taxonomy":"post_tag","embeddable":true,"href":"http:\/\/hoycordobaweb.com\/index.php\/wp-json\/wp\/v2\/tags?post=55712"}],"curies":[{"name":"wp","href":"https:\/\/api.w.org\/{rel}","templated":true}]}}