{"id":55690,"date":"2023-02-16T14:00:42","date_gmt":"2023-02-16T14:00:42","guid":{"rendered":"https:\/\/fono.fcm.unc.edu.ar\/?p=10270"},"modified":"2023-02-16T14:00:42","modified_gmt":"2023-02-16T14:00:42","slug":"60-aniversario-curso-de-postgrado-actualizaciones-fonoaudiologicas-en-la-intervencion-de-la-motricidad-orofacial","status":"publish","type":"post","link":"http:\/\/hoycordobaweb.com\/index.php\/2023\/02\/16\/60-aniversario-curso-de-postgrado-actualizaciones-fonoaudiologicas-en-la-intervencion-de-la-motricidad-orofacial\/","title":{"rendered":"60\u00b0 Aniversario \u2013 Curso de Postgrado: Actualizaciones Fonoaudiol\u00f3gicas en la intervenci\u00f3n de la Motricidad Orofacial"},"content":{"rendered":"<p><em><img loading=\"lazy\" class=\"alignright wp-image-10248 size-fusion-400\" src=\"https:\/\/fono.fcm.unc.edu.ar\/wp-content\/uploads\/sites\/14\/2023\/02\/Motricidad-Orofacial_historias_estados-400x711.png\" alt width=\"400\" height=\"711\" srcset=\"https:\/\/fono.fcm.unc.edu.ar\/wp-content\/uploads\/sites\/14\/2023\/02\/Motricidad-Orofacial_historias_estados-169x300.png 169w, https:\/\/fono.fcm.unc.edu.ar\/wp-content\/uploads\/sites\/14\/2023\/02\/Motricidad-Orofacial_historias_estados-200x356.png 200w, https:\/\/fono.fcm.unc.edu.ar\/wp-content\/uploads\/sites\/14\/2023\/02\/Motricidad-Orofacial_historias_estados-400x711.png 400w, https:\/\/fono.fcm.unc.edu.ar\/wp-content\/uploads\/sites\/14\/2023\/02\/Motricidad-Orofacial_historias_estados-576x1024.png 576w, https:\/\/fono.fcm.unc.edu.ar\/wp-content\/uploads\/sites\/14\/2023\/02\/Motricidad-Orofacial_historias_estados-600x1067.png 600w, https:\/\/fono.fcm.unc.edu.ar\/wp-content\/uploads\/sites\/14\/2023\/02\/Motricidad-Orofacial_historias_estados-768x1365.png 768w, https:\/\/fono.fcm.unc.edu.ar\/wp-content\/uploads\/sites\/14\/2023\/02\/Motricidad-Orofacial_historias_estados-800x1422.png 800w, https:\/\/fono.fcm.unc.edu.ar\/wp-content\/uploads\/sites\/14\/2023\/02\/Motricidad-Orofacial_historias_estados-864x1536.png 864w, https:\/\/fono.fcm.unc.edu.ar\/wp-content\/uploads\/sites\/14\/2023\/02\/Motricidad-Orofacial_historias_estados.png 1080w\" sizes=\"(max-width: 400px) 100vw, 400px\">Directora<\/em>: Prof. Lic. Lorena Baydas<\/p>\n<p><em>Co directora<\/em>: Prof. Lic. Monica Liliana Brizuela<\/p>\n<p><em>Secretaria Acad\u00e9mica<\/em>: Lic. Cintia Massagli<\/p>\n<p><em>Secretaria Administrativa<\/em>: Lic. Berenice Curt\u00f3<\/p>\n<p><em>Plantel docente:<\/em><\/p>\n<p>\u2013 Dra. Stella Maris Granatto<\/p>\n<p>-Lic. Lucia Infante<\/p>\n<p>-Lic. Gabriela Foroni<\/p>\n<p>-Lic. Miriam Quinteros<\/p>\n<p>-Prof. Lic. Cintia Masagli<\/p>\n<p>-Lic. Berenice Curt\u00f3<\/p>\n<p>-Odontopediatra: Gast\u00f3n Arceguet<\/p>\n<p><em>Actividad organizada por:&nbsp;<\/em><br \/>Asignatura de Motricidad Orofacial I y Motricidad Orofacial III ( Plan 2021) de la Licenciatura en Fonoaudiolog\u00eda. Escuela de Fonoaudiolog\u00eda. FCM. UNC.<\/p>\n<p><em>Destinatarios:<\/em><br \/>Doctores en Fonoaudiolog\u00eda, Licenciados en Fonoaudiolog\u00eda, Licenciados en Ciencias de la Educaci\u00f3n, otros<br \/>profesionales del Equipo de Salud, Fonoaudi\u00f3logos que acrediten al menos 5 a\u00f1os de egresados.<\/p>\n<p><em>Modalidad de cursado:<\/em><\/p>\n<p><em>H\u00edbrido<\/em>: se propone un modelo presencial y virtual<\/p>\n<p>Fechas previstas para encuentros: 22 abril, 20 mayo, 24 junio y 22 julio 2023<br \/>D\u00edas: s\u00e1bados<br \/>Horario: 9 a 13 y de 14 a 17 hs<br \/>Lugar: a trav\u00e9s de la plataforma MEET. Escuela de Fonoaudiolog\u00eda. FCM. UNC.<br \/>Carga Horaria Total: 30 horas<br \/>Horas Te\u00f3ricas: 20 horas<br \/>Horas Pr\u00e1cticas: 10 horas<\/p>\n<p><em>Espacio f\u00edsico y equipamiento:<\/em><br \/>Aula del Departamento Raquel Maurette de la EF, FCM, UNC.<br \/>Equipamiento provisto por la EF e instalado en el aula.<\/p>\n<p>Para consultas para m\u00e1s informaci\u00f3n comunicarse con&nbsp;Cintia Massagli<\/p>\n<p>Tel\u00e9fono: 351-6246317<\/p>\n<p>Correo electr\u00f3nico a:&nbsp;<a href=\"mailto:massaglicintia@gmail.com\">massaglicintia@gmail.com<\/a>&nbsp;o&nbsp; &nbsp;&nbsp;<a href=\"mailto:postgrado.motricidadorofacial@fono.fcm.unc.edu.ar\">postgrado.motricidadorofacial@fono.fcm.unc.edu.ar<\/a><\/p>\n","protected":false},"excerpt":{"rendered":"<p>Directora: Prof. Lic. Lorena Baydas Co directora: Prof. Lic. Monica Liliana Brizuela Secretaria Acad\u00e9mica: Lic. Cintia Massagli Secretaria Administrativa: Lic. Berenice Curt\u00f3 Plantel docente: \u2013 Dra. Stella Maris Granatto -Lic. Lucia Infante -Lic. Gabriela Foroni -Lic. Miriam Quinteros -Prof. Lic. Cintia Masagli -Lic. Berenice Curt\u00f3 -Odontopediatra: Gast\u00f3n Arceguet Actividad organizada por:&nbsp;Asignatura de Motricidad Orofacial I [&hellip;]<\/p>\n","protected":false},"author":1,"featured_media":0,"comment_status":"closed","ping_status":"closed","sticky":false,"template":"","format":"standard","meta":[],"categories":[1],"tags":[],"_links":{"self":[{"href":"http:\/\/hoycordobaweb.com\/index.php\/wp-json\/wp\/v2\/posts\/55690"}],"collection":[{"href":"http:\/\/hoycordobaweb.com\/index.php\/wp-json\/wp\/v2\/posts"}],"about":[{"href":"http:\/\/hoycordobaweb.com\/index.php\/wp-json\/wp\/v2\/types\/post"}],"author":[{"embeddable":true,"href":"http:\/\/hoycordobaweb.com\/index.php\/wp-json\/wp\/v2\/users\/1"}],"replies":[{"embeddable":true,"href":"http:\/\/hoycordobaweb.com\/index.php\/wp-json\/wp\/v2\/comments?post=55690"}],"version-history":[{"count":0,"href":"http:\/\/hoycordobaweb.com\/index.php\/wp-json\/wp\/v2\/posts\/55690\/revisions"}],"wp:attachment":[{"href":"http:\/\/hoycordobaweb.com\/index.php\/wp-json\/wp\/v2\/media?parent=55690"}],"wp:term":[{"taxonomy":"category","embeddable":true,"href":"http:\/\/hoycordobaweb.com\/index.php\/wp-json\/wp\/v2\/categories?post=55690"},{"taxonomy":"post_tag","embeddable":true,"href":"http:\/\/hoycordobaweb.com\/index.php\/wp-json\/wp\/v2\/tags?post=55690"}],"curies":[{"name":"wp","href":"https:\/\/api.w.org\/{rel}","templated":true}]}}