{"id":55658,"date":"2023-02-19T13:59:00","date_gmt":"2023-02-19T13:59:00","guid":{"rendered":"https:\/\/www.ole.com.ar\/futbol-internacional\/francia\/momento-exacto-lesion-tobillo-neymar-psg-vs-lille-foto-video_0_RC9sPQIl7N.html"},"modified":"2023-02-19T13:59:00","modified_gmt":"2023-02-19T13:59:00","slug":"foto-y-video-el-momento-exacto-de-la-lesion-de-neymar","status":"publish","type":"post","link":"http:\/\/hoycordobaweb.com\/index.php\/2023\/02\/19\/foto-y-video-el-momento-exacto-de-la-lesion-de-neymar\/","title":{"rendered":"Foto y video: el momento exacto de la lesi\u00f3n de Neymar"},"content":{"rendered":"<p><img src=\"http:\/\/hoycordobaweb.com\/wp-content\/uploads\/2023\/02\/foto-y-video-el-momento-exacto-de-la-lesion-de-neymar.jpg\"><\/p>\n<div class=\"custom-text \" readability=\"34.615384615385\">\n<p>El f\u00fatbol es un deporte de rachas. Donde lo an\u00edmico juega un rol fundamental en el rendimiento de los jugadores y los equipos. <strong>Y el <\/strong><a href=\"https:\/\/www.ole.com.ar\/tema\/paris-saint-germain.html\" title=\"Paris Saint Germain\" alt=\"Paris Saint Germain\" class=\"slug\"><strong>Par\u00eds Saint-Germain<\/strong><\/a><strong> est\u00e1 hundido en una crisis enorme<\/strong>. El inicio del 2023 est\u00e1 siendo realmente fat\u00eddico para el equipo de <a href=\"https:\/\/www.ole.com.ar\/tema\/lionel-messi.html\" title=\"Lionel Messi\" alt=\"Lionel Messi\" class=\"slug\">Messi<\/a>. Los dirigidos por Galtier cayeron en cinco de los 13 partidos que disputaron. Este domingo, en el triunfo ag\u00f3nico ante el Lille, perdieron a una de sus figuras. <a href=\"https:\/\/www.ole.com.ar\/tema\/neymar.html\" title=\"Neymar\" alt=\"Neymar\" class=\"slug\"><strong>Neymar<\/strong><\/a><strong> sali\u00f3 lesionado y se encienden las alarmas<\/strong>.<\/p>\n<\/div>\n<div class=\"sc-489cef11-0 jHGTKj\" readability=\"6\">\n<section readability=\"2\"><picture><img class=\"img\" src=\"http:\/\/hoycordobaweb.com\/wp-content\/uploads\/2023\/02\/foto-y-video-el-momento-exacto-de-la-lesion-de-neymar-2.jpg\" alt=\"Video: golazo de Mbapp\u00e9 y no-touch de Messi en el segundo de Neymar\" height=\"290\" width=\"290\" loading=\"lazy\"><\/picture>\n<p><span>Mir\u00e1 tambi\u00e9n<\/span><\/p>\n<hr>\n<h3>Video: golazo de Mbapp\u00e9 y no-touch de Messi en el segundo de Neymar<\/h3>\n<\/p>\n<\/section>\n<\/div>\n<div class=\"custom-text \" readability=\"33.205479452055\">\n<p>El PSG ten\u00eda una buena oportunidad ante Lille. Un triunfo pod\u00eda ser un punto de inflexi\u00f3n para tomar confianza y encarar lo que se viene. Pero fue m\u00e1s sufrido de lo esperado (4-3). El objetivo es la <a href=\"https:\/\/www.ole.com.ar\/tema\/champions-league.html\" title=\"Champions League\" alt=\"Champions League\" class=\"slug\">UEFA Champions League<\/a>, donde est\u00e1n comprometidos. El 8 de marzo se juega en el Allianz Arena el partido de vuelta de los octavos de final. <strong>Y el astro brasile\u00f1o podr\u00eda perderse este duelo clave ante el <\/strong><a href=\"https:\/\/www.ole.com.ar\/tema\/bayern-munich.html\" title=\"Bayern Munich\" alt=\"Bayern Munich\" class=\"slug\"><strong>Bayern Munich<\/strong><\/a><strong>. \u00bfQu\u00e9 le pas\u00f3?<\/strong><\/p>\n<\/div>\n<div class=\"sc-e6588e40-0 jMZSMl\">\n<div class=\"sc-e6588e40-1 ghdCia videoText\" id=\"contentTitleundefinedIaLEFgky\"><svg fill=\"#ffffff\"><symbol id=\"play\" viewBox=\"0 0 512 512\"><path d=\"M512 256C512 397.4 397.4 512 256 512C114.6 512 0 397.4 0 256C0 114.6 114.6 0 256 0C397.4 0 512 114.6 512 256zM176 168V344C176 352.7 180.7 360.7 188.3 364.9C195.8 369.2 205.1 369 212.5 364.5L356.5 276.5C363.6 272.1 368 264.4 368 256C368 247.6 363.6 239.9 356.5 235.5L212.5 147.5C205.1 142.1 195.8 142.8 188.3 147.1C180.7 151.3 176 159.3 176 168V168z\" \/><\/symbol><use xlink:href=\"#play\" \/><\/svg><\/p>\n<div class=\"right\">\n<p>Neymar<!-- --> &#8211;<!-- --> <span>19-2-2023<\/span><\/p>\n<h2 class=\"title-vid\">La lesi\u00f3n de Ney que lo dej\u00f3 afuera del partido<\/h2>\n<\/div>\n<\/div>\n<p><span class=\"back\" id=\"spanBackundefinedIaLEFgky\"><\/span><\/div>\n<div class=\"sc-489cef11-0 jHGTKj\" readability=\"6\">\n<section readability=\"2\"><picture><img class=\"img\" src=\"http:\/\/hoycordobaweb.com\/wp-content\/uploads\/2023\/02\/foto-y-video-el-momento-exacto-de-la-lesion-de-neymar-3.jpg\" alt=\"Golpazo: Neymar se lesion\u00f3 solo y sali\u00f3 en camilla\" height=\"290\" width=\"290\" loading=\"lazy\"><\/picture>\n<p><span>Mir\u00e1 tambi\u00e9n<\/span><\/p>\n<hr>\n<h3>Golpazo: Neymar se lesion\u00f3 solo y sali\u00f3 en camilla<\/h3>\n<\/p>\n<\/section>\n<\/div>\n<div class=\"custom-text \" readability=\"41\">\n<p><strong>Neymar no tiene respiro con las lesiones<\/strong>. El atacante de 31 a\u00f1os tuvo que salir reemplazado a los cinco minutos del complemento y en su lugar ingres\u00f3 Hugo Ekitike. Cuando reci\u00e9n arrancaba el segundo tiempo, Ney <strong>pis\u00f3 mal en mitad de cancha, se torci\u00f3 el tobillo y qued\u00f3 tendido en el piso<\/strong>, muy dolorido. El brasile\u00f1o intent\u00f3 levantarse, pero <strong>no pudo caminar y por eso tuvo que salir en camilla, tom\u00e1ndose la cara con las manos<\/strong>. As\u00ed de grave parece ser. Sobre todo si tenemos en cuenta que el golpe se da en el tobillo derecho, el cual lleva varias semanas caus\u00e1ndole problemas.<\/p>\n<\/div>\n<div class=\"sc-489cef11-0 jHGTKj\" readability=\"6\">\n<section readability=\"2\"><picture><img class=\"img\" src=\"http:\/\/hoycordobaweb.com\/wp-content\/uploads\/2023\/02\/foto-y-video-el-momento-exacto-de-la-lesion-de-neymar-4.jpg\" alt=\"Video: 1-0 avasallante de Mbapp\u00e9 y no-touch de Messi en el 2-0 de Neymar\" height=\"290\" width=\"290\" loading=\"lazy\"><\/picture>\n<p><span>Mir\u00e1 tambi\u00e9n<\/span><\/p>\n<hr>\n<h3>Video: 1-0 avasallante de Mbapp\u00e9 y no-touch de Messi en el 2-0 de Neymar<\/h3>\n<\/p>\n<\/section>\n<\/div>\n<p><h2><strong>LAS FOTOS DEL MOMENTO<\/strong><\/h2>\n<\/p>\n<div class=\"sc-996041c8-0 kvfKM\"><img alt=\"El momento exacto de la lesi\u00f3n de Neymar (Foto: AFP).\" src=\"http:\/\/hoycordobaweb.com\/wp-content\/uploads\/2023\/02\/foto-y-video-el-momento-exacto-de-la-lesion-de-neymar-5.jpg\" width=\"720\" height=\"0\" decoding=\"async\" data-nimg=\"future\" loading=\"lazy\"><span>El momento exacto de la lesi\u00f3n de Neymar (Foto: AFP).<\/span><\/div>\n<div class=\"sc-996041c8-0 kvfKM\"><img alt=\"El momento exacto de la lesi\u00f3n de Neymar (Foto: AP).\" src=\"http:\/\/hoycordobaweb.com\/wp-content\/uploads\/2023\/02\/foto-y-video-el-momento-exacto-de-la-lesion-de-neymar-6.jpg\" width=\"720\" height=\"0\" decoding=\"async\" data-nimg=\"future\" loading=\"lazy\"><span>El momento exacto de la lesi\u00f3n de Neymar (Foto: AP).<\/span><\/div>\n<div class=\"sc-996041c8-0 kvfKM\"><img alt=\"El momento exacto de la lesi\u00f3n de Neymar (Foto: AFP).\" src=\"http:\/\/hoycordobaweb.com\/wp-content\/uploads\/2023\/02\/foto-y-video-el-momento-exacto-de-la-lesion-de-neymar-7.jpg\" width=\"720\" height=\"0\" decoding=\"async\" data-nimg=\"future\" loading=\"lazy\"><span>El momento exacto de la lesi\u00f3n de Neymar (Foto: AFP).<\/span><\/div>\n<div class=\"sc-996041c8-0 kvfKM\"><img alt=\"El momento exacto de la lesi\u00f3n de Neymar (Foto: AP).\" src=\"http:\/\/hoycordobaweb.com\/wp-content\/uploads\/2023\/02\/foto-y-video-el-momento-exacto-de-la-lesion-de-neymar-8.jpg\" width=\"720\" height=\"0\" decoding=\"async\" data-nimg=\"future\" loading=\"lazy\"><span>El momento exacto de la lesi\u00f3n de Neymar (Foto: AP).<\/span><\/div>\n<div class=\"sc-489cef11-0 jHGTKj\" readability=\"6\">\n<section readability=\"2\"><picture><img class=\"img\" src=\"http:\/\/hoycordobaweb.com\/wp-content\/uploads\/2023\/02\/foto-y-video-el-momento-exacto-de-la-lesion-de-neymar-9.jpg\" alt=\"Otro gol de Funes Mori en M\u00e9xico: sue\u00f1a con la selecci\u00f3n y se acerca al goleador\" height=\"290\" width=\"290\" loading=\"lazy\"><\/picture>\n<p><span>Mir\u00e1 tambi\u00e9n<\/span><\/p>\n<hr>\n<h3>Otro gol de Funes Mori en M\u00e9xico: sue\u00f1a con la selecci\u00f3n y se acerca al goleador<\/h3>\n<\/p>\n<\/section>\n<\/div>\n<p><h2><strong>M\u00c1S PROBLEMAS PARA EL PSG<\/strong><\/h2>\n<\/p>\n<div class=\"custom-text \" readability=\"40\">\n<p>Todo apunta a que no podr\u00e1 estar en la revancha de Champions contra el Bayern Munich, el 8 de marzo en Alemania, y habr\u00e1 que ver el diagn\u00f3stico&#8230; <strong>Como antecedente reciente, Neymar sufri\u00f3 una lesi\u00f3n en ese mismo tobillo en el debut en el Mundial contra Serbia, y luego se qued\u00f3 afuera de toda la fase de grupos<\/strong>. Aquel 24 de noviembre, sufri\u00f3 una entorsis y fue reemplazado a los 35 de segundo tiempo.<\/p>\n<\/div>\n","protected":false},"excerpt":{"rendered":"<p>El f\u00fatbol es un deporte de rachas. Donde lo an\u00edmico juega un rol fundamental en el rendimiento de los jugadores y los equipos. Y el Par\u00eds Saint-Germain est\u00e1 hundido en una crisis enorme. El inicio del 2023 est\u00e1 siendo realmente fat\u00eddico para el equipo de Messi. Los dirigidos por Galtier cayeron en cinco de los [&hellip;]<\/p>\n","protected":false},"author":1,"featured_media":55659,"comment_status":"open","ping_status":"closed","sticky":false,"template":"","format":"standard","meta":[],"categories":[16],"tags":[],"_links":{"self":[{"href":"http:\/\/hoycordobaweb.com\/index.php\/wp-json\/wp\/v2\/posts\/55658"}],"collection":[{"href":"http:\/\/hoycordobaweb.com\/index.php\/wp-json\/wp\/v2\/posts"}],"about":[{"href":"http:\/\/hoycordobaweb.com\/index.php\/wp-json\/wp\/v2\/types\/post"}],"author":[{"embeddable":true,"href":"http:\/\/hoycordobaweb.com\/index.php\/wp-json\/wp\/v2\/users\/1"}],"replies":[{"embeddable":true,"href":"http:\/\/hoycordobaweb.com\/index.php\/wp-json\/wp\/v2\/comments?post=55658"}],"version-history":[{"count":0,"href":"http:\/\/hoycordobaweb.com\/index.php\/wp-json\/wp\/v2\/posts\/55658\/revisions"}],"wp:featuredmedia":[{"embeddable":true,"href":"http:\/\/hoycordobaweb.com\/index.php\/wp-json\/wp\/v2\/media\/55659"}],"wp:attachment":[{"href":"http:\/\/hoycordobaweb.com\/index.php\/wp-json\/wp\/v2\/media?parent=55658"}],"wp:term":[{"taxonomy":"category","embeddable":true,"href":"http:\/\/hoycordobaweb.com\/index.php\/wp-json\/wp\/v2\/categories?post=55658"},{"taxonomy":"post_tag","embeddable":true,"href":"http:\/\/hoycordobaweb.com\/index.php\/wp-json\/wp\/v2\/tags?post=55658"}],"curies":[{"name":"wp","href":"https:\/\/api.w.org\/{rel}","templated":true}]}}