{"id":55652,"date":"2023-02-17T14:44:38","date_gmt":"2023-02-17T14:44:38","guid":{"rendered":"https:\/\/ladecimaweb.com\/?p=16001"},"modified":"2023-02-17T14:44:38","modified_gmt":"2023-02-17T14:44:38","slug":"paicor-el-1-de-marzo-comenzara-la-entrega-de-kits-escolares","status":"publish","type":"post","link":"http:\/\/hoycordobaweb.com\/index.php\/2023\/02\/17\/paicor-el-1-de-marzo-comenzara-la-entrega-de-kits-escolares\/","title":{"rendered":"Paicor: el 1 de marzo comenzar\u00e1 la entrega de kits escolares"},"content":{"rendered":"<div class=\"boldgrid-section\">\n<div class=\"container\">\n<div class=\"row\">\n<div class=\"col-md-12 col-xs-12 col-sm-12\">\n<p class=\"\">Tal como ocurri\u00f3 en 2022, este a\u00f1o nuevamente el Gobierno de C\u00f3rdoba realizar\u00e1 la entrega de<span>&nbsp;<\/span><strong>kits escolares<span>&nbsp;<\/span><\/strong>para alumnos beneficiarios del Programa de Asistencia Integral de C\u00f3rdoba<span>&nbsp;<\/span><strong>(PAICor)<\/strong>.<\/p>\n<p>Adem\u00e1s de los kits, que alcanzan a estudiantes de todos los niveles, se entregar\u00e1n&nbsp;<strong>68 mil mochilas y cartucheras<\/strong>&nbsp;confeccionadas por trabajadores de la&nbsp;<strong>econom\u00eda popular<\/strong>&nbsp;a aquellos titulares de nivel primario que asisten a escuelas ubicadas en&nbsp;<strong>contextos de mayor vulnerabilidad social<\/strong>.<\/p>\n<p>Los kits escolares, adquiridos a trav\u00e9s de proveedores locales, est\u00e1n compuestos por todos los elementos necesarios para que los alumnos asistan a clases. &nbsp;<\/p>\n<p>Para instrumentar la distribuci\u00f3n,<strong>&nbsp;los directivos escolares ser\u00e1n los encargados de informar a las familias beneficiarias el cronograma<\/strong>&nbsp;para retirarlos.<em><span>&nbsp;<\/span><\/em>En C\u00f3rdoba y Gran C\u00f3rdoba, la entrega se extender\u00e1 durante 15 d\u00edas y en el resto del interior provincial hasta abril.<\/p>\n<p>Esta iniciativa provincial refuerza una de las pol\u00edticas sociales con mayor alcance en toda la provincia como es&nbsp;<strong>PAICor<\/strong>, a trav\u00e9s de la cual se asiste con alimentaci\u00f3n a<span>&nbsp;<\/span><strong>m\u00e1s de 310 mil alumnos y alumnas<\/strong><span>&nbsp;<\/span>para acompa\u00f1arlos en su desarrollo pleno y reforzar su permanencia en el sistema educativo formal.&nbsp;&nbsp;<\/p>\n<p>En este caso, para la compra de kits, mochilas y cartucheras, la Provincia realiz\u00f3 una<span>&nbsp;<\/span><strong>inversi\u00f3n total de 1226 millones de pesos.<\/strong><\/p>\n<figure class=\"wp-container-2 wp-block-gallery-1 wp-block-gallery has-nested-images columns-default is-cropped has-lightbox lightbox-0 \">\n<figure class=\"wp-block-image size-large\">\n<p class=\"mod-reset\"><img loading=\"lazy\" class=\"wp-image-537416\" src=\"http:\/\/hoycordobaweb.com\/wp-content\/uploads\/2023\/02\/paicor-el-1-de-marzo-comenzara-la-entrega-de-kits-escolares.jpg\" alt=\"\" width=\"1025\" height=\"573\" data-id=\"537416\"><\/p>\n<\/figure>\n<figure class=\"wp-block-image size-large\">\n<p class=\"mod-reset\"><img loading=\"lazy\" class=\"wp-image-537417\" src=\"http:\/\/hoycordobaweb.com\/wp-content\/uploads\/2023\/02\/paicor-el-1-de-marzo-comenzara-la-entrega-de-kits-escolares.png\" alt=\"\" width=\"903\" height=\"573\" data-id=\"537417\"><\/p>\n<\/figure>\n<\/figure>\n<\/div>\n<\/div>\n<\/div>\n<\/div>\n<p>La entrada <a rel=\"nofollow\" href=\"https:\/\/ladecimaweb.com\/paicor-el-1-de-marzo-comenzara-la-entrega-de-kits-escolares\/\">Paicor: el 1 de marzo comenzar\u00e1 la entrega de kits escolares<\/a> se public\u00f3 primero en <a rel=\"nofollow\" href=\"https:\/\/ladecimaweb.com\">LaDecima<\/a>.<\/p>\n","protected":false},"excerpt":{"rendered":"<p>Tal como ocurri\u00f3 en 2022, este a\u00f1o nuevamente el Gobierno de C\u00f3rdoba realizar\u00e1 la entrega de&nbsp;kits escolares&nbsp;para alumnos beneficiarios del Programa de Asistencia Integral de C\u00f3rdoba&nbsp;(PAICor). Adem\u00e1s de los kits, que alcanzan a estudiantes de todos los niveles, se entregar\u00e1n&nbsp;68 mil mochilas y cartucheras&nbsp;confeccionadas por trabajadores de la&nbsp;econom\u00eda popular&nbsp;a aquellos titulares de nivel primario que [&hellip;]<\/p>\n","protected":false},"author":1,"featured_media":55653,"comment_status":"closed","ping_status":"closed","sticky":false,"template":"","format":"standard","meta":[],"categories":[19],"tags":[],"_links":{"self":[{"href":"http:\/\/hoycordobaweb.com\/index.php\/wp-json\/wp\/v2\/posts\/55652"}],"collection":[{"href":"http:\/\/hoycordobaweb.com\/index.php\/wp-json\/wp\/v2\/posts"}],"about":[{"href":"http:\/\/hoycordobaweb.com\/index.php\/wp-json\/wp\/v2\/types\/post"}],"author":[{"embeddable":true,"href":"http:\/\/hoycordobaweb.com\/index.php\/wp-json\/wp\/v2\/users\/1"}],"replies":[{"embeddable":true,"href":"http:\/\/hoycordobaweb.com\/index.php\/wp-json\/wp\/v2\/comments?post=55652"}],"version-history":[{"count":0,"href":"http:\/\/hoycordobaweb.com\/index.php\/wp-json\/wp\/v2\/posts\/55652\/revisions"}],"wp:featuredmedia":[{"embeddable":true,"href":"http:\/\/hoycordobaweb.com\/index.php\/wp-json\/wp\/v2\/media\/55653"}],"wp:attachment":[{"href":"http:\/\/hoycordobaweb.com\/index.php\/wp-json\/wp\/v2\/media?parent=55652"}],"wp:term":[{"taxonomy":"category","embeddable":true,"href":"http:\/\/hoycordobaweb.com\/index.php\/wp-json\/wp\/v2\/categories?post=55652"},{"taxonomy":"post_tag","embeddable":true,"href":"http:\/\/hoycordobaweb.com\/index.php\/wp-json\/wp\/v2\/tags?post=55652"}],"curies":[{"name":"wp","href":"https:\/\/api.w.org\/{rel}","templated":true}]}}