{"id":5564,"date":"2020-11-19T19:00:44","date_gmt":"2020-11-19T19:00:44","guid":{"rendered":"https:\/\/www.espinof.com\/series-de-ficcion\/principe-bel-air-asi-fue-emotiva-reconciliacion-will-smith-janet-hubert-27-anos-enfrentados"},"modified":"2020-11-19T19:00:44","modified_gmt":"2020-11-19T19:00:44","slug":"el-principe-de-bel-air-asi-fue-la-emotiva-reconciliacion-entre-will-smith-y-janet-hubert-tras-27-anos-enfrentados","status":"publish","type":"post","link":"http:\/\/hoycordobaweb.com\/index.php\/2020\/11\/19\/el-principe-de-bel-air-asi-fue-la-emotiva-reconciliacion-entre-will-smith-y-janet-hubert-tras-27-anos-enfrentados\/","title":{"rendered":"&#8216;El pr\u00edncipe de Bel-Air&#8217;: as\u00ed fue la emotiva reconciliaci\u00f3n entre Will Smith y Janet Hubert tras 27 a\u00f1os enfrentados"},"content":{"rendered":"<div readability=\"66.778537990637\">\n<p>El esperado <a href=\"https:\/\/www.espinof.com\/trailers\/principe-bel-air-will-smith-lanza-trailer-fecha-estreno-episodio-especial-30-aniversario-serie\">episodio especial<\/a> de <a href=\"https:\/\/www.espinof.com\/series-de-ficcion\/el-principe-de-bel-air-nostalgia-tv\">&#8216;El pr\u00edncipe de Bel-Air&#8217;<\/a> se estrena hoy 19 de noviembre en HBO Max y en \u00e9l se repasan varias an\u00e9cdotas de la serie, pero est\u00e1 claro que lo que m\u00e1s curiosidad despertaba era el reencuentro entre <strong>Will Smith y Janet Hubert<\/strong>, la actriz que dio vida a la t\u00eda Viv original en las tres primeras temporadas de la sitcom.<\/p>\n<p><!-- BREAK 1 --><\/p>\n<h2>\u00abHa sido duro\u00bb<\/h2>\n<p>Seg\u00fan aclara <a href=\"https:\/\/www.ecartelera.com\/noticias\/will-smith-janet-hubert-reconcilian-27-anos-principe-bel-air-63022\/\">The Hollywood Reporter<\/a>, charla entre Hubert y Smith se produjo el d\u00eda anterior a la reuni\u00f3n con el resto del reparto y ella no tuvo dudas en se\u00f1alar que \u00ab<em>ha sido duro<\/em>\u00bb y que hab\u00eda perdido mucho como resultado de <a href=\"https:\/\/www.espinof.com\/series-de-ficcion\/principe-bel-air-will-smith-se-reconcilia-janet-hubert-27-anos-despues-despido-tia-viv-original\">la disputa que ambos actores mantuvieron durante casi tres d\u00e9cadas<\/a>, ya que la actriz recuerda que<strong> todo se torci\u00f3 cuando se qued\u00f3 embarazada mediada la tercera temporada<\/strong>:<\/p>\n<p><!-- BREAK 2 --> <\/p>\n<blockquote><p>Hab\u00eda muchas cosas sucediendo en mi vida y tambi\u00e9n en la de Will. La vida en casa no era buena en absoluto. Ya no me re\u00eda, ya no sonre\u00eda o bromeaba porque estaban pasando cosas que nadie sab\u00eda. El reparto no ten\u00eda ni idea de lo que estaba pasando.<\/p><\/blockquote>\n<p>Para complicarlo todo m\u00e1s, Hubert desvela que <strong>recibi\u00f3 una mala oferta para seguir en la serie y que se decidi\u00f3 cambiar de actriz tras rechazarla<\/strong>. Su marcha acab\u00f3 provocando que fuera ignorada en Hollywood, comentado lo siguiente a Smith: <em>\u00abMe hab\u00edan desterrado y ellos me dijeron que fuiste t\u00fa quien me desterr\u00f3 porque t\u00fa eras Will. Eras solo un cr\u00edo. Fue muy duro\u00bb<\/em><\/p>\n<p><!-- BREAK 3 --><\/p>\n<div class=\"article-asset article-asset-normal article-asset-center\">\n<div class=\"desvio-container\">\n<div class=\"desvio\">\n<div class=\"desvio-figure js-desvio-figure\"> <a href=\"https:\/\/www.espinof.com\/series-de-ficcion\/principe-bel-air-todas-claves-guerra-27-anos-will-smith-janet-hubert-que-ha-acabado-todo-pronostico\"> <img alt=\"'El pr\u00edncipe de Bel-Air': la historia de la guerra entre Will Smith y Janet Hubert que ha durado 27 a\u00f1os, con final inesperado\" src=\"http:\/\/hoycordobaweb.com\/wp-content\/uploads\/2020\/11\/el-principe-de-bel-air-asi-fue-la-emotiva-reconciliacion-entre-will-smith-y-janet-hubert-tras-27-anos-enfrentados.jpg\"> <\/a> <\/div><\/div><\/div>\n<\/div>\n<p>Por su parte, Smith no dud\u00f3 en disculparse por lo sucedido y en destacar que <strong>ahora que es padre har\u00edas las cosas de una forma diferente<\/strong>: \u00ab<em>Puedo ver c\u00f3mo hice el rodaje muy dif\u00edcil para Janet<\/em>\u00ab, ya que con 21 a\u00f1os \u00ab<em>todo era una amenaza<\/em>\u00bb para \u00e9l, comentando adem\u00e1s lo siguiente:<\/p>\n<p><!-- BREAK 4 --><\/p>\n<blockquote><p>Estaba cegado por el miedo, las bromas y la comedia. Ahora puedo ver el nivel de dolor y de dificultades que ten\u00edas que pasar simplemente por ir a trabajar cada d\u00eda.<\/p><\/blockquote>\n<p>Los problemas para Hubert fueron mucho m\u00e1s all\u00e1 de la serie, ya que ella recuerda que \u00ab<em>decir que una mujer negra es dif\u00edcil en Hollywood es un beso de la muerte y ya es suficientemente complicado ser una mujer con la piel oscura en este negocio<\/em>\u00ab, a lo que Smith replica lo siguiente:<\/p>\n<p><!-- BREAK 5 --><\/p>\n<blockquote><p>La persona que quiero ser es alguien que te protege, no alguien que libera los perros contra ti.<\/p><\/blockquote>\n<h2>Un final feliz<\/h2>\n<p>Todo se cierra con ambos<strong> pidi\u00e9ndose perd\u00f3n mutuamente<\/strong>, con Smith definiendo la charla como sanadora. Despu\u00e9s Hubert se re\u00fane con el resto del reparto, conociendo adem\u00e1s por primera vez a <strong>Daphne Reid<\/strong>, la actriz que tom\u00f3 el relevo como t\u00eda Viv en las otras tres temporadas de &#8216;El pr\u00edncipe de Bel-Air&#8217;.<\/p>\n<p><!-- BREAK 6 --><\/p>\n<p>Por el momento no se sabe d\u00f3nde o cu\u00e1ndo podremos ver el episodio en Espa\u00f1a.<\/p>\n<\/p><\/div>\n<div readability=\"19.139240506329\">\n<div class=\"article-social-share js-article-social-share m-in-links\" readability=\"26.963414634146\">\n<p> Compartir <q class=\"article-social-share-meta\"> &#8216;El pr\u00edncipe de Bel-Air&#8217;: as\u00ed fue la emotiva reconciliaci\u00f3n entre Will Smith y Janet Hubert tras 27 a\u00f1os enfrentados <\/q> <\/p>\n<\/p><\/div>\n<div class=\"article-topics-list\"> <span class=\"article-topic-desc\">Temas<\/span> <\/p>\n<ul class=\"article-topics-categories\">\n<li><a class=\"article-topic-link\" href=\"https:\/\/www.espinof.com\/categoria\/series-de-ficcion\">Series de ficci\u00f3n<\/a><\/li>\n<\/ul><\/div><\/div>\n","protected":false},"excerpt":{"rendered":"<p>El esperado episodio especial de &#8216;El pr\u00edncipe de Bel-Air&#8217; se estrena hoy 19 de noviembre en HBO Max y en \u00e9l se repasan varias an\u00e9cdotas de la serie, pero est\u00e1 claro que lo que m\u00e1s curiosidad despertaba era el reencuentro entre Will Smith y Janet Hubert, la actriz que dio vida a la t\u00eda Viv [&hellip;]<\/p>\n","protected":false},"author":1,"featured_media":5565,"comment_status":"open","ping_status":"closed","sticky":false,"template":"","format":"standard","meta":[],"categories":[1],"tags":[],"_links":{"self":[{"href":"http:\/\/hoycordobaweb.com\/index.php\/wp-json\/wp\/v2\/posts\/5564"}],"collection":[{"href":"http:\/\/hoycordobaweb.com\/index.php\/wp-json\/wp\/v2\/posts"}],"about":[{"href":"http:\/\/hoycordobaweb.com\/index.php\/wp-json\/wp\/v2\/types\/post"}],"author":[{"embeddable":true,"href":"http:\/\/hoycordobaweb.com\/index.php\/wp-json\/wp\/v2\/users\/1"}],"replies":[{"embeddable":true,"href":"http:\/\/hoycordobaweb.com\/index.php\/wp-json\/wp\/v2\/comments?post=5564"}],"version-history":[{"count":0,"href":"http:\/\/hoycordobaweb.com\/index.php\/wp-json\/wp\/v2\/posts\/5564\/revisions"}],"wp:featuredmedia":[{"embeddable":true,"href":"http:\/\/hoycordobaweb.com\/index.php\/wp-json\/wp\/v2\/media\/5565"}],"wp:attachment":[{"href":"http:\/\/hoycordobaweb.com\/index.php\/wp-json\/wp\/v2\/media?parent=5564"}],"wp:term":[{"taxonomy":"category","embeddable":true,"href":"http:\/\/hoycordobaweb.com\/index.php\/wp-json\/wp\/v2\/categories?post=5564"},{"taxonomy":"post_tag","embeddable":true,"href":"http:\/\/hoycordobaweb.com\/index.php\/wp-json\/wp\/v2\/tags?post=5564"}],"curies":[{"name":"wp","href":"https:\/\/api.w.org\/{rel}","templated":true}]}}