{"id":55630,"date":"2023-02-18T15:47:00","date_gmt":"2023-02-18T15:47:00","guid":{"rendered":"http:\/\/hoycordobaweb.com\/index.php\/2023\/02\/18\/vetusta-morla-el-rock-que-tiene-algo-para-decir\/"},"modified":"2023-02-18T15:47:00","modified_gmt":"2023-02-18T15:47:00","slug":"vetusta-morla-el-rock-que-tiene-algo-para-decir","status":"publish","type":"post","link":"http:\/\/hoycordobaweb.com\/index.php\/2023\/02\/18\/vetusta-morla-el-rock-que-tiene-algo-para-decir\/","title":{"rendered":"Vetusta Morla: el rock que tiene algo para decir"},"content":{"rendered":"<p><img src=\"http:\/\/hoycordobaweb.com\/wp-content\/uploads\/2023\/02\/vetusta-morla-el-rock-que-tiene-algo-para-decir.jpg\"><\/p>\n<figure class=\"mb-3\"><img loading=\"lazy\" src=\"http:\/\/hoycordobaweb.com\/wp-content\/uploads\/2023\/02\/vetusta-morla-el-rock-que-tiene-algo-para-decir-2.jpg\" width=\"100%\" height=\"100%\" alt=\"El grupo de rock Vetusta Morla una indita experiencia independiente de 25 aos en la escena espaola Foto prensa\"><figcaption> El grupo de rock Vetusta Morla, una in\u00e9dita experiencia independiente de 25 a\u00f1os en la escena espa\u00f1ola \/ Foto prensa. <\/figcaption><\/figure>\n<p>El grupo de rock Vetusta Morla, una in\u00e9dita experiencia independiente de 25 a\u00f1os en la escena espa\u00f1ola, inici\u00f3 el viernes por la noche en el porte\u00f1o Complejo C Art Media su gira 2023 con la que este domingo debutar\u00e1 en el Cosqu\u00edn Rock, poniendo el foco en su m\u00e1s reciente y sexto \u00e1lbum<strong> \u201cCable a tierra\u201d<\/strong> y ofrendando un recital poderoso.<\/p>\n<p>Ante unas 1.500 personas afines a la banda que llevaba un lustro sin presentarse en el pa\u00eds,<strong> el sexteto<\/strong> <strong>oriundo del municipio madrile\u00f1o de Tres Cantos <\/strong>reafirm\u00f3 en vivo el pulso denso y febril de una propuesta que ubica al rock como veh\u00edculo expresivo.<\/p>\n<p>Vetusta Morla ratific\u00f3 que utiliza al g\u00e9nero y su cultura para desplegar en su seno un discurso est\u00e9tico personal que ampl\u00eda las fronteras sonoras m\u00e1s habituales y que incluye un tratamiento l\u00edrico refinado e inquietante que da cuenta de este tiempo \u00e1spero y embriagador a la vez.<\/p>\n<p>Una docena de reflectores rojos encandilando al gent\u00edo parado bajo el escenario marc\u00f3 el inicio del concierto a las 21.40 y ese portentoso dispositivo lum\u00ednico capaz de iluminar, cegar, ambientar y regalar sombras funcion\u00f3 durante toda la velada como s\u00edntesis visual de lo que la banda sostuvo a partir de sus canciones.<\/p>\n<blockquote class><p>\u201cVolvimos para conectar m\u00e1s con los rituales que nos arrebataron y conectar con la humanidad que tanta falta nos hace. Conectar con la amistad, con la m\u00fasica, con la poes\u00eda y con el amor\u00bb<cite class=\"author\">Juan Pedro \u00abPucho\u00bb Mart\u00edn<\/cite><\/p><\/blockquote>\n<p>Sobre una base machacante sostenida entre las percusiones y las programaciones de Jorge Gonz\u00e1lez, la bater\u00eda del \u201cIndio\u201d David Garc\u00eda, los teclados y las guitarras de Juan Manuel Latorre y Guillermo Galv\u00e1n y el bajo de \u00c1lvaro B. Baglietto, la agrupaci\u00f3n tuvo en la voz y en la energ\u00eda de su cantante Juan Pedro \u00abPucho\u00bb Mart\u00edn al encargado de matizar esa bola de sonido.<\/p>\n<p>Agit\u00e1ndose como un junco casi al filo de abismarse entre la marea de seres, el int\u00e9rprete le puso escena y una diversa gama vocal a las historias siempre brumosas y urgentes que el conjunto asume en su ideario.<\/p>\n<p>\u201cVolvimos para conectar m\u00e1s con los rituales que nos arrebataron y conectar con la humanidad que tanta falta nos hace. Conectar con la amistad, con la m\u00fasica, con la poes\u00eda y con el amor. Bienvenidos, bienvenidas, bienvenides\u201d, salud\u00f3 el vocalista despu\u00e9s de un furioso inicio que atraves\u00f3 cinco diferentes estaciones.<\/p>\n<figure class=\"mb-3\"><img loading=\"lazy\" src=\"http:\/\/hoycordobaweb.com\/wp-content\/uploads\/2023\/02\/vetusta-morla-el-rock-que-tiene-algo-para-decir-3.jpg\" width=\"100%\" height=\"100%\" alt=\"Vetusta Morla inici en el porteo Complejo C Art Media su gira 2023 Foto prensa\"><figcaption> Vetusta Morla inici\u00f3 en el porte\u00f1o Complejo C Art Media su gira 2023 \/ Foto prensa. <\/figcaption><\/figure>\n<p><strong>El comienzo tuvo tres piezas <\/strong>de \u201cCable a tierra\u201d; \u201cPu\u00f1alada trapera\u201d (con su reiterado grito \u201cSomos carne de reemplazo\/imborrable es nuestro canto\u201d), \u201cLa virgen de la humanidad\u201d y \u201cNo ser\u00e9 yo\u201d y continu\u00f3 sin respiros con \u201cEl hombre del saco\u201d (de \u201cMapas\u201d, su \u00e1lbum de 2011) y el estupendo \u201cGolpe maestro\u201d (de \u201cLa deriva\u201d, placa fechada en 2014).<\/p>\n<p>Con el inmenso galp\u00f3n a punto de hervor como para desafiar el in\u00e9dito fr\u00edo de febrero en Buenos Aires, el conjunto sigui\u00f3 proponiendo un entramado conceptual en torno al repertorio de \u201cCable a tierra\u201d (2021).<\/p>\n<p>Latorre dijo a T\u00e9lam a finales de ese a\u00f1o sobre el concepto del entonces flamante disco que \u201c\u2019Cable a tierra\u2019 es una manera de retratarnos y de buscar ese folclore que hemos tenido que forjar como personas que por habitar en un contexto urbano estuvimos desprovistas de determinadas tradiciones culturales y sociales\u201d y tambi\u00e9n que \u201cen este caso se trat\u00f3 de pensar m\u00e1s en la canci\u00f3n popular. Condensar en frases relativamente sencillas una carga de profundidad importante\u201d.<\/p>\n<p>Y as\u00ed fue como las nuevas \u201cCoraz\u00f3n de lava\u201d y \u201cEl imperio del sol\u201d conectaron con \u201cMaldita dulzura\u201d (de \u201cMapas\u201d) en un viaje capaz de reunir a la tambi\u00e9n actual \u201cFinisterre\u201d con \u201cCopenhague\u201d (incluida en el volumen \u201cUn d\u00eda en el mundo\u201d, de 2008).<\/p>\n<figure class=\"mb-3\"><img loading=\"lazy\" src=\"http:\/\/hoycordobaweb.com\/wp-content\/uploads\/2023\/02\/vetusta-morla-el-rock-que-tiene-algo-para-decir-4.jpg\" width=\"100%\" height=\"100%\" alt=\"Foto prensa\"><figcaption> Foto prensa <\/figcaption><\/figure>\n<p>Con esa impronta donde ra\u00edces y electr\u00f3nica dialogaron en tensa ebullici\u00f3n, continu\u00f3 el esmerado repaso por \u201cCable a tierra\u201d (con \u201cAl final de la escapada\u201d, \u201cLa diana\u201d, \u201cPalabra es lo \u00fanico que tengo\u201d y \u201cSi te quiebras\u201d) con puentes tendidos a su antecesor, el atractivo \u201cMismo sitio, distinto lugar\u201d (2017), de la mano de t\u00edtulos como \u201c23 de junio\u201d, \u201cPalmeras en La Mancha\u201d y \u201cLa vieja escuela\u201d.<\/p>\n<p>La confluencia entre ambos repertorios descoll\u00f3 al momento de \u201cConsejo de sabios\u201d, canci\u00f3n que goz\u00f3 de repercusi\u00f3n local al sumar en su versi\u00f3n en vivo lanzada en septiembre pasado al rapero Wos, pero que en ese intercambio perdi\u00f3 su fenomenal remate: \u201cCaer\u00e1n los imperios, caer\u00e1n los estadios\/Pero antes tendr\u00e1n que caer nuestros santos\u201d.<\/p>\n<p>Con \u201cCuarteles de invierno\u201d (\u201cFue tan largo el duelo que al final\/Casi lo confundo con mi hogar) y \u201cLos d\u00edas raros\u201d (\u201cToca afinar, definir de un trazo&#8230;\/Sintonizar, reagrupar pedazos&#8230;\/En mi colecci\u00f3n de medallas y de ara\u00f1azos\u201d), dos obras caracter\u00edsticas del universo Vetusta Morla, la presentaci\u00f3n lleg\u00f3 a un final de honda comuni\u00f3n.<\/p>\n<p>La banda <strong>continuar\u00e1 su gira 2023 <\/strong>cuando el domingo desde las 17.10 se presente en el escenario Sur del Cosqu\u00edn Rock haciendo su debut en dicho encuentro como pr\u00f3logo a regresar a Espa\u00f1a donde tiene en agenda la participaci\u00f3n en otros 11 festivales.<\/p>\n<p>De uno u otro lado del Atl\u00e1ntico, Vetusta Morla demostr\u00f3 una vez m\u00e1s de qu\u00e9 manera se erige como una singular propuesta musical a partir de la lograda mistura entre pulso rockero, andar independiente e historias desgarradoras.<\/p>\n<figure class=\"mb-3\"><img loading=\"lazy\" src=\"http:\/\/hoycordobaweb.com\/wp-content\/uploads\/2023\/02\/vetusta-morla-el-rock-que-tiene-algo-para-decir-5.jpg\" width=\"100%\" height=\"100%\" alt=\"Foto prensa\"><figcaption> Foto prensa <\/figcaption><\/figure>\n<p><\/p>\n","protected":false},"excerpt":{"rendered":"<p>El grupo de rock Vetusta Morla, una in\u00e9dita experiencia independiente de 25 a\u00f1os en la escena espa\u00f1ola \/ Foto prensa. El grupo de rock Vetusta Morla, una in\u00e9dita experiencia independiente de 25 a\u00f1os en la escena espa\u00f1ola, inici\u00f3 el viernes por la noche en el porte\u00f1o Complejo C Art Media su gira 2023 con la [&hellip;]<\/p>\n","protected":false},"author":1,"featured_media":55631,"comment_status":"open","ping_status":"closed","sticky":false,"template":"","format":"standard","meta":[],"categories":[19],"tags":[],"_links":{"self":[{"href":"http:\/\/hoycordobaweb.com\/index.php\/wp-json\/wp\/v2\/posts\/55630"}],"collection":[{"href":"http:\/\/hoycordobaweb.com\/index.php\/wp-json\/wp\/v2\/posts"}],"about":[{"href":"http:\/\/hoycordobaweb.com\/index.php\/wp-json\/wp\/v2\/types\/post"}],"author":[{"embeddable":true,"href":"http:\/\/hoycordobaweb.com\/index.php\/wp-json\/wp\/v2\/users\/1"}],"replies":[{"embeddable":true,"href":"http:\/\/hoycordobaweb.com\/index.php\/wp-json\/wp\/v2\/comments?post=55630"}],"version-history":[{"count":0,"href":"http:\/\/hoycordobaweb.com\/index.php\/wp-json\/wp\/v2\/posts\/55630\/revisions"}],"wp:featuredmedia":[{"embeddable":true,"href":"http:\/\/hoycordobaweb.com\/index.php\/wp-json\/wp\/v2\/media\/55631"}],"wp:attachment":[{"href":"http:\/\/hoycordobaweb.com\/index.php\/wp-json\/wp\/v2\/media?parent=55630"}],"wp:term":[{"taxonomy":"category","embeddable":true,"href":"http:\/\/hoycordobaweb.com\/index.php\/wp-json\/wp\/v2\/categories?post=55630"},{"taxonomy":"post_tag","embeddable":true,"href":"http:\/\/hoycordobaweb.com\/index.php\/wp-json\/wp\/v2\/tags?post=55630"}],"curies":[{"name":"wp","href":"https:\/\/api.w.org\/{rel}","templated":true}]}}