{"id":55628,"date":"2023-02-18T15:56:00","date_gmt":"2023-02-18T15:56:00","guid":{"rendered":"http:\/\/hoycordobaweb.com\/index.php\/2023\/02\/18\/mazzina-respondio-los-dichos-de-pichetto-soy-mujer-lesbiana-feminista-y-ministra\/"},"modified":"2023-02-18T15:56:00","modified_gmt":"2023-02-18T15:56:00","slug":"mazzina-respondio-los-dichos-de-pichetto-soy-mujer-lesbiana-feminista-y-ministra","status":"publish","type":"post","link":"http:\/\/hoycordobaweb.com\/index.php\/2023\/02\/18\/mazzina-respondio-los-dichos-de-pichetto-soy-mujer-lesbiana-feminista-y-ministra\/","title":{"rendered":"Mazzina respondi\u00f3 los dichos de Pichetto: \u00abSoy mujer, lesbiana, feminista y ministra\u00bb"},"content":{"rendered":"<p><img src=\"http:\/\/hoycordobaweb.com\/wp-content\/uploads\/2023\/02\/mazzina-respondio-los-dichos-de-pichetto-soy-mujer-lesbiana-feminista-y-ministra.jpg\"><\/p>\n<figure class=\"mb-3\"><img loading=\"lazy\" src=\"http:\/\/hoycordobaweb.com\/wp-content\/uploads\/2023\/02\/mazzina-respondio-los-dichos-de-pichetto-soy-mujer-lesbiana-feminista-y-ministra-2.jpg\" width=\"100%\" height=\"100%\" alt=\"El Gobierno cuestion a Pichetto por sus dicho discriminatorios sobre Mazzina\"><figcaption> El Gobierno cuestion\u00f3 a Pichetto por sus dicho discriminatorios sobre Mazzina. <\/figcaption><\/figure>\n<p>La ministra de Mujeres, G\u00e9neros y Diversidad, Ayel\u00e9n Mazzina, sali\u00f3 al cruce de las declaraciones del auditor general de la Naci\u00f3n, Miguel \u00c1ngel Pichetto, quien afirm\u00f3 que \u00abpodr\u00edan haber puesto a una mujer\u00bb al frente de dicha cartera y lo invit\u00f3 a conversar sobre Educaci\u00f3n Sexual Integral (ESI).<\/p>\n<p>\u00abSoy mujer, lesbiana, feminista y Ministra de las Mujeres, G\u00e9neros y Diversidad de la Naci\u00f3n y lo invito a Pichetto a hablar de ESI cuando se sienta preparado\u00bb, public\u00f3 este s\u00e1bado la ministra a trav\u00e9s de su cuenta de Twitter.<\/p>\n<blockquote class=\"twitter-tweet\" readability=\"11.21974522293\">\n<p lang=\"es\" dir=\"ltr\">Soy mujer, lesbiana, feminista y Ministra de las Mujeres, G\u00e9neros y Diversidad de la Naci\u00f3n y lo invito a Pichetto a hablar de ESI cuando se sienta preparado.<\/p>\n<p>Mientras, las lesbianas viendo a Pichetto decir que no somos mujeres \ud83d\udc40 <a href=\"https:\/\/t.co\/yIPfw0tp7p\">pic.twitter.com\/yIPfw0tp7p<\/a><\/p>\n<p>\u2014 Ayel\u00e9n Mazzina (@AyelenMazzina) <a href=\"https:\/\/twitter.com\/AyelenMazzina\/status\/1626931039099662338?ref_src=twsrc%5Etfw\">February 18, 2023<\/a><\/p><\/blockquote>\n<p>La titular de la cartera de g\u00e9neros respondi\u00f3 de esta forma a los ataques de Pichetto, quien el viernes critic\u00f3 al ministerio que conduce Mazzina mientras se refer\u00eda al asesinato de Lucio Dupuy y dijo que no est\u00e1 comandado por una mujer, ya que es lesbiana.<\/p>\n<p>\u00ab(El Ministerio) est\u00e1 en manos de una chica que es lesbiana, que est\u00e1 bien. Yo creo en la libertad individual, creo en el derecho a la felicidad, vot\u00e9 todas las leyes de la igualdad. Pero si es Ministerio de la Mujer, podr\u00edan haber puesto a una mujer. Y podr\u00edan haber hecho una declaraci\u00f3n coherente\u00bb, dijo Pichetto anoche a LN+.<\/p>\n<p>Tras las fuertes cr\u00edticas que recibieron sus declaraciones, el auditor general se retract\u00f3 en sus redes sociales: \u00abAnte la tergiversaci\u00f3n de mis dichos en un programa televisivo, quiero aclarar que mi intenci\u00f3n fue denunciar que el Ministerio de la Mujer no repudi\u00f3 el asesinato de Lucio Dupuy por coincidir la orientaci\u00f3n sexual de la ministra con las de las perpetradoras del crimen\u00bb.<\/p>\n<p>Sin embargo, la ministra hab\u00eda repudiado el crimen y, en di\u00e1logo con T\u00e9lam, destac\u00f3 la necesidad de <a href=\"https:\/\/www.telam.com.ar\/notas\/202302\/618937-entrevista-ministra-mazzina-lucio-dupuy.html\" target=\"_blank\" rel=\"noopener noreferrer\">\u00abromper el silencio sobre las violencias hacia las infancias\u00bb<\/a>.<\/p>\n<figure class=\"mb-3\"><img loading=\"lazy\" src=\"http:\/\/hoycordobaweb.com\/wp-content\/uploads\/2023\/02\/mazzina-respondio-los-dichos-de-pichetto-soy-mujer-lesbiana-feminista-y-ministra-3.jpg\" width=\"100%\" height=\"100%\" alt=\"La titular de la cartera de Mujeres Gneros y Diversidad se refiri a los ataques del referente de Juntos por el Cambio\"><figcaption> La titular de la cartera de Mujeres, G\u00e9neros y Diversidad se refiri\u00f3 a los ataques del referente de Juntos por el Cambio. <\/figcaption><\/figure>\n<p>\u00abHoy estoy hablando de Lucio para romper el silencio sobre las violencias hacia las infancias, en un contexto de hostilidad, de discursos de odio, con una derecha que nos dificulta el debate p\u00fablico\u00bb, dijo la ministra en una entrevista exclusiva con esta agencia.<\/p>\n<p>La funcionaria breg\u00f3 para que \u00abno se pierda el foco, el eje de lo que est\u00e1 sucediendo. Hay que hablar de las violencias a las infancias, romper el silencio, no hay que renunciar a la palabra, y hacernos cargo que como sociedad, como adultos, y como Estado particularmente, lo que sucedi\u00f3 es un hecho aberrante\u00bb.<\/p>\n<div class=\"card col-md-10 offset-md-1 mb-4\">\n<h3 class=\"pt-2\">Relacionadas<\/h3>\n<\/p><\/div>\n<p><\/p>\n","protected":false},"excerpt":{"rendered":"<p>El Gobierno cuestion\u00f3 a Pichetto por sus dicho discriminatorios sobre Mazzina. La ministra de Mujeres, G\u00e9neros y Diversidad, Ayel\u00e9n Mazzina, sali\u00f3 al cruce de las declaraciones del auditor general de la Naci\u00f3n, Miguel \u00c1ngel Pichetto, quien afirm\u00f3 que \u00abpodr\u00edan haber puesto a una mujer\u00bb al frente de dicha cartera y lo invit\u00f3 a conversar sobre [&hellip;]<\/p>\n","protected":false},"author":1,"featured_media":55629,"comment_status":"open","ping_status":"closed","sticky":false,"template":"","format":"standard","meta":[],"categories":[19],"tags":[],"_links":{"self":[{"href":"http:\/\/hoycordobaweb.com\/index.php\/wp-json\/wp\/v2\/posts\/55628"}],"collection":[{"href":"http:\/\/hoycordobaweb.com\/index.php\/wp-json\/wp\/v2\/posts"}],"about":[{"href":"http:\/\/hoycordobaweb.com\/index.php\/wp-json\/wp\/v2\/types\/post"}],"author":[{"embeddable":true,"href":"http:\/\/hoycordobaweb.com\/index.php\/wp-json\/wp\/v2\/users\/1"}],"replies":[{"embeddable":true,"href":"http:\/\/hoycordobaweb.com\/index.php\/wp-json\/wp\/v2\/comments?post=55628"}],"version-history":[{"count":0,"href":"http:\/\/hoycordobaweb.com\/index.php\/wp-json\/wp\/v2\/posts\/55628\/revisions"}],"wp:featuredmedia":[{"embeddable":true,"href":"http:\/\/hoycordobaweb.com\/index.php\/wp-json\/wp\/v2\/media\/55629"}],"wp:attachment":[{"href":"http:\/\/hoycordobaweb.com\/index.php\/wp-json\/wp\/v2\/media?parent=55628"}],"wp:term":[{"taxonomy":"category","embeddable":true,"href":"http:\/\/hoycordobaweb.com\/index.php\/wp-json\/wp\/v2\/categories?post=55628"},{"taxonomy":"post_tag","embeddable":true,"href":"http:\/\/hoycordobaweb.com\/index.php\/wp-json\/wp\/v2\/tags?post=55628"}],"curies":[{"name":"wp","href":"https:\/\/api.w.org\/{rel}","templated":true}]}}