{"id":55624,"date":"2023-02-18T15:00:34","date_gmt":"2023-02-18T15:00:34","guid":{"rendered":"https:\/\/www.trendencias.com\/tendencias\/tres-faldas-sfera-que-estan-arrasando-tiendas-haran-instagram"},"modified":"2023-02-18T15:00:34","modified_gmt":"2023-02-18T15:00:34","slug":"las-tres-faldas-de-sfera-que-ya-estan-arrasando-en-tiendas-y-lo-haran-en-instagram","status":"publish","type":"post","link":"http:\/\/hoycordobaweb.com\/index.php\/2023\/02\/18\/las-tres-faldas-de-sfera-que-ya-estan-arrasando-en-tiendas-y-lo-haran-en-instagram\/","title":{"rendered":"Las tres faldas de Sfera que ya est\u00e1n arrasando en tiendas y lo har\u00e1n en Instagram"},"content":{"rendered":"<p>Las faldas se han convertido en una prenda imprescindible de nuestro armario y la mejor alternativa al pantal\u00f3n y al vestido. Faldas fruncidas, plisadas, de punto, de polipiel&#8230; son los modelos de tendencia. Dise\u00f1os c\u00f3modos, vers\u00e1tiles y los que m\u00e1s vamos a ver en el <em>street-style<\/em> esta temporada.<\/p>\n<p><!-- BREAK 1 --><\/p>\n<p>Lo mejor de las <a href=\"https:\/\/moda.trendencias.com\/tag\/faldas\">faldas es que son muy f\u00e1ciles de combinar <\/a>con todo tipo de calzado botas, botines, bailarinas y zapatillas, o camiseta, camisa y jersey, y una de las prendas m\u00e1s ideales para lucir durante la temporada de entretiempo.<\/p>\n<p><!-- BREAK 2 --> <\/p>\n<div class=\"article-asset article-asset-normal article-asset-center\">\n<div class=\"desvio-container\">\n<div class=\"desvio\">\n<div class=\"desvio-figure js-desvio-figure\"> <a href=\"https:\/\/www.trendencias.com\/vestidos\/tres-vestidos-sfera-que-se-van-a-convertir-vendidos\"> <img alt=\"Los tres vestidos de Sfera que se van a convertir en los m\u00e1s vendidos de esta primavera\" src=\"http:\/\/hoycordobaweb.com\/wp-content\/uploads\/2023\/02\/las-tres-faldas-de-sfera-que-ya-estan-arrasando-en-tiendas-y-lo-haran-en-instagram.jpg\"> <\/a> <\/div><\/div><\/div>\n<\/div>\n<p><a href=\"https:\/\/www.trendencias.com\/tag\/sfera\">Sfera,<\/a> como cada semana, nos sorprende con nuevas prendas pertenecientes a la colecci\u00f3n primavera 2023. Modelos ideales que ya tenemos fichados para renovar nuestro armario. Y esta semana nos hemos fijado en tres faldas de lo m\u00e1s cool. Tres modelos de diferentes estilos que te van a enamorar.<\/p>\n<p><!-- BREAK 3 --><\/p>\n<div class=\"article-asset-image article-asset-normal article-asset-center\">\n<div class=\"asset-content\">\n<div class=\"base-wrapper-image\"> <img class=\"sf-lazy centro_sinmarco\" data-sf-srcset=\"http:\/\/hoycordobaweb.com\/wp-content\/uploads\/2023\/02\/las-tres-faldas-de-sfera-que-ya-estan-arrasando-en-tiendas-y-lo-haran-en-instagram-1.jpg 450w, http:\/\/hoycordobaweb.com\/wp-content\/uploads\/2023\/02\/las-tres-faldas-de-sfera-que-ya-estan-arrasando-en-tiendas-y-lo-haran-en-instagram-8.jpg 681w,http:\/\/hoycordobaweb.com\/wp-content\/uploads\/2023\/02\/las-tres-faldas-de-sfera-que-ya-estan-arrasando-en-tiendas-y-lo-haran-en-instagram-9.jpg 1024w, http:\/\/hoycordobaweb.com\/wp-content\/uploads\/2023\/02\/las-tres-faldas-de-sfera-que-ya-estan-arrasando-en-tiendas-y-lo-haran-en-instagram-10.jpg 1366w,\" data-sf-src=\"http:\/\/hoycordobaweb.com\/wp-content\/uploads\/2023\/02\/las-tres-faldas-de-sfera-que-ya-estan-arrasando-en-tiendas-y-lo-haran-en-instagram-1.jpg\" alt=\"falda de sfera\"> <noscript><img alt=\"falda de sfera\" class=\"centro_sinmarco\" src=\"http:\/\/hoycordobaweb.com\/wp-content\/uploads\/2023\/02\/las-tres-faldas-de-sfera-que-ya-estan-arrasando-en-tiendas-y-lo-haran-en-instagram-1.jpg\"><\/noscript> <\/div><\/div>\n<\/div>\n<p>Falda midi con detalle de volante troquelado en color beige, disponible tambi\u00e9n en color negro.<\/p>\n<p><!-- PIVOT START --><\/p>\n<div class=\"pivot-ecommerce-container\">\n<div class=\"pivot-ecommerce\" readability=\"4.1194029850746\">\n<div class=\"pivot-ecommerce-figure\"> <a href=\"https:\/\/www.sfera.com\/es\/coleccion-mujer\/vestidos-y-faldas\/316671q\/00707\/\"> <img alt=\"Falda ideal para lucir tambi\u00e9n como invitada\" src=\"http:\/\/hoycordobaweb.com\/wp-content\/uploads\/2023\/02\/las-tres-faldas-de-sfera-que-ya-estan-arrasando-en-tiendas-y-lo-haran-en-instagram-2.jpg\"> <\/a> <\/div>\n<div class=\"pivot-ecommerce-summary\" readability=\"4.8059701492537\">\n<p class=\"pivot-ecommerce-desc\">Falda ideal para lucir tambi\u00e9n como invitada<\/p>\n<\/p><\/div><\/div>\n<\/div>\n<p><!-- PIVOT END --><\/p>\n<div class=\"article-asset-image article-asset-normal article-asset-center\">\n<div class=\"asset-content\">\n<div class=\"base-wrapper-image\"> <img class=\"sf-lazy centro_sinmarco\" data-sf-srcset=\"http:\/\/hoycordobaweb.com\/wp-content\/uploads\/2023\/02\/las-tres-faldas-de-sfera-que-ya-estan-arrasando-en-tiendas-y-lo-haran-en-instagram-3.jpg 450w, http:\/\/hoycordobaweb.com\/wp-content\/uploads\/2023\/02\/las-tres-faldas-de-sfera-que-ya-estan-arrasando-en-tiendas-y-lo-haran-en-instagram-11.jpg 681w,http:\/\/hoycordobaweb.com\/wp-content\/uploads\/2023\/02\/las-tres-faldas-de-sfera-que-ya-estan-arrasando-en-tiendas-y-lo-haran-en-instagram-12.jpg 1024w, http:\/\/hoycordobaweb.com\/wp-content\/uploads\/2023\/02\/las-tres-faldas-de-sfera-que-ya-estan-arrasando-en-tiendas-y-lo-haran-en-instagram-13.jpg 1366w,\" data-sf-src=\"http:\/\/hoycordobaweb.com\/wp-content\/uploads\/2023\/02\/las-tres-faldas-de-sfera-que-ya-estan-arrasando-en-tiendas-y-lo-haran-en-instagram-3.jpg\" alt=\"falda de sfera\"> <noscript><img alt=\"falda de sfera\" class=\"centro_sinmarco\" src=\"http:\/\/hoycordobaweb.com\/wp-content\/uploads\/2023\/02\/las-tres-faldas-de-sfera-que-ya-estan-arrasando-en-tiendas-y-lo-haran-en-instagram-3.jpg\"><\/noscript> <\/div><\/div>\n<\/div>\n<p>Mini falda blanca acolchada con detalles de tachuela doradas, f\u00e1cil de combinar y lucir un look fant\u00e1stico de primavera.<\/p>\n<p><!-- BREAK 4 --><!-- PIVOT START --><\/p>\n<div class=\"pivot-ecommerce-container\">\n<div class=\"pivot-ecommerce\">\n<div class=\"pivot-ecommerce-figure\"> <a href=\"https:\/\/www.sfera.com\/es\/coleccion-mujer\/vestidos-y-faldas\/26d27c5\/01041\/\"> <img alt=\"Mini falda con tachas\" src=\"http:\/\/hoycordobaweb.com\/wp-content\/uploads\/2023\/02\/las-tres-faldas-de-sfera-que-ya-estan-arrasando-en-tiendas-y-lo-haran-en-instagram-4.jpg\"> <\/a> <\/div>\n<div class=\"pivot-ecommerce-summary\">\n<p class=\"pivot-ecommerce-desc\">Mini falda con tachas<\/p>\n<\/p><\/div><\/div>\n<\/div>\n<p><!-- PIVOT END --><\/p>\n<div class=\"article-asset-image article-asset-normal article-asset-center\">\n<div class=\"asset-content\">\n<div class=\"base-wrapper-image\"> <img class=\"sf-lazy centro_sinmarco\" data-sf-srcset=\"http:\/\/hoycordobaweb.com\/wp-content\/uploads\/2023\/02\/las-tres-faldas-de-sfera-que-ya-estan-arrasando-en-tiendas-y-lo-haran-en-instagram-5.jpg 450w, http:\/\/hoycordobaweb.com\/wp-content\/uploads\/2023\/02\/las-tres-faldas-de-sfera-que-ya-estan-arrasando-en-tiendas-y-lo-haran-en-instagram-14.jpg 681w,http:\/\/hoycordobaweb.com\/wp-content\/uploads\/2023\/02\/las-tres-faldas-de-sfera-que-ya-estan-arrasando-en-tiendas-y-lo-haran-en-instagram-15.jpg 1024w, http:\/\/hoycordobaweb.com\/wp-content\/uploads\/2023\/02\/las-tres-faldas-de-sfera-que-ya-estan-arrasando-en-tiendas-y-lo-haran-en-instagram-16.jpg 1366w,\" data-sf-src=\"http:\/\/hoycordobaweb.com\/wp-content\/uploads\/2023\/02\/las-tres-faldas-de-sfera-que-ya-estan-arrasando-en-tiendas-y-lo-haran-en-instagram-5.jpg\" alt=\"falda de sfera\"> <noscript><img alt=\"falda de sfera\" class=\"centro_sinmarco\" src=\"http:\/\/hoycordobaweb.com\/wp-content\/uploads\/2023\/02\/las-tres-faldas-de-sfera-que-ya-estan-arrasando-en-tiendas-y-lo-haran-en-instagram-5.jpg\"><\/noscript> <\/div><\/div>\n<\/div>\n<p>Mini falda efecto piel con corte delante, un modelo setentero de color amarilla. Un modelo ideal para combinar con blanco o negro y tambi\u00e9n con su blazer a juego, un dos piezas ideal.<\/p>\n<p><!-- BREAK 5 --><!-- PIVOT START --><\/p>\n<div class=\"pivot-ecommerce-container\">\n<div class=\"pivot-ecommerce\" readability=\"3.9677419354839\">\n<div class=\"pivot-ecommerce-figure\"> <a href=\"https:\/\/www.sfera.com\/es\/coleccion-mujer\/vestidos-y-faldas\/mini-efecto-piel-31d27d1\/01165\/\"> <img alt=\"Mini falda efecto piel y de cintura alta\" src=\"http:\/\/hoycordobaweb.com\/wp-content\/uploads\/2023\/02\/las-tres-faldas-de-sfera-que-ya-estan-arrasando-en-tiendas-y-lo-haran-en-instagram-6.jpg\"> <\/a> <\/div>\n<div class=\"pivot-ecommerce-summary\" readability=\"4.6290322580645\">\n<p class=\"pivot-ecommerce-desc\">Mini falda efecto piel y de cintura alta<\/p>\n<\/p><\/div><\/div>\n<\/div>\n<p><!-- PIVOT END --><\/p>\n<p>Fotos | Sfera<\/p>\n","protected":false},"excerpt":{"rendered":"<p>Las faldas se han convertido en una prenda imprescindible de nuestro armario y la mejor alternativa al pantal\u00f3n y al vestido. Faldas fruncidas, plisadas, de punto, de polipiel&#8230; son los modelos de tendencia. Dise\u00f1os c\u00f3modos, vers\u00e1tiles y los que m\u00e1s vamos a ver en el street-style esta temporada. Lo mejor de las faldas es que [&hellip;]<\/p>\n","protected":false},"author":1,"featured_media":55625,"comment_status":"closed","ping_status":"closed","sticky":false,"template":"","format":"standard","meta":[],"categories":[1],"tags":[],"_links":{"self":[{"href":"http:\/\/hoycordobaweb.com\/index.php\/wp-json\/wp\/v2\/posts\/55624"}],"collection":[{"href":"http:\/\/hoycordobaweb.com\/index.php\/wp-json\/wp\/v2\/posts"}],"about":[{"href":"http:\/\/hoycordobaweb.com\/index.php\/wp-json\/wp\/v2\/types\/post"}],"author":[{"embeddable":true,"href":"http:\/\/hoycordobaweb.com\/index.php\/wp-json\/wp\/v2\/users\/1"}],"replies":[{"embeddable":true,"href":"http:\/\/hoycordobaweb.com\/index.php\/wp-json\/wp\/v2\/comments?post=55624"}],"version-history":[{"count":0,"href":"http:\/\/hoycordobaweb.com\/index.php\/wp-json\/wp\/v2\/posts\/55624\/revisions"}],"wp:featuredmedia":[{"embeddable":true,"href":"http:\/\/hoycordobaweb.com\/index.php\/wp-json\/wp\/v2\/media\/55625"}],"wp:attachment":[{"href":"http:\/\/hoycordobaweb.com\/index.php\/wp-json\/wp\/v2\/media?parent=55624"}],"wp:term":[{"taxonomy":"category","embeddable":true,"href":"http:\/\/hoycordobaweb.com\/index.php\/wp-json\/wp\/v2\/categories?post=55624"},{"taxonomy":"post_tag","embeddable":true,"href":"http:\/\/hoycordobaweb.com\/index.php\/wp-json\/wp\/v2\/tags?post=55624"}],"curies":[{"name":"wp","href":"https:\/\/api.w.org\/{rel}","templated":true}]}}