{"id":55600,"date":"2023-02-17T23:38:00","date_gmt":"2023-02-17T23:38:00","guid":{"rendered":"https:\/\/ladecimaweb.com\/?p=16010"},"modified":"2023-02-17T23:38:00","modified_gmt":"2023-02-17T23:38:00","slug":"tarjeta-social-el-jueves-se-acredita-el-monto-de-febrero","status":"publish","type":"post","link":"http:\/\/hoycordobaweb.com\/index.php\/2023\/02\/17\/tarjeta-social-el-jueves-se-acredita-el-monto-de-febrero\/","title":{"rendered":"Tarjeta Social: el jueves se acredita el monto de febrero"},"content":{"rendered":"<div class=\"boldgrid-section\">\n<div class=\"container\">\n<div class=\"row\">\n<div class=\"col-md-12 col-xs-12 col-sm-12\">\n<p class=\"\">El Ministerio de Desarrollo Social informa que el jueves 23 se acreditar\u00e1 el monto a beneficiarios de la Tarjeta Social, correspondiente a febrero.<\/p>\n<p>La acreditaci\u00f3n estar\u00e1 disponible para todos los beneficiarios, tanto de Capital como del interior provincial, y tambi\u00e9n las personas mayores.<\/p>\n<p>Vale destacar que el monto es de 10.000 pesos y los beneficiarios tendr\u00e1n tiempo hasta el 31 de marzo inclusive para agotar el saldo.<\/p>\n<p>Tarjeta Social es un programa del Gobierno de C\u00f3rdoba que permite comprar alimentos para cubrir necesidades b\u00e1sicas a las familias cordobesas que se encuentran por debajo de la l\u00ednea de indigencia.<\/p>\n<p class=\"\">Con esta asistencia econ\u00f3mica, las 45.361 familias beneficiarias pueden adquirir los alimentos en comercios adheridos que dispongan de sistema de posnet o pago electr\u00f3nico ligado a Bancor.<\/p>\n<p class=\"\">Consultas: de lunes a viernes, de 8 a 18, al 0800-555-8555 del Ministerio de Desarrollo Social.<\/p>\n<p class=\"\">&nbsp;<\/p>\n<p class=\"\">\n<div class=\"ubm_banner\"><a href=\"https:\/\/www.cba.gov.ar\" target=\"_blank\" rel=\"dofollow noopener noreferrer\"><img src=\"http:\/\/hoycordobaweb.com\/wp-content\/uploads\/2023\/02\/tarjeta-social-el-jueves-se-acredita-el-monto-de-febrero.gif\" alt=\"\"><\/a><\/div>\n<\/div>\n<\/div>\n<\/div>\n<\/div>\n<p>La entrada <a rel=\"nofollow\" href=\"https:\/\/ladecimaweb.com\/tarjeta-social-el-jueves-se-acredita-el-monto-de-febrero\/\">Tarjeta Social: el jueves se acredita el monto de febrero<\/a> se public\u00f3 primero en <a rel=\"nofollow\" href=\"https:\/\/ladecimaweb.com\">LaDecima<\/a>.<\/p>\n","protected":false},"excerpt":{"rendered":"<p>El Ministerio de Desarrollo Social informa que el jueves 23 se acreditar\u00e1 el monto a beneficiarios de la Tarjeta Social, correspondiente a febrero. La acreditaci\u00f3n estar\u00e1 disponible para todos los beneficiarios, tanto de Capital como del interior provincial, y tambi\u00e9n las personas mayores. Vale destacar que el monto es de 10.000 pesos y los beneficiarios [&hellip;]<\/p>\n","protected":false},"author":1,"featured_media":55601,"comment_status":"closed","ping_status":"closed","sticky":false,"template":"","format":"standard","meta":[],"categories":[19],"tags":[],"_links":{"self":[{"href":"http:\/\/hoycordobaweb.com\/index.php\/wp-json\/wp\/v2\/posts\/55600"}],"collection":[{"href":"http:\/\/hoycordobaweb.com\/index.php\/wp-json\/wp\/v2\/posts"}],"about":[{"href":"http:\/\/hoycordobaweb.com\/index.php\/wp-json\/wp\/v2\/types\/post"}],"author":[{"embeddable":true,"href":"http:\/\/hoycordobaweb.com\/index.php\/wp-json\/wp\/v2\/users\/1"}],"replies":[{"embeddable":true,"href":"http:\/\/hoycordobaweb.com\/index.php\/wp-json\/wp\/v2\/comments?post=55600"}],"version-history":[{"count":0,"href":"http:\/\/hoycordobaweb.com\/index.php\/wp-json\/wp\/v2\/posts\/55600\/revisions"}],"wp:featuredmedia":[{"embeddable":true,"href":"http:\/\/hoycordobaweb.com\/index.php\/wp-json\/wp\/v2\/media\/55601"}],"wp:attachment":[{"href":"http:\/\/hoycordobaweb.com\/index.php\/wp-json\/wp\/v2\/media?parent=55600"}],"wp:term":[{"taxonomy":"category","embeddable":true,"href":"http:\/\/hoycordobaweb.com\/index.php\/wp-json\/wp\/v2\/categories?post=55600"},{"taxonomy":"post_tag","embeddable":true,"href":"http:\/\/hoycordobaweb.com\/index.php\/wp-json\/wp\/v2\/tags?post=55600"}],"curies":[{"name":"wp","href":"https:\/\/api.w.org\/{rel}","templated":true}]}}