{"id":5560,"date":"2020-11-19T15:03:27","date_gmt":"2020-11-19T15:03:27","guid":{"rendered":"http:\/\/enfermeria.fcm.unc.edu.ar\/?p=2870"},"modified":"2020-11-19T15:03:27","modified_gmt":"2020-11-19T15:03:27","slug":"practicas-especificas-de-la-catedra-de-enfermeria-infanto-juvenil","status":"publish","type":"post","link":"http:\/\/hoycordobaweb.com\/index.php\/2020\/11\/19\/practicas-especificas-de-la-catedra-de-enfermeria-infanto-juvenil\/","title":{"rendered":"Pr\u00e1cticas Espec\u00edficas de la C\u00e1tedra de Enfermer\u00eda Infanto Juvenil\u00a0"},"content":{"rendered":"<p>Algunas imagenes representativas de Estudiantes que participaron de las pr\u00e1cticas en los centros de testeo COVID 19.<\/p>\n<p>Valioso desempe\u00f1o de los Equipos de Estudiantes que estuvier\u00f3n en C\u00f3rdoba Capital y Localidades pr\u00f3ximas, representando a la Escuela de Enfermer\u00eda FCM UNC. \ud83c\udde6\ud83c\uddf7<img class=\"CToWUd\" src=\"https:\/\/mail.google.com\/mail\/e\/1f44f\" alt=\"\ud83d\udc4f\" data-goomoji=\"1f44f\" data-image-whitelisted><img class=\"CToWUd\" src=\"https:\/\/mail.google.com\/mail\/e\/1f44f\" alt=\"\ud83d\udc4f\" data-goomoji=\"1f44f\" data-image-whitelisted><img class=\"CToWUd\" src=\"https:\/\/mail.google.com\/mail\/e\/1f44f\" alt=\"\ud83d\udc4f\" data-goomoji=\"1f44f\" data-image-whitelisted><\/p>\n<p>El Equipo Docente de la Catedra Enfermer\u00eda Infanto Juvenil, destaca con gran orgullo y satisfacci\u00f3n el trabajo realizado por cada uno\/a de ustedes.&nbsp;<img class=\"CToWUd\" src=\"https:\/\/mail.google.com\/mail\/e\/1f393\" alt=\"\ud83c\udf93\" data-goomoji=\"1f393\" data-image-whitelisted><\/p>\n","protected":false},"excerpt":{"rendered":"<p>Algunas imagenes representativas de Estudiantes que participaron de las pr\u00e1cticas en los centros de testeo COVID 19. Valioso desempe\u00f1o de los Equipos de Estudiantes que estuvier\u00f3n en C\u00f3rdoba Capital y Localidades pr\u00f3ximas, representando a la Escuela de Enfermer\u00eda FCM UNC. \ud83c\udde6\ud83c\uddf7 El Equipo Docente de la Catedra Enfermer\u00eda Infanto Juvenil, destaca con gran orgullo y [&hellip;]<\/p>\n","protected":false},"author":1,"featured_media":5561,"comment_status":"closed","ping_status":"closed","sticky":false,"template":"","format":"standard","meta":[],"categories":[17],"tags":[],"_links":{"self":[{"href":"http:\/\/hoycordobaweb.com\/index.php\/wp-json\/wp\/v2\/posts\/5560"}],"collection":[{"href":"http:\/\/hoycordobaweb.com\/index.php\/wp-json\/wp\/v2\/posts"}],"about":[{"href":"http:\/\/hoycordobaweb.com\/index.php\/wp-json\/wp\/v2\/types\/post"}],"author":[{"embeddable":true,"href":"http:\/\/hoycordobaweb.com\/index.php\/wp-json\/wp\/v2\/users\/1"}],"replies":[{"embeddable":true,"href":"http:\/\/hoycordobaweb.com\/index.php\/wp-json\/wp\/v2\/comments?post=5560"}],"version-history":[{"count":0,"href":"http:\/\/hoycordobaweb.com\/index.php\/wp-json\/wp\/v2\/posts\/5560\/revisions"}],"wp:featuredmedia":[{"embeddable":true,"href":"http:\/\/hoycordobaweb.com\/index.php\/wp-json\/wp\/v2\/media\/5561"}],"wp:attachment":[{"href":"http:\/\/hoycordobaweb.com\/index.php\/wp-json\/wp\/v2\/media?parent=5560"}],"wp:term":[{"taxonomy":"category","embeddable":true,"href":"http:\/\/hoycordobaweb.com\/index.php\/wp-json\/wp\/v2\/categories?post=5560"},{"taxonomy":"post_tag","embeddable":true,"href":"http:\/\/hoycordobaweb.com\/index.php\/wp-json\/wp\/v2\/tags?post=5560"}],"curies":[{"name":"wp","href":"https:\/\/api.w.org\/{rel}","templated":true}]}}