{"id":55578,"date":"2023-02-13T13:10:52","date_gmt":"2023-02-13T13:10:52","guid":{"rendered":"https:\/\/www.clarin.com\/espectaculos\/tv\/salida-alfa-rating-gran-hermano-termina_0_sCMqWSBAX9.html"},"modified":"2023-02-13T13:10:52","modified_gmt":"2023-02-13T13:10:52","slug":"con-la-salida-de-alfa-como-fue-el-rating-de-gran-hermano-y-cuando-termina","status":"publish","type":"post","link":"http:\/\/hoycordobaweb.com\/index.php\/2023\/02\/13\/con-la-salida-de-alfa-como-fue-el-rating-de-gran-hermano-y-cuando-termina\/","title":{"rendered":"Con la salida de Alfa, c\u00f3mo fue el rating de Gran hermano y cu\u00e1ndo termina"},"content":{"rendered":"<p>En la noche del domingo 12 de febrero,<strong> Walter \u00abAlfa\u00bb Santiago qued\u00f3 eliminado<\/strong> de <a data-cke-saved-href=\"https:\/\/www.clarin.com\/fama\/gran-hermano-grito-afuera-alfa-alerto-romina-daniela_3_jTZCdOp5V4.html\" target=\"_blank\" href=\"https:\/\/www.clarin.com\/fama\/gran-hermano-grito-afuera-alfa-alerto-romina-daniela_3_jTZCdOp5V4.html\" rel=\"noopener noreferrer\">Gran hermano<\/a>, por el 52,83 % de los votos, en una ajustada final en la que tuvo como contrincante a Romina. El reality de Telefe volvi\u00f3 a ser lo m\u00e1s visto de la jornada muy separado del resto de la programaci\u00f3n.<\/p>\n<p>As\u00ed, <em>Gran hermano 2022, la gala<\/em> logr\u00f3 <strong>un rating promedio de 22,6 puntos<\/strong>. Seguido por su programa sat\u00e9lite, <em>Gran hermano 2022, la casa en vivo<\/em>, que obtuvo 17,9. <\/p>\n<p>En rigor, <strong>los seis&nbsp;programas m\u00e1s vistos del d\u00eda correspondieron a Telefe<\/strong>, que ubic\u00f3 a continuaci\u00f3n a <em>Pasapalabra <\/em>(10,3), <em>C\u00f3digo viaje <\/em>(8),&nbsp;<em>Los Simpson<\/em> (5,6) y la repetici\u00f3n de la pel\u00edcula de<a data-cke-saved-href=\"https:\/\/www.clarin.com\/espectaculos\/solas-james-cameron-londres-gusta-presion-dirijas-pelicula-_0_iQyyAvVTJi.html\" target=\"_blank\" href=\"https:\/\/www.clarin.com\/espectaculos\/solas-james-cameron-londres-gusta-presion-dirijas-pelicula-_0_iQyyAvVTJi.html\" rel=\"noopener noreferrer\"> James Cameron<\/a>, <em>Titanic <\/em>(5,3 puntos).<\/p>\n<p>Luego de estos seis ciclos reci\u00e9n aparece un programa de otra emisora: la emisi\u00f3n de la pel\u00edcula <em>Yo antes de ti<\/em>, con 5,1 puntos, por eltrece.<\/p>\n<div class=\"sp__Normal embed-box embed-body-photo\" data-index=\"1\">\n<picture class=\"pointer\">\n<img class=\"img-expand\" width=\"100\" height=\"100\" loading=\"lazy\" src=\"http:\/\/hoycordobaweb.com\/wp-content\/uploads\/2023\/02\/con-la-salida-de-alfa-como-fue-el-rating-de-gran-hermano-y-cuando-termina.jpg\" alt=\"Alfa no quiso que le cantaran cuando lo eliminaron de &quot;Gran hermano&quot;. Captura TV.\"><br \/>\n<span class=\"bt-expand\"><br \/>\n<svg class=\"ico white_mod\">\n<use class=\"use-expand\" xlink:href=\"#icon-expand\" \/>\n<\/svg><br \/>\n<\/span>\n<\/picture><figcaption>Alfa no quiso que le cantaran cuando lo eliminaron de \u00abGran hermano\u00bb. Captura TV. <\/figcaption><\/div>\n<h2>Los m\u00e1s vistos de cada canal<\/h2>\n<p>Adem\u00e1s de<em> Gran hermano 2022, la gala<\/em> (Telefe) y<em> Yo antes de ti <\/em>(eltrece), los programas m\u00e1s vistos de cada canal fueron <em>Festival Pa\u00eds <\/em>(TV P\u00fablica, 1,7), <em>Implacables<\/em> (elnueve, 1,6), <em>GPS <\/em>(Am\u00e9rica, 1,3), <em>Editando tele<\/em> (Net TV, 0,5) y <em>Primera Dama<\/em> (Bravo TV, 0,1 puntos).<\/p>\n<p>En cuanto al promedio general de la jornada, Telefe se ubic\u00f3 en primer lugar con 8,5 puntos; eltrece, 3,9; TV P\u00fablica, Am\u00e9rica y elnueve empataron en 1,1 puntos; Net TV, 0,3; y Bravo TV marc\u00f3 un promedio de cero puntos.<\/p>\n<h2>La eliminaci\u00f3n de Alfa<\/h2>\n<p>Por decisi\u00f3n del p\u00fablico, tras una definici\u00f3n muy pareja con Romina Uhrig, Walter \u00abAlfa\u00bb Santiago result\u00f3 el nuevo eliminado de Gran Hermano (Telefe).<\/p>\n<p> De esta forma, Alfa, uno de los participantes m\u00e1s pol\u00e9micos de esta edici\u00f3n del reality, abandon\u00f3 la casa, con el 52,83% de los votos.<\/p>\n<p> \u00ab<strong>Beso a todos. No quiero canci\u00f3n<\/strong>. Acu\u00e9rdense, son uno contra seis. Nadie puede acobijar a nadie\u00bb, le dijo Alfa, con la valija en la mano, a sus ahora ex compa\u00f1eros.<\/p>\n<p>Alfa, de esta manera, se suma a la lista de eliminados de <em>GH<\/em>, que comenz\u00f3 con Tom\u00e1s Holder y continu\u00f3 con Martina Stewart Usher, Mora, Juan Reverdito, Juliana, Cata, Constanza \u00abCoti\u00bb Romero, Alexis \u00abEl Conejo\u00bb Quiroga, Thiago Medina, Maxi Giudici, Agust\u00edn Guardis y Ariel Ansaldo.<\/p>\n<div class=\"sp__Normal embed-box embed-body-photo\" data-index=\"2\">\n<picture class=\"pointer\">\n<img class=\"img-expand\" width=\"100\" height=\"100\" loading=\"lazy\" src=\"http:\/\/hoycordobaweb.com\/wp-content\/uploads\/2023\/02\/con-la-salida-de-alfa-como-fue-el-rating-de-gran-hermano-y-cuando-termina-1.jpg\" alt=\"Valija en mano. La salida de Alfa tras su eliminaci\u00f3n en Gran hermano. Una manifestaci\u00f3n le impidi\u00f3 llegar al estudio del reality.\"><br \/>\n<span class=\"bt-expand\"><br \/>\n<svg class=\"ico white_mod\">\n<use class=\"use-expand\" xlink:href=\"#icon-expand\" \/>\n<\/svg><br \/>\n<\/span>\n<\/picture><figcaption>Valija en mano. La salida de Alfa tras su eliminaci\u00f3n en Gran hermano. Una manifestaci\u00f3n le impidi\u00f3 llegar al estudio del reality. <\/figcaption><\/div>\n<p>De esta forma, tras la salida de Alfa, quedan <strong>s\u00f3lo siete participantes contin\u00faan en carrera<\/strong>: Marcos, Nacho, Julieta, Romina, Daniela, Lucila \u00abLa Tora\u00bb y Camila.<\/p>\n<p>\u200bUno de ellos ser\u00e1 el ganador de la casa y los 15 millones de pesos.<\/p>\n<h2>Por qu\u00e9 no pudo llegar al estudio<\/h2>\n<p>Walter \u00abAlfa\u00bb Santiago no se fue en silencio, por el contrario, <strong>su salida fue bastante ca\u00f3tica<\/strong>, al punto que el participante de 61 a\u00f1os no pudo llegar al estudio, donde lo esperaba <a data-cke-saved-href=\"https:\/\/www.clarin.com\/fama\/santiago-moro-contesto-jorge-rial-programa-numero-radio-numero-tele-_0_yFCaRRPIwC.html\" target=\"_blank\" href=\"https:\/\/www.clarin.com\/fama\/santiago-moro-contesto-jorge-rial-programa-numero-radio-numero-tele-_0_yFCaRRPIwC.html\" rel=\"noopener noreferrer\">Santiago del Moro<\/a>, quien debi\u00f3 explicar lo sucedido.<\/p>\n<p>\u00abLa batucada peronista\u00bb, se le escuch\u00f3 decir a Alfa, al escuchar los primeros gritos y fuegos artificiales provenientes del exterior.<\/p>\n<p>Luego, acompa\u00f1ado por Camila, tom\u00f3 sus cosas y se dirigi\u00f3 rumbo a la puerta. \u00ab<strong>Los perucas&#8230; los peronistas, los peronchos<\/strong>\u00ab, sigui\u00f3 Alfa, cuando todos adentro de la casa se mostraban sorprendidos por los ruidos.<\/p>\n<p>Ya sin Alfa, los gritos continuaban afuera, lo que hizo pensar a Romina que proven\u00edan de parte de sus seguidores.<\/p>\n<p> \u00abCuando los escuch\u00e9 dije &#8216;no puede ser, no creo&#8217;. Pero despu\u00e9s cuando \u00e9l dijo eso dije &#8216;seguro que son'\u00bb, se\u00f1al\u00f3 la exdiputada, que despu\u00e9s agradeci\u00f3 el apoyo recibido en la votaci\u00f3n: \u00abGracias a todos los compa\u00f1eros, compa\u00f1eras, amigos, familia, todos&#8230;\u00bb.\u200b \u00abChicos, me da miedo que pueda entrar algo por ac\u00e1\u00bb, reconoci\u00f3 La Tora, al escuchar las bombas de estruendo.<\/p>\n<p> Entonces, Del Moro explic\u00f3: \u00ab<strong>Hay una manifestaci\u00f3n afuera de la casa<\/strong>, por eso Alfa no puede llegar al estudio. Veremos ma\u00f1ana si lo podemos recibir. Son causas de fuerza mayor\u00bb. Despu\u00e9s, el conductor finaliz\u00f3 el programa.<\/p>\n<p>Lo cierto es que se trat\u00f3 de una manifestaci\u00f3n de SATSAID, organizaci\u00f3n sindical nacional de Argentina que agrupa a los trabajadores y trabajadoras de los canales de televisi\u00f3n, en reclamo salarial.<\/p>\n<h2>El final del reality<\/h2>\n<p>A <em>Gran hermano<\/em> a\u00fan le queda un largo trecho en&nbsp;el aire de Telefe. Sin embargo, en alg\u00fan momento la casa deber\u00e1 ser habitada por nuevos \u00abinquilinos\u00bb.<\/p>\n<div class=\"sp__Normal embed-box embed-body-photo\" data-index=\"3\">\n<picture class=\"pointer\">\n<img class=\"img-expand\" width=\"100\" height=\"100\" loading=\"lazy\" src=\"http:\/\/hoycordobaweb.com\/wp-content\/uploads\/2023\/02\/con-la-salida-de-alfa-como-fue-el-rating-de-gran-hermano-y-cuando-termina-2.jpg\" alt=\"Romina y Alfa llegaron a la nominaci\u00f3n. Ella crey\u00f3 que los gritos fuera de la casa eran en su apoyo.\"><br \/>\n<span class=\"bt-expand\"><br \/>\n<svg class=\"ico white_mod\">\n<use class=\"use-expand\" xlink:href=\"#icon-expand\" \/>\n<\/svg><br \/>\n<\/span>\n<\/picture><figcaption>Romina y Alfa llegaron a la nominaci\u00f3n. Ella crey\u00f3 que los gritos fuera de la casa eran en su apoyo. <\/figcaption><\/div>\n<p>El periodista de espect\u00e1culos de Telefe Rosario, Joe Capurro, cont\u00f3 que desde la producci\u00f3n del reality se habla de que&nbsp;la final de la d\u00e9cima edici\u00f3n ser\u00eda el 12 de marzo. Despu\u00e9s de esa fecha, \u00abla casa m\u00e1s famosa\u00bb ser\u00e1 ocupada por \u00abhermanitos\u00bb de Chile.<\/p>\n<p>\u00abParamount prepara un GH que se ver\u00e1 por Chilevisi\u00f3n y usar\u00e1n las instalaciones en Argentina. Vas a poder ver la edici\u00f3n trasandina por Pluto TV\u00bb, aclar\u00f3 el joven, a trav\u00e9s de su cuenta personal de Twitter.<\/p>\n<p><em>WD<\/em><\/p>\n<p> <span class=\"title-related\">Mir\u00e1 tambi\u00e9n<\/span> <\/p>\n","protected":false},"excerpt":{"rendered":"<p>En la noche del domingo 12 de febrero, Walter \u00abAlfa\u00bb Santiago qued\u00f3 eliminado de Gran hermano, por el 52,83 % de los votos, en una ajustada final en la que tuvo como contrincante a Romina. El reality de Telefe volvi\u00f3 a ser lo m\u00e1s visto de la jornada muy separado del resto de la programaci\u00f3n. [&hellip;]<\/p>\n","protected":false},"author":1,"featured_media":55579,"comment_status":"closed","ping_status":"closed","sticky":false,"template":"","format":"standard","meta":[],"categories":[10],"tags":[],"_links":{"self":[{"href":"http:\/\/hoycordobaweb.com\/index.php\/wp-json\/wp\/v2\/posts\/55578"}],"collection":[{"href":"http:\/\/hoycordobaweb.com\/index.php\/wp-json\/wp\/v2\/posts"}],"about":[{"href":"http:\/\/hoycordobaweb.com\/index.php\/wp-json\/wp\/v2\/types\/post"}],"author":[{"embeddable":true,"href":"http:\/\/hoycordobaweb.com\/index.php\/wp-json\/wp\/v2\/users\/1"}],"replies":[{"embeddable":true,"href":"http:\/\/hoycordobaweb.com\/index.php\/wp-json\/wp\/v2\/comments?post=55578"}],"version-history":[{"count":0,"href":"http:\/\/hoycordobaweb.com\/index.php\/wp-json\/wp\/v2\/posts\/55578\/revisions"}],"wp:featuredmedia":[{"embeddable":true,"href":"http:\/\/hoycordobaweb.com\/index.php\/wp-json\/wp\/v2\/media\/55579"}],"wp:attachment":[{"href":"http:\/\/hoycordobaweb.com\/index.php\/wp-json\/wp\/v2\/media?parent=55578"}],"wp:term":[{"taxonomy":"category","embeddable":true,"href":"http:\/\/hoycordobaweb.com\/index.php\/wp-json\/wp\/v2\/categories?post=55578"},{"taxonomy":"post_tag","embeddable":true,"href":"http:\/\/hoycordobaweb.com\/index.php\/wp-json\/wp\/v2\/tags?post=55578"}],"curies":[{"name":"wp","href":"https:\/\/api.w.org\/{rel}","templated":true}]}}