{"id":55544,"date":"2023-02-16T22:35:50","date_gmt":"2023-02-16T22:35:50","guid":{"rendered":"https:\/\/ladecimaweb.com\/?p=15995"},"modified":"2023-02-16T22:35:50","modified_gmt":"2023-02-16T22:35:50","slug":"robaron-en-una-verduleria-en-comercial-y-ademas-se-llevaron-dos-melones","status":"publish","type":"post","link":"http:\/\/hoycordobaweb.com\/index.php\/2023\/02\/16\/robaron-en-una-verduleria-en-comercial-y-ademas-se-llevaron-dos-melones\/","title":{"rendered":"Robaron en una verduler\u00eda en Comercial y, adem\u00e1s, se llevaron dos melones"},"content":{"rendered":"<div class=\"boldgrid-section\">\n<div class=\"container\">\n<div class=\"row\">\n<div class=\"col-md-12 col-xs-12 col-sm-12\">\n<p class=\"\">Malvivientes robaron en la madrugada de hoy en una verduler\u00eda en Comercial (Laboulaye al 400)&nbsp;&nbsp;<\/p>\n<p class=\"\">Se trata del local a cargo de Nena Luizaga, mujer boliviana, con dos a\u00f1os de trabajo en el sector.&nbsp;<\/p>\n<p class=\"\">&#8220;Yo calculo que fue como a las cuatro y media de la ma\u00f1ana el robo, porque yo me entero a las cinco&#8221;, cont\u00f3 Nena a La D\u00e9cima.<\/p>\n<p class=\"\"><img loading=\"lazy\" class=\"alignnone wp-image-15997\" src=\"http:\/\/hoycordobaweb.com\/wp-content\/uploads\/2023\/02\/robaron-en-una-verduleria-en-comercial-y-ademas-se-llevaron-dos-melones.jpg\" alt=\"\" width=\"338\" height=\"190\" srcset=\"http:\/\/hoycordobaweb.com\/wp-content\/uploads\/2023\/02\/robaron-en-una-verduleria-en-comercial-y-ademas-se-llevaron-dos-melones.jpg 1600w, http:\/\/hoycordobaweb.com\/wp-content\/uploads\/2023\/02\/robaron-en-una-verduleria-en-comercial-y-ademas-se-llevaron-dos-melones-2.jpg 788w, http:\/\/hoycordobaweb.com\/wp-content\/uploads\/2023\/02\/robaron-en-una-verduleria-en-comercial-y-ademas-se-llevaron-dos-melones-3.jpg 768w, http:\/\/hoycordobaweb.com\/wp-content\/uploads\/2023\/02\/robaron-en-una-verduleria-en-comercial-y-ademas-se-llevaron-dos-melones-4.jpg 1536w\" sizes=\"(max-width: 338px) 100vw, 338px\" \/><\/p>\n<p class=\"\">Los malvivientes rompieron los candados de la puerta persina, la forzaron y luego reventaron la puerta de vidrio para entrar.<\/p>\n<p class=\"\">&#8220;Se llevaron productos de almac\u00e9n, una balanza, una garrafa, un ventilador y 50 mil pesos en efectivo&#8221;, enumer\u00f3 Nena, quien agreg\u00f3 a la contabilidad &#8220;ah, y tambi\u00e9n dos melones&#8221;.&nbsp;<\/p>\n<p class=\"\"><img loading=\"lazy\" class=\"alignnone wp-image-15998\" src=\"http:\/\/hoycordobaweb.com\/wp-content\/uploads\/2023\/02\/robaron-en-una-verduleria-en-comercial-y-ademas-se-llevaron-dos-melones-1.jpg\" alt=\"\" width=\"432\" height=\"243\" srcset=\"http:\/\/hoycordobaweb.com\/wp-content\/uploads\/2023\/02\/robaron-en-una-verduleria-en-comercial-y-ademas-se-llevaron-dos-melones-5.jpg 1600w, http:\/\/hoycordobaweb.com\/wp-content\/uploads\/2023\/02\/robaron-en-una-verduleria-en-comercial-y-ademas-se-llevaron-dos-melones-6.jpg 788w, http:\/\/hoycordobaweb.com\/wp-content\/uploads\/2023\/02\/robaron-en-una-verduleria-en-comercial-y-ademas-se-llevaron-dos-melones-7.jpg 768w, http:\/\/hoycordobaweb.com\/wp-content\/uploads\/2023\/02\/robaron-en-una-verduleria-en-comercial-y-ademas-se-llevaron-dos-melones-8.jpg 1536w\" sizes=\"(max-width: 432px) 100vw, 432px\" \/><\/p>\n<p class=\"\">Consultada sobre el impacto del robo, Nena dijo que pese a todo &#8220;voy a seguir adelante, no le voy a dar el gusto a este maldito que vino a romper el negocio, no voy a bajar el brazo&#8221;. Agreg\u00f3 que recibi\u00f3 muestras de apoyo de vecinos y clientes.&nbsp;<\/p>\n<p>Cuando La D\u00e9cima la visit\u00f3 hab\u00eda dos herreros colocando una puerta reforzada en el local.<\/p>\n<p class=\"\">\n<div class=\"ubm_banner\"><a href=\"https:\/\/www.cba.gov.ar\" target=\"_blank\" rel=\"dofollow noopener noreferrer\"><img src=\"http:\/\/hoycordobaweb.com\/wp-content\/uploads\/2023\/02\/robaron-en-una-verduleria-en-comercial-y-ademas-se-llevaron-dos-melones.gif\" alt=\"\"><\/a><\/div>\n<p>&nbsp;<\/p>\n<\/div>\n<\/div>\n<\/div>\n<\/div>\n<p>La entrada <a rel=\"nofollow\" href=\"https:\/\/ladecimaweb.com\/robaron-en-una-verduleria-en-comercial-y-ademas-se-llevaron-dos-melones\/\">Robaron en una verduler\u00eda en Comercial y, adem\u00e1s, se llevaron dos melones<\/a> se public\u00f3 primero en <a rel=\"nofollow\" href=\"https:\/\/ladecimaweb.com\">LaDecima<\/a>.<\/p>\n","protected":false},"excerpt":{"rendered":"<p>Malvivientes robaron en la madrugada de hoy en una verduler\u00eda en Comercial (Laboulaye al 400)&nbsp;&nbsp; Se trata del local a cargo de Nena Luizaga, mujer boliviana, con dos a\u00f1os de trabajo en el sector.&nbsp; &#8220;Yo calculo que fue como a las cuatro y media de la ma\u00f1ana el robo, porque yo me entero a las [&hellip;]<\/p>\n","protected":false},"author":1,"featured_media":55545,"comment_status":"closed","ping_status":"closed","sticky":false,"template":"","format":"standard","meta":[],"categories":[19],"tags":[],"_links":{"self":[{"href":"http:\/\/hoycordobaweb.com\/index.php\/wp-json\/wp\/v2\/posts\/55544"}],"collection":[{"href":"http:\/\/hoycordobaweb.com\/index.php\/wp-json\/wp\/v2\/posts"}],"about":[{"href":"http:\/\/hoycordobaweb.com\/index.php\/wp-json\/wp\/v2\/types\/post"}],"author":[{"embeddable":true,"href":"http:\/\/hoycordobaweb.com\/index.php\/wp-json\/wp\/v2\/users\/1"}],"replies":[{"embeddable":true,"href":"http:\/\/hoycordobaweb.com\/index.php\/wp-json\/wp\/v2\/comments?post=55544"}],"version-history":[{"count":0,"href":"http:\/\/hoycordobaweb.com\/index.php\/wp-json\/wp\/v2\/posts\/55544\/revisions"}],"wp:featuredmedia":[{"embeddable":true,"href":"http:\/\/hoycordobaweb.com\/index.php\/wp-json\/wp\/v2\/media\/55545"}],"wp:attachment":[{"href":"http:\/\/hoycordobaweb.com\/index.php\/wp-json\/wp\/v2\/media?parent=55544"}],"wp:term":[{"taxonomy":"category","embeddable":true,"href":"http:\/\/hoycordobaweb.com\/index.php\/wp-json\/wp\/v2\/categories?post=55544"},{"taxonomy":"post_tag","embeddable":true,"href":"http:\/\/hoycordobaweb.com\/index.php\/wp-json\/wp\/v2\/tags?post=55544"}],"curies":[{"name":"wp","href":"https:\/\/api.w.org\/{rel}","templated":true}]}}