{"id":55508,"date":"2023-02-16T14:45:16","date_gmt":"2023-02-16T14:45:16","guid":{"rendered":"https:\/\/www.mujerhoy.com\/moda\/no-te-pierdas\/nueva-coleccion-hym-semana-novedades-baratas-vestidos-blusas-20230216010621-nt.html"},"modified":"2023-02-16T14:45:16","modified_gmt":"2023-02-16T14:45:16","slug":"las-novedades-de-hm-los-vestidos-chaquetas-y-bolsos-que-seran-tendencia-absoluta-esta-primavera","status":"publish","type":"post","link":"http:\/\/hoycordobaweb.com\/index.php\/2023\/02\/16\/las-novedades-de-hm-los-vestidos-chaquetas-y-bolsos-que-seran-tendencia-absoluta-esta-primavera\/","title":{"rendered":"Las novedades de H&amp;M: los vestidos, chaquetas y bolsos que ser\u00e1n tendencia absoluta esta primavera"},"content":{"rendered":"<p><!-- AUTHOR --><\/p>\n<div class=\"voc-author-timesocial \"><!-- AUTHOR --><\/p>\n<div class=\"voc-author-timesocial__signature\"><!-- IMAGE AUTHOR --><picture class=\"voc-image-signature\"><img class=\"voc-image-signature__img\" src=\"http:\/\/hoycordobaweb.com\/wp-content\/uploads\/2023\/02\/las-novedades-de-hm-los-vestidos-chaquetas-y-bolsos-que-seran-tendencia-absoluta-esta-primavera.jpg\" alt=\"Gemma Cano\"><\/picture><!-- INFO AUTHOR --><\/div>\n<\/div>\n<p><!-- COMPONENTS --><\/p>\n<p class=\"voc-paragraph\">Ha llegado esa \u00e9poca del a\u00f1o en la que pronto el invierno ser\u00e1 un recuerdo lejano y el buen tiempo llamar\u00e1 a la puerta de nuestro armario. Nuestras tiendas favoritas est\u00e1n en perfecta sinton\u00eda con el tiempo y nos invitan a cambiar el chip con un mont\u00f3n de <strong>novedades<\/strong> con sabor 100% primaveral, muy similar al estilo de <a data-voc-vtm-id=\"in-text-traffic\" href=\"https:\/\/www.mujerhoy.com\/moda\/no-te-pierdas\/looks-rejuvenecedores-victoria-suecia-mejor-vestida-a-los-40-copia-barata-hym-20230216101244-nt.html\">Victoria de Suecia<\/a>.\n<\/p>\n<p class=\"voc-paragraph\">H&amp;M es siempre una de las primeras marcas en desplegar sus encantados de nueva temporada. \u00bfQu\u00e9 nos propone para que salgamos de <a data-voc-vtm-id=\"in-text-traffic\" href=\"https:\/\/www.mujerhoy.com\/moda\/no-te-pierdas\/zara-confirma-regreso-chaqueta-bomber-viral-lana-20230205104435-nt.html\">shopping<\/a> estos d\u00edas? Los tejidos se llenan de calados en todo tipo de prendas: desde el rom\u00e1ntico vestido con el llamado broderie anglaise, hasta prendas de punto, que se adaptan a la subida de las temperaturas. Esto es lo mejor de lo mejor de la <strong>nueva colecci\u00f3n<\/strong> de primavera de H&amp;M. \u00bfQuieres descubrirlo antes de que se agote?\n<\/p>\n<div class=\"voc-detail-photo-zoom\"><picture data-toggle=\"modal\" data-target=\"#photoZoomModal-372\" target=\"modal\">\n<div class=\"voc-img-icon-link\"><img loading=\"lazy\" data-original=\"\/\/static2.mujerhoy.com\/www\/multimedia\/202302\/16\/media\/cortadas\/vestido-hym-nuevo-k2tF--460x637@MujerHoy.jpeg\" class=\"lazy\" alt=\"Vestido con bordado ingl\u00e9s de H&amp;M (59,99 euros)\"><noscript><img src=\"http:\/\/hoycordobaweb.com\/wp-content\/uploads\/2023\/02\/las-novedades-de-hm-los-vestidos-chaquetas-y-bolsos-que-seran-tendencia-absoluta-esta-primavera-1.jpg\" alt=\"Vestido con bordado ingl\u00e9s de H&amp;M (59,99 euros)\"><\/noscript><i class=\"voc-icons zoom voc-multimedia-box voc-ico-l\"><\/i><\/div><figcaption class=\"figure-caption\">Vestido con bordado ingl\u00e9s de H&amp;M (59,99 euros)<\/figcaption><\/picture><\/div>\n<div id=\"photoZoomModal-372\" class=\"voc-lightbox modal fade voc-lightbox--photo-zoom\" role=\"dialog\" data-voc-photozoom-lightbox>\n<div class=\"voc-lightbox__dialog\" role=\"document\">\n<div class=\"voc-lightbox__content\"><!-- Modal header --><!-- Modal content --><\/p>\n<div class=\"voc-lightbox__photo-container\"><picture class><img loading=\"lazy\" data-original=\"\/\/static2.mujerhoy.com\/www\/multimedia\/202302\/16\/media\/cortadas\/vestido-hym-nuevo-k2tF--460x637@MujerHoy.jpeg\" alt=\"Vestido con bordado ingl\u00e9s de H&amp;M (59,99 euros)\" class=\"lazy\"><noscript><img src=\"http:\/\/hoycordobaweb.com\/wp-content\/uploads\/2023\/02\/las-novedades-de-hm-los-vestidos-chaquetas-y-bolsos-que-seran-tendencia-absoluta-esta-primavera-1.jpg\" alt=\"Vestido con bordado ingl\u00e9s de H&amp;M (59,99 euros)\"><\/noscript><\/picture><\/div>\n<\/div>\n<\/div>\n<\/div>\n<p><h3 class=\"voc-detail__title\"> Vestido con bordado ingl\u00e9s de H&amp;M (59,99 euros)<br \/>\n<\/h3>\n<\/p>\n<p class=\"voc-paragraph\">Ha llegado la hora de sacar el vestido m\u00e1s primaveral de todo tu armario. Y mucho mejor si eliges un dise\u00f1o corto, con corte cut out y cubierto de calados.\n<\/p>\n<div class=\"voc-detail-photo-zoom\"><picture data-toggle=\"modal\" data-target=\"#photoZoomModal-387\" target=\"modal\">\n<div class=\"voc-img-icon-link\"><img loading=\"lazy\" data-original=\"\/\/static.mujerhoy.com\/www\/multimedia\/202302\/16\/media\/cortadas\/chaqueta-hym-nuevo-k2tF--460x637@MujerHoy.jpeg\" class=\"lazy\" alt=\"Chaqueta calada de H&amp;M (39,99 euros)\"><noscript><img src=\"http:\/\/hoycordobaweb.com\/wp-content\/uploads\/2023\/02\/las-novedades-de-hm-los-vestidos-chaquetas-y-bolsos-que-seran-tendencia-absoluta-esta-primavera-2.jpg\" alt=\"Chaqueta calada de H&amp;M (39,99 euros)\"><\/noscript><i class=\"voc-icons zoom voc-multimedia-box voc-ico-l\"><\/i><\/div><figcaption class=\"figure-caption\">Chaqueta calada de H&amp;M (39,99 euros)<\/figcaption><\/picture><\/div>\n<div id=\"photoZoomModal-387\" class=\"voc-lightbox modal fade voc-lightbox--photo-zoom\" role=\"dialog\" data-voc-photozoom-lightbox>\n<div class=\"voc-lightbox__dialog\" role=\"document\">\n<div class=\"voc-lightbox__content\"><!-- Modal header --><!-- Modal content --><\/p>\n<div class=\"voc-lightbox__photo-container\"><picture class><img loading=\"lazy\" data-original=\"\/\/static.mujerhoy.com\/www\/multimedia\/202302\/16\/media\/cortadas\/chaqueta-hym-nuevo-k2tF--460x637@MujerHoy.jpeg\" alt=\"Chaqueta calada de H&amp;M (39,99 euros)\" class=\"lazy\"><noscript><img src=\"http:\/\/hoycordobaweb.com\/wp-content\/uploads\/2023\/02\/las-novedades-de-hm-los-vestidos-chaquetas-y-bolsos-que-seran-tendencia-absoluta-esta-primavera-2.jpg\" alt=\"Chaqueta calada de H&amp;M (39,99 euros)\"><\/noscript><\/picture><\/div>\n<\/div>\n<\/div>\n<\/div>\n<p><h3 class=\"voc-detail__title\"> Chaqueta calada de H&amp;M (39,99 euros)<br \/>\n<\/h3>\n<\/p>\n<p class=\"voc-paragraph\">Las prendas de punto caladas ser\u00e1n tus mejores aliadas para los d\u00edas de entretiempo. Si est\u00e1s cansada del cl\u00e1sico jersey, apuesta por una chaqueta en un color claro. <\/p>\n<div class=\"voc-detail-photo-zoom\"><picture data-toggle=\"modal\" data-target=\"#photoZoomModal-486\" target=\"modal\">\n<div class=\"voc-img-icon-link\"><img loading=\"lazy\" data-original=\"\/\/static2.mujerhoy.com\/www\/multimedia\/202302\/16\/media\/cortadas\/zapatos-hym-k2tF--460x637@MujerHoy.jpeg\" class=\"lazy\" alt=\"Zapatos de sal\u00f3n de H&amp;M (32,99 euros)\"><noscript><img src=\"http:\/\/hoycordobaweb.com\/wp-content\/uploads\/2023\/02\/las-novedades-de-hm-los-vestidos-chaquetas-y-bolsos-que-seran-tendencia-absoluta-esta-primavera-3.jpg\" alt=\"Zapatos de sal\u00f3n de H&amp;M (32,99 euros)\"><\/noscript><i class=\"voc-icons zoom voc-multimedia-box voc-ico-l\"><\/i><\/div><figcaption class=\"figure-caption\">Zapatos de sal\u00f3n de H&amp;M (32,99 euros)<\/figcaption><\/picture><\/div>\n<div id=\"photoZoomModal-486\" class=\"voc-lightbox modal fade voc-lightbox--photo-zoom\" role=\"dialog\" data-voc-photozoom-lightbox>\n<div class=\"voc-lightbox__dialog\" role=\"document\">\n<div class=\"voc-lightbox__content\"><!-- Modal header --><!-- Modal content --><\/p>\n<div class=\"voc-lightbox__photo-container\"><picture class><img loading=\"lazy\" data-original=\"\/\/static2.mujerhoy.com\/www\/multimedia\/202302\/16\/media\/cortadas\/zapatos-hym-k2tF--460x637@MujerHoy.jpeg\" alt=\"Zapatos de sal\u00f3n de H&amp;M (32,99 euros)\" class=\"lazy\"><noscript><img src=\"http:\/\/hoycordobaweb.com\/wp-content\/uploads\/2023\/02\/las-novedades-de-hm-los-vestidos-chaquetas-y-bolsos-que-seran-tendencia-absoluta-esta-primavera-3.jpg\" alt=\"Zapatos de sal\u00f3n de H&amp;M (32,99 euros)\"><\/noscript><\/picture><\/div>\n<\/div>\n<\/div>\n<\/div>\n<p><h3 class=\"voc-detail__title\"> Zapatos de sal\u00f3n planos (32,99 euros)<br \/>\n<\/h3>\n<\/p>\n<p class=\"voc-paragraph\">Una buena forma de empezar a renovar el armario es apostar por accesorios m\u00e1s coloridos. \u00a1estos zapatos son una aut\u00e9ntica joya!\n<\/p>\n<div class=\"voc-detail-photo-zoom\"><picture data-toggle=\"modal\" data-target=\"#photoZoomModal-306\" target=\"modal\">\n<div class=\"voc-img-icon-link\"><img loading=\"lazy\" data-original=\"\/\/static1.mujerhoy.com\/www\/multimedia\/202302\/16\/media\/cortadas\/vestido-hym-k2tF--460x637@MujerHoy.jpeg\" class=\"lazy\" alt=\"Vestido con nido de abeja de H&amp;M (49,99 euros)\"><noscript><img src=\"http:\/\/hoycordobaweb.com\/wp-content\/uploads\/2023\/02\/las-novedades-de-hm-los-vestidos-chaquetas-y-bolsos-que-seran-tendencia-absoluta-esta-primavera-4.jpg\" alt=\"Vestido con nido de abeja de H&amp;M (49,99 euros)\"><\/noscript><i class=\"voc-icons zoom voc-multimedia-box voc-ico-l\"><\/i><\/div><figcaption class=\"figure-caption\">Vestido con nido de abeja de H&amp;M (49,99 euros)<\/figcaption><\/picture><\/div>\n<div id=\"photoZoomModal-306\" class=\"voc-lightbox modal fade voc-lightbox--photo-zoom\" role=\"dialog\" data-voc-photozoom-lightbox>\n<div class=\"voc-lightbox__dialog\" role=\"document\">\n<div class=\"voc-lightbox__content\"><!-- Modal header --><!-- Modal content --><\/p>\n<div class=\"voc-lightbox__photo-container\"><picture class><img loading=\"lazy\" data-original=\"\/\/static1.mujerhoy.com\/www\/multimedia\/202302\/16\/media\/cortadas\/vestido-hym-k2tF--460x637@MujerHoy.jpeg\" alt=\"Vestido con nido de abeja de H&amp;M (49,99 euros)\" class=\"lazy\"><noscript><img src=\"http:\/\/hoycordobaweb.com\/wp-content\/uploads\/2023\/02\/las-novedades-de-hm-los-vestidos-chaquetas-y-bolsos-que-seran-tendencia-absoluta-esta-primavera-4.jpg\" alt=\"Vestido con nido de abeja de H&amp;M (49,99 euros)\"><\/noscript><\/picture><\/div>\n<\/div>\n<\/div>\n<\/div>\n<p><h3 class=\"voc-detail__title\"> Vestido mini nido de abeja (49,99 euros)<br \/>\n<\/h3>\n<\/p>\n<p class=\"voc-paragraph\">La primavera es tiempo de vestidos. Y hemos dado con el m\u00e1s bonito de la nueva colecci\u00f3n de H&amp;M. En nido de abeja, con tonos rosas y con un bonito estampado de flores.\n<\/p>\n<div class=\"voc-detail-photo-zoom\"><picture data-toggle=\"modal\" data-target=\"#photoZoomModal-737\" target=\"modal\">\n<div class=\"voc-img-icon-link\"><img loading=\"lazy\" data-original=\"\/\/static.mujerhoy.com\/www\/multimedia\/202302\/16\/media\/cortadas\/pantalon-hym-nuevo-k2tF--460x637@MujerHoy.jpeg\" class=\"lazy\" alt=\"Pantal\u00f3n calado de H&amp;M (49,99 euros)\"><noscript><img src=\"http:\/\/hoycordobaweb.com\/wp-content\/uploads\/2023\/02\/las-novedades-de-hm-los-vestidos-chaquetas-y-bolsos-que-seran-tendencia-absoluta-esta-primavera-5.jpg\" alt=\"Pantal\u00f3n calado de H&amp;M (49,99 euros)\"><\/noscript><i class=\"voc-icons zoom voc-multimedia-box voc-ico-l\"><\/i><\/div><figcaption class=\"figure-caption\">Pantal\u00f3n calado de H&amp;M (49,99 euros)<\/figcaption><\/picture><\/div>\n<div id=\"photoZoomModal-737\" class=\"voc-lightbox modal fade voc-lightbox--photo-zoom\" role=\"dialog\" data-voc-photozoom-lightbox>\n<div class=\"voc-lightbox__dialog\" role=\"document\">\n<div class=\"voc-lightbox__content\"><!-- Modal header --><!-- Modal content --><\/p>\n<div class=\"voc-lightbox__photo-container\"><picture class><img loading=\"lazy\" data-original=\"\/\/static.mujerhoy.com\/www\/multimedia\/202302\/16\/media\/cortadas\/pantalon-hym-nuevo-k2tF--460x637@MujerHoy.jpeg\" alt=\"Pantal\u00f3n calado de H&amp;M (49,99 euros)\" class=\"lazy\"><noscript><img src=\"http:\/\/hoycordobaweb.com\/wp-content\/uploads\/2023\/02\/las-novedades-de-hm-los-vestidos-chaquetas-y-bolsos-que-seran-tendencia-absoluta-esta-primavera-5.jpg\" alt=\"Pantal\u00f3n calado de H&amp;M (49,99 euros)\"><\/noscript><\/picture><\/div>\n<\/div>\n<\/div>\n<\/div>\n<p><h3 class=\"voc-detail__title\"> Pantal\u00f3n calado para primavera<br \/>\n<\/h3>\n<\/p>\n<p class=\"voc-paragraph\">Si est\u00e1s aburrida de los pantalones m\u00e1s invernales, aqu\u00ed tienes la mejor alternativa. Un dise\u00f1o en un bonito color azul que elevar\u00e1 todos tus looks.\n<\/p>\n<div class=\"voc-detail-photo-zoom\"><picture data-toggle=\"modal\" data-target=\"#photoZoomModal-420\" target=\"modal\">\n<div class=\"voc-img-icon-link\"><img loading=\"lazy\" data-original=\"\/\/static.mujerhoy.com\/www\/multimedia\/202302\/16\/media\/cortadas\/bolso-hym-nuevo-k2tF--460x637@MujerHoy.jpeg\" class=\"lazy\" alt=\"Bolso de rafia de H&amp;M (19,99 euros)\"><noscript><img src=\"http:\/\/hoycordobaweb.com\/wp-content\/uploads\/2023\/02\/las-novedades-de-hm-los-vestidos-chaquetas-y-bolsos-que-seran-tendencia-absoluta-esta-primavera-6.jpg\" alt=\"Bolso de rafia de H&amp;M (19,99 euros)\"><\/noscript><i class=\"voc-icons zoom voc-multimedia-box voc-ico-l\"><\/i><\/div><figcaption class=\"figure-caption\">Bolso de rafia de H&amp;M (19,99 euros)<\/figcaption><\/picture><\/div>\n<div id=\"photoZoomModal-420\" class=\"voc-lightbox modal fade voc-lightbox--photo-zoom\" role=\"dialog\" data-voc-photozoom-lightbox>\n<div class=\"voc-lightbox__dialog\" role=\"document\">\n<div class=\"voc-lightbox__content\"><!-- Modal header --><!-- Modal content --><\/p>\n<div class=\"voc-lightbox__photo-container\"><picture class><img loading=\"lazy\" data-original=\"\/\/static.mujerhoy.com\/www\/multimedia\/202302\/16\/media\/cortadas\/bolso-hym-nuevo-k2tF--460x637@MujerHoy.jpeg\" alt=\"Bolso de rafia de H&amp;M (19,99 euros)\" class=\"lazy\"><noscript><img src=\"http:\/\/hoycordobaweb.com\/wp-content\/uploads\/2023\/02\/las-novedades-de-hm-los-vestidos-chaquetas-y-bolsos-que-seran-tendencia-absoluta-esta-primavera-6.jpg\" alt=\"Bolso de rafia de H&amp;M (19,99 euros)\"><\/noscript><\/picture><\/div>\n<\/div>\n<\/div>\n<\/div>\n<p><h3 class=\"voc-detail__title\"> Bolso de rafia (19,99 euros)<br \/>\n<\/h3>\n<\/p>\n<p class=\"voc-paragraph\">Los accesorios en tejidos naturales resurgen cada primavera. Este bolso tiene el tama\u00f1o perfecto para tu d\u00eda a d\u00eda y combina con absolutamente todo tu armario.\n<\/p>\n<div class=\"voc-detail-photo-zoom\"><picture data-toggle=\"modal\" data-target=\"#photoZoomModal-743\" target=\"modal\">\n<div class=\"voc-img-icon-link\"><img loading=\"lazy\" data-original=\"\/\/static1.mujerhoy.com\/www\/multimedia\/202302\/16\/media\/cortadas\/cardigan-hym-nuevo-k2tF--460x637@MujerHoy.jpeg\" class=\"lazy\" alt=\"C\u00e1rdigan calado de H&amp;M (24,99 euros)\"><noscript><img src=\"http:\/\/hoycordobaweb.com\/wp-content\/uploads\/2023\/02\/las-novedades-de-hm-los-vestidos-chaquetas-y-bolsos-que-seran-tendencia-absoluta-esta-primavera-7.jpg\" alt=\"C\u00e1rdigan calado de H&amp;M (24,99 euros)\"><\/noscript><i class=\"voc-icons zoom voc-multimedia-box voc-ico-l\"><\/i><\/div><figcaption class=\"figure-caption\">C\u00e1rdigan calado de H&amp;M (24,99 euros)<\/figcaption><\/picture><\/div>\n<div id=\"photoZoomModal-743\" class=\"voc-lightbox modal fade voc-lightbox--photo-zoom\" role=\"dialog\" data-voc-photozoom-lightbox>\n<div class=\"voc-lightbox__dialog\" role=\"document\">\n<div class=\"voc-lightbox__content\"><!-- Modal header --><!-- Modal content --><\/p>\n<div class=\"voc-lightbox__photo-container\"><picture class><img loading=\"lazy\" data-original=\"\/\/static1.mujerhoy.com\/www\/multimedia\/202302\/16\/media\/cortadas\/cardigan-hym-nuevo-k2tF--460x637@MujerHoy.jpeg\" alt=\"C\u00e1rdigan calado de H&amp;M (24,99 euros)\" class=\"lazy\"><noscript><img src=\"http:\/\/hoycordobaweb.com\/wp-content\/uploads\/2023\/02\/las-novedades-de-hm-los-vestidos-chaquetas-y-bolsos-que-seran-tendencia-absoluta-esta-primavera-7.jpg\" alt=\"C\u00e1rdigan calado de H&amp;M (24,99 euros)\"><\/noscript><\/picture><\/div>\n<\/div>\n<\/div>\n<\/div>\n<p><h3 class=\"voc-detail__title\"> C\u00e1rdigan calado de H&amp;M (24,99 euros)<br \/>\n<\/h3>\n<\/p>\n<p class=\"voc-paragraph\">Las chaquetas de estilo bailarina, cruzadas en la cintura, son la opci\u00f3n m\u00e1s femenina para llevar el punto esta primavera.\n<\/p>\n<div class=\"voc-detail-photo-zoom\"><picture data-toggle=\"modal\" data-target=\"#photoZoomModal-62\" target=\"modal\">\n<div class=\"voc-img-icon-link\"><img loading=\"lazy\" data-original=\"\/\/static1.mujerhoy.com\/www\/multimedia\/202302\/16\/media\/cortadas\/vestido-hym-fiesta-k2tF--460x637@MujerHoy.jpeg\" class=\"lazy\" alt=\"Vestido con los hombros al aire de H&amp;M (59,99 euros)\"><noscript><img src=\"http:\/\/hoycordobaweb.com\/wp-content\/uploads\/2023\/02\/las-novedades-de-hm-los-vestidos-chaquetas-y-bolsos-que-seran-tendencia-absoluta-esta-primavera-8.jpg\" alt=\"Vestido con los hombros al aire de H&amp;M (59,99 euros)\"><\/noscript><i class=\"voc-icons zoom voc-multimedia-box voc-ico-l\"><\/i><\/div><figcaption class=\"figure-caption\">Vestido con los hombros al aire de H&amp;M (59,99 euros)<\/figcaption><\/picture><\/div>\n<div id=\"photoZoomModal-62\" class=\"voc-lightbox modal fade voc-lightbox--photo-zoom\" role=\"dialog\" data-voc-photozoom-lightbox>\n<div class=\"voc-lightbox__dialog\" role=\"document\">\n<div class=\"voc-lightbox__content\"><!-- Modal header --><!-- Modal content --><\/p>\n<div class=\"voc-lightbox__photo-container\"><picture class><img loading=\"lazy\" data-original=\"\/\/static1.mujerhoy.com\/www\/multimedia\/202302\/16\/media\/cortadas\/vestido-hym-fiesta-k2tF--460x637@MujerHoy.jpeg\" alt=\"Vestido con los hombros al aire de H&amp;M (59,99 euros)\" class=\"lazy\"><noscript><img src=\"http:\/\/hoycordobaweb.com\/wp-content\/uploads\/2023\/02\/las-novedades-de-hm-los-vestidos-chaquetas-y-bolsos-que-seran-tendencia-absoluta-esta-primavera-8.jpg\" alt=\"Vestido con los hombros al aire de H&amp;M (59,99 euros)\"><\/noscript><\/picture><\/div>\n<\/div>\n<\/div>\n<\/div>\n<p><h3 class=\"voc-detail__title\"> Vestido con los hombros al aire (59,99 euros)<br \/>\n<\/h3>\n<\/p>\n<p class=\"voc-paragraph\">La temporada alta de bodas est\u00e1 a punto de arrancar y el azul marino ser\u00e1 tu mejor aliado. Un dise\u00f1o atemporal al que le sacar\u00e1s el m\u00e1ximo partido\n<\/p>\n<div class=\"voc-detail-photo-zoom\"><picture data-toggle=\"modal\" data-target=\"#photoZoomModal-11\" target=\"modal\">\n<div class=\"voc-img-icon-link\"><img loading=\"lazy\" data-original=\"\/\/static2.mujerhoy.com\/www\/multimedia\/202302\/16\/media\/cortadas\/blusa-hym-nuevo-k2tF--460x637@MujerHoy.jpeg\" class=\"lazy\" alt=\"Blusa con estampado de flores de H&amp;M (24,99 euros)\"><noscript><img src=\"http:\/\/hoycordobaweb.com\/wp-content\/uploads\/2023\/02\/las-novedades-de-hm-los-vestidos-chaquetas-y-bolsos-que-seran-tendencia-absoluta-esta-primavera-9.jpg\" alt=\"Blusa con estampado de flores de H&amp;M (24,99 euros)\"><\/noscript><i class=\"voc-icons zoom voc-multimedia-box voc-ico-l\"><\/i><\/div><figcaption class=\"figure-caption\">Blusa con estampado de flores de H&amp;M (24,99 euros)<\/figcaption><\/picture><\/div>\n<div id=\"photoZoomModal-11\" class=\"voc-lightbox modal fade voc-lightbox--photo-zoom\" role=\"dialog\" data-voc-photozoom-lightbox>\n<div class=\"voc-lightbox__dialog\" role=\"document\">\n<div class=\"voc-lightbox__content\"><!-- Modal header --><!-- Modal content --><\/p>\n<div class=\"voc-lightbox__photo-container\"><picture class><img loading=\"lazy\" data-original=\"\/\/static2.mujerhoy.com\/www\/multimedia\/202302\/16\/media\/cortadas\/blusa-hym-nuevo-k2tF--460x637@MujerHoy.jpeg\" alt=\"Blusa con estampado de flores de H&amp;M (24,99 euros)\" class=\"lazy\"><noscript><img src=\"http:\/\/hoycordobaweb.com\/wp-content\/uploads\/2023\/02\/las-novedades-de-hm-los-vestidos-chaquetas-y-bolsos-que-seran-tendencia-absoluta-esta-primavera-9.jpg\" alt=\"Blusa con estampado de flores de H&amp;M (24,99 euros)\"><\/noscript><\/picture><\/div>\n<\/div>\n<\/div>\n<\/div>\n<p><h3 class=\"voc-detail__title\"> Blusa con estampado de flores (24,99 euros):<br \/>\n<\/h3>\n<\/p>\n<p class=\"voc-paragraph\">El azul, en todas sus versiones, es uno de los tonos claves de la temporada. Ll\u00e9valo sobre una blusa con estampado floral.\n<\/p>\n<div class=\"voc-detail-photo-zoom\"><picture data-toggle=\"modal\" data-target=\"#photoZoomModal-734\" target=\"modal\">\n<div class=\"voc-img-icon-link\"><img loading=\"lazy\" data-original=\"\/\/static2.mujerhoy.com\/www\/multimedia\/202302\/16\/media\/cortadas\/bolsos-hym-nuevo-k2tF--460x637@MujerHoy.jpeg\" class=\"lazy\" alt=\"Bolso bandolera de H&amp;M (19,99 euros)\"><noscript><img src=\"http:\/\/hoycordobaweb.com\/wp-content\/uploads\/2023\/02\/las-novedades-de-hm-los-vestidos-chaquetas-y-bolsos-que-seran-tendencia-absoluta-esta-primavera-10.jpg\" alt=\"Bolso bandolera de H&amp;M (19,99 euros)\"><\/noscript><i class=\"voc-icons zoom voc-multimedia-box voc-ico-l\"><\/i><\/div><figcaption class=\"figure-caption\">Bolso bandolera de H&amp;M (19,99 euros)<\/figcaption><\/picture><\/div>\n<div id=\"photoZoomModal-734\" class=\"voc-lightbox modal fade voc-lightbox--photo-zoom\" role=\"dialog\" data-voc-photozoom-lightbox>\n<div class=\"voc-lightbox__dialog\" role=\"document\">\n<div class=\"voc-lightbox__content\"><!-- Modal header --><!-- Modal content --><\/p>\n<div class=\"voc-lightbox__photo-container\"><picture class><img loading=\"lazy\" data-original=\"\/\/static2.mujerhoy.com\/www\/multimedia\/202302\/16\/media\/cortadas\/bolsos-hym-nuevo-k2tF--460x637@MujerHoy.jpeg\" alt=\"Bolso bandolera de H&amp;M (19,99 euros)\" class=\"lazy\"><noscript><img src=\"http:\/\/hoycordobaweb.com\/wp-content\/uploads\/2023\/02\/las-novedades-de-hm-los-vestidos-chaquetas-y-bolsos-que-seran-tendencia-absoluta-esta-primavera-10.jpg\" alt=\"Bolso bandolera de H&amp;M (19,99 euros)\"><\/noscript><\/picture><\/div>\n<\/div>\n<\/div>\n<\/div>\n<p><h3 class=\"voc-detail__title\"> Bolso bandolera de H&amp;M (19,99 euros)<br \/>\n<\/h3>\n<\/p>\n<p class=\"voc-paragraph\">Si est\u00e1s buscando un bolso todoterreno, pero que no sea el cl\u00e1sico dise\u00f1o de piel, ya lo has encontrado. \u00a1y puede ser tuyo por muy poco!\n<\/p>\n<p><!-- TOPICS --><\/p>\n","protected":false},"excerpt":{"rendered":"<p>Ha llegado esa \u00e9poca del a\u00f1o en la que pronto el invierno ser\u00e1 un recuerdo lejano y el buen tiempo llamar\u00e1 a la puerta de nuestro armario. Nuestras tiendas favoritas est\u00e1n en perfecta sinton\u00eda con el tiempo y nos invitan a cambiar el chip con un mont\u00f3n de novedades con sabor 100% primaveral, muy similar [&hellip;]<\/p>\n","protected":false},"author":1,"featured_media":55509,"comment_status":"closed","ping_status":"closed","sticky":false,"template":"","format":"standard","meta":[],"categories":[1],"tags":[],"_links":{"self":[{"href":"http:\/\/hoycordobaweb.com\/index.php\/wp-json\/wp\/v2\/posts\/55508"}],"collection":[{"href":"http:\/\/hoycordobaweb.com\/index.php\/wp-json\/wp\/v2\/posts"}],"about":[{"href":"http:\/\/hoycordobaweb.com\/index.php\/wp-json\/wp\/v2\/types\/post"}],"author":[{"embeddable":true,"href":"http:\/\/hoycordobaweb.com\/index.php\/wp-json\/wp\/v2\/users\/1"}],"replies":[{"embeddable":true,"href":"http:\/\/hoycordobaweb.com\/index.php\/wp-json\/wp\/v2\/comments?post=55508"}],"version-history":[{"count":0,"href":"http:\/\/hoycordobaweb.com\/index.php\/wp-json\/wp\/v2\/posts\/55508\/revisions"}],"wp:featuredmedia":[{"embeddable":true,"href":"http:\/\/hoycordobaweb.com\/index.php\/wp-json\/wp\/v2\/media\/55509"}],"wp:attachment":[{"href":"http:\/\/hoycordobaweb.com\/index.php\/wp-json\/wp\/v2\/media?parent=55508"}],"wp:term":[{"taxonomy":"category","embeddable":true,"href":"http:\/\/hoycordobaweb.com\/index.php\/wp-json\/wp\/v2\/categories?post=55508"},{"taxonomy":"post_tag","embeddable":true,"href":"http:\/\/hoycordobaweb.com\/index.php\/wp-json\/wp\/v2\/tags?post=55508"}],"curies":[{"name":"wp","href":"https:\/\/api.w.org\/{rel}","templated":true}]}}