{"id":55502,"date":"2023-02-16T14:00:38","date_gmt":"2023-02-16T14:00:38","guid":{"rendered":"https:\/\/www.ole.com.ar\/ecuador\/fuera-de-juego\/dia-clave-para-dani-alves-termino-la-audiencia-por-su-libertad-y-otro-preso-revelo-detalles_0_IvUlGTIL7x.html"},"modified":"2023-02-16T14:00:38","modified_gmt":"2023-02-16T14:00:38","slug":"dia-clave-para-dani-alves-termino-la-audiencia-por-su-libertad-y-otro-preso-revelo-detalles","status":"publish","type":"post","link":"http:\/\/hoycordobaweb.com\/index.php\/2023\/02\/16\/dia-clave-para-dani-alves-termino-la-audiencia-por-su-libertad-y-otro-preso-revelo-detalles\/","title":{"rendered":"D\u00eda clave para Dani Alves: termin\u00f3 la audiencia por su libertad y otro preso revel\u00f3 detalles"},"content":{"rendered":"<p><img src=\"http:\/\/hoycordobaweb.com\/wp-content\/uploads\/2023\/02\/dia-clave-para-dani-alves-termino-la-audiencia-por-su-libertad-y-otro-preso-revelo-detalles.jpg\"><\/p>\n<div class=\"custom-text \" readability=\"34.122448979592\">\n<p>Este jueves Barcelona recibir\u00e1 al Manchester United en la ida de los 16avos de final de la <a href=\"https:\/\/www.ole.com.ar\/tema\/uefa-europa-league.html\" title=\"UEFA Europa League\" alt=\"UEFA Europa League\" class=\"slug\">Europa League<\/a>. Pero para <a href=\"https:\/\/www.ole.com.ar\/tema\/dani-alves.html\" title=\"Dani Alves\" alt=\"Dani Alves\" class=\"slug\">Dani Alves<\/a> es un d\u00eda a\u00fan m\u00e1s importante: se define si espera el juicio en la c\u00e1rcel o en libertad condicional. El brasile\u00f1o es acusado por agresi\u00f3n sexual y su caso se encuentra en revisi\u00f3n. De hecho, tanto la defensa como la fiscal\u00eda acudieron a la Audiencia y se aguarda por la resoluci\u00f3n de los tres magistrados.<\/p>\n<\/div>\n<div class=\"custom-text \" readability=\"35\">\n<p>El ahora ex jugador de Pumas (le rescindieron al conocerse la noticia) no pudo acudir a la sesi\u00f3n ya que se encuentra en prisi\u00f3n preventiva desde el pasado 20 de enero acusado de haber abusado sexualmente de una joven de 23 a\u00f1os el pasado 30 de diciembre en el ba\u00f1o privado de la discoteca Sutton.<\/p>\n<\/div>\n<div class=\"sc-996041c8-0 kvfKM\"><img alt=\"Dani Alves se mantiene en Brians 2.\" src=\"http:\/\/hoycordobaweb.com\/wp-content\/uploads\/2023\/02\/dia-clave-para-dani-alves-termino-la-audiencia-por-su-libertad-y-otro-preso-revelo-detalles-2.jpg\" width=\"720\" height=\"0\" decoding=\"async\" data-nimg=\"future\" loading=\"lazy\"><span>Dani Alves se mantiene en Brians 2.<\/span><\/div>\n<div class=\"sc-489cef11-0 jHGTKj\" readability=\"6\">\n<section readability=\"2\"><picture><img class=\"img\" src=\"http:\/\/hoycordobaweb.com\/wp-content\/uploads\/2023\/02\/dia-clave-para-dani-alves-termino-la-audiencia-por-su-libertad-y-otro-preso-revelo-detalles-3.jpg\" alt=\"La indemnizaci\u00f3n que cobrar\u00e1 Ronaldo por la causa de violaci\u00f3n en su contra\" height=\"290\" width=\"290\" loading=\"lazy\"><\/picture>\n<p><span>Mir\u00e1 tambi\u00e9n<\/span><\/p>\n<hr>\n<h3>La indemnizaci\u00f3n que cobrar\u00e1 Ronaldo por la causa de violaci\u00f3n en su contra<\/h3>\n<\/p>\n<\/section>\n<\/div>\n<div class=\"sc-489cef11-0 jHGTKj\" readability=\"7\">\n<section readability=\"4\"><picture><img class=\"img\" src=\"http:\/\/hoycordobaweb.com\/wp-content\/uploads\/2023\/02\/dia-clave-para-dani-alves-termino-la-audiencia-por-su-libertad-y-otro-preso-revelo-detalles-4.jpg\" alt=\"El argentino que le robaron el celular los hinchas, fue presentado como el Hombre Ara\u00f1a\" height=\"290\" width=\"290\" loading=\"lazy\"><\/picture>\n<p><span>Mir\u00e1 tambi\u00e9n<\/span><\/p>\n<hr>\n<h3>El argentino que le robaron el celular los hinchas, fue presentado como el Hombre Ara\u00f1a<\/h3>\n<\/p>\n<\/section>\n<\/div>\n<div class=\"custom-text \" readability=\"39\">\n<p>A las 10 de la ma\u00f1ana (hora espa\u00f1ola) comenz\u00f3 la vista en cuesti\u00f3n, donde se presentaron los alegatos frente a la jueza que lleva la causa. \u00abHa sido r\u00e1pida, los tres miembros del tribunal han pedido a las partes que fueran al grano. <strong>La fiscal ha hecho un repaso de los hechos y la carga de pruebas que hay contra Dani Alves\u00bb<\/strong>, explic\u00f3 la periodista Mayka Navarro, a las puertas de la Audiencia de Barcelona.<\/p>\n<\/div>\n<div class=\"custom-text \" readability=\"40\">\n<p>\u00abMartell (abogado del defensor) sabemos que ha presentado dos informes de dos empresas que Alves abri\u00f3 en Barcelona, <strong>dando prueba de su arraigo en la capital y por tanto que no hay riesgo de fuga\u00bb<\/strong>, a\u00f1adi\u00f3 brindando informaci\u00f3n de lo sucedido dentro del Tribunal. La intenci\u00f3n de la defensa, por distintos medios, es demostrar que el lateral derecho no se fugar\u00e1 a Brasil, donde las leyes locales lo benefician al no tener extradici\u00f3n.<\/p>\n<\/div>\n<div class=\"sc-996041c8-0 kvfKM\"><img alt=\"El Tribunal determinar\u00e1 su Alves se mantiene en prisi\u00f3n o sale hasta el juicio.\" src=\"http:\/\/hoycordobaweb.com\/wp-content\/uploads\/2023\/02\/dia-clave-para-dani-alves-termino-la-audiencia-por-su-libertad-y-otro-preso-revelo-detalles-5.jpg\" width=\"720\" height=\"0\" decoding=\"async\" data-nimg=\"future\" loading=\"lazy\"><span>El Tribunal determinar\u00e1 su Alves se mantiene en prisi\u00f3n o sale hasta el juicio.<\/span><\/div>\n<div class=\"sc-489cef11-0 jHGTKj\" readability=\"6\">\n<section readability=\"2\"><picture><img class=\"img\" src=\"http:\/\/hoycordobaweb.com\/wp-content\/uploads\/2023\/02\/dia-clave-para-dani-alves-termino-la-audiencia-por-su-libertad-y-otro-preso-revelo-detalles-6.jpg\" alt=\"El Nacional ya no jugar\u00e1 de local en el Ol\u00edmpico Atahualpa\" height=\"290\" width=\"290\" loading=\"lazy\"><\/picture>\n<p><span>Mir\u00e1 tambi\u00e9n<\/span><\/p>\n<hr>\n<h3>El Nacional ya no jugar\u00e1 de local en el Ol\u00edmpico Atahualpa<\/h3>\n<\/p>\n<\/section>\n<\/div>\n<div class=\"sc-489cef11-0 jHGTKj\" readability=\"6\">\n<section readability=\"2\"><picture><img class=\"img\" src=\"http:\/\/hoycordobaweb.com\/wp-content\/uploads\/2023\/02\/dia-clave-para-dani-alves-termino-la-audiencia-por-su-libertad-y-otro-preso-revelo-detalles-7.jpg\" alt=\"Brasil ya tiene DT para la fecha FIFA de marzo\" height=\"290\" width=\"290\" loading=\"lazy\"><\/picture>\n<p><span>Mir\u00e1 tambi\u00e9n<\/span><\/p>\n<hr>\n<h3>Brasil ya tiene DT para la fecha FIFA de marzo<\/h3>\n<\/p>\n<\/section>\n<\/div>\n<div class=\"custom-text \" readability=\"44\">\n<p>A su vez, Navarro cont\u00f3 que lo m\u00e1s significativo fue el relato de la parte denunciante. \u00abLa intervenci\u00f3n m\u00e1s larga y m\u00e1s interesante ha sido la de Ester Garc\u00eda, la letrada de la v\u00edctima. Lo que ha venido a que decir es que no hay arraigo, que no le sirve de nada ese padr\u00f3n de hace a\u00f1os. Ha aportado, como ya hemos avanzado, unos documentos de Brasil que confirman que Alves tiene, al menos, 15 empresas que le aportan un fuerte m\u00fasculo econ\u00f3mico. <strong>E incluso ha llegado a plantear la capacidad suficiente que tiene Alves para que, con un documento falso, contratar un avi\u00f3n privado y fugarse de Espa\u00f1a\u00bb<\/strong>.<\/p>\n<\/div>\n<div class=\"custom-text \" readability=\"43\">\n<p>A si mismo, la redactora de La Vanguardia advirti\u00f3 que tanto Garc\u00eda como Martell se fueron conformes y anticip\u00f3 que no ser\u00eda nada descabellado que resuelvan a favor de Alves: \u00ab<strong>Si la Audiencia act\u00faa con tanta rapidez, apuntar\u00eda m\u00e1s a que la decisi\u00f3n ser\u00eda favorable a la libertad del acusado<\/strong>, porque se trata de un derecho fundamental. Si el tribunal, despu\u00e9s de escuchar a ambas partes, ya sabe qu\u00e9 decisi\u00f3n va a tomar, Alves no puede estar ni un minuto m\u00e1s en prisi\u00f3n. Es probable que sepamos, durante el d\u00eda de hoy, cu\u00e1l es la decisi\u00f3n del tribunal\u00bb.<\/p>\n<\/div>\n<div class=\"sc-996041c8-0 kvfKM\"><img alt=\"Falleci\u00f3 el perro de Dani Alves mientras estaba en prisi\u00f3n.\" src=\"http:\/\/hoycordobaweb.com\/wp-content\/uploads\/2023\/02\/dia-clave-para-dani-alves-termino-la-audiencia-por-su-libertad-y-otro-preso-revelo-detalles-8.jpg\" width=\"720\" height=\"0\" decoding=\"async\" data-nimg=\"future\" loading=\"lazy\"><span>Falleci\u00f3 el perro de Dani Alves mientras estaba en prisi\u00f3n.<\/span><\/div>\n<div class=\"sc-489cef11-0 jHGTKj\" readability=\"6\">\n<section readability=\"2\"><picture><img class=\"img\" src=\"http:\/\/hoycordobaweb.com\/wp-content\/uploads\/2023\/02\/dia-clave-para-dani-alves-termino-la-audiencia-por-su-libertad-y-otro-preso-revelo-detalles-9.jpg\" alt=\"Cuenca y Liga empataron en la primera final de la Copa de Campeones\" height=\"290\" width=\"290\" loading=\"lazy\"><\/picture>\n<p><span>Mir\u00e1 tambi\u00e9n<\/span><\/p>\n<hr>\n<h3>Cuenca y Liga empataron en la primera final de la Copa de Campeones<\/h3>\n<\/p>\n<\/section>\n<\/div>\n<p><h2>Un preso se\u00f1al\u00f3 que Alves se ve en prisi\u00f3n<\/h2>\n<\/p>\n<div class=\"custom-text \" readability=\"38\">\n<p>A lo largo de los d\u00edas que lleva Dani Alves en prisi\u00f3n, varios medios espa\u00f1oles han indagado y revelado diferentes cuestiones alrededor de c\u00f3mo transita su estad\u00eda el brasile\u00f1o en el penal Brians 2. Y este jueves, en El Programa de Ana Rosa, se pusieron en contacto con uno de los compa\u00f1eros reclusos del hist\u00f3rico defensor. <strong>El hombre asegura que el futbolista de 39 a\u00f1os no conf\u00eda en su puesta en libertad.<\/strong><\/p>\n<\/div>\n<div class=\"custom-text \" readability=\"38\">\n<p>\u00ab\u00c9l ayuda en lo que puede. Compra cosas a la gente de comer y todas esas cosas. Ayuda e invita. Intenta pasar desapercibido y es muy afable con la gente. <strong>No va de estrella.<\/strong> Hay funcionarios que le bailan el agua y hay otros que se alegran de tenerlo ah\u00ed\u00bb, afirm\u00f3 en un testimonio exclusivo, quien comparte sus d\u00edas en prisi\u00f3n con el ex Juventus, PSG y Barcelona.<\/p>\n<\/div>\n<div class=\"sc-996041c8-0 kvfKM\"><img alt=\"La discoteca Sutton.\" src=\"http:\/\/hoycordobaweb.com\/wp-content\/uploads\/2023\/02\/dia-clave-para-dani-alves-termino-la-audiencia-por-su-libertad-y-otro-preso-revelo-detalles-10.jpg\" width=\"720\" height=\"0\" decoding=\"async\" data-nimg=\"future\" loading=\"lazy\"><span>La discoteca Sutton.<\/span><\/div>\n<div class=\"sc-489cef11-0 jHGTKj\" readability=\"6\">\n<section readability=\"2\"><picture><img class=\"img\" src=\"http:\/\/hoycordobaweb.com\/wp-content\/uploads\/2023\/02\/dia-clave-para-dani-alves-termino-la-audiencia-por-su-libertad-y-otro-preso-revelo-detalles-11.jpg\" alt=\"Felipe Caicedo no pasa por un buen momento en Arabia Saudita\" height=\"290\" width=\"290\" loading=\"lazy\"><\/picture>\n<p><span>Mir\u00e1 tambi\u00e9n<\/span><\/p>\n<hr>\n<h3>Felipe Caicedo no pasa por un buen momento en Arabia Saudita<\/h3>\n<\/p>\n<\/section>\n<\/div>\n<div class=\"sc-489cef11-0 jHGTKj\" readability=\"6\">\n<section readability=\"2\"><picture><img class=\"img\" src=\"http:\/\/hoycordobaweb.com\/wp-content\/uploads\/2023\/02\/dia-clave-para-dani-alves-termino-la-audiencia-por-su-libertad-y-otro-preso-revelo-detalles-12.jpg\" alt=\"Revelaron el motivo por el que Santiago Giordana se fue de Mushuc Runa\" height=\"290\" width=\"290\" loading=\"lazy\"><\/picture>\n<p><span>Mir\u00e1 tambi\u00e9n<\/span><\/p>\n<hr>\n<h3>Revelaron el motivo por el que Santiago Giordana se fue de Mushuc Runa<\/h3>\n<\/p>\n<\/section>\n<\/div>\n<div class=\"custom-text \" readability=\"40\">\n<p>Aunque frente a la jueza ya cambi\u00f3 cuatro veces su versi\u00f3n de los hechos en la discoteca Sutton, a los otros presos Alves les mantiene con firmeza que es inocente. \u00ab\u00c9l no habla mucho, pero lo que dice es que \u00e9l no ha abusado de nadie, ni pegado a nadie. <strong>Y que, si la chica no hubiera querido, \u00e9l no hubiese querido hacerlo. Que \u00e9l no oblig\u00f3 a nadie\u00bb.<\/strong><\/p>\n<\/div>\n<div class=\"custom-text \" readability=\"40\">\n<p>Al concluir, sin develar su nombre, el recluso fue consultado por la expectativa que demuestra Dani Alves respecto a la audiencia celebrada este jueves. Seg\u00fan su visi\u00f3n, el brasile\u00f1o no conf\u00eda en la salida: \u00ab\u00c9l cree que que va a seguir dentro. <strong>Ahora cuando la chica ha dicho que tampoco quiere dinero ni nada, pues eso le afecta.<\/strong> Pero \u00e9l cree que no debe estar ah\u00ed dentro y no se siente bien ah\u00ed\u00bb,<\/p>\n<\/div>\n<div class=\"sc-996041c8-0 kvfKM\"><img alt=\"Una celda de Brians 2, seg\u00fan la web de la c\u00e1rcel.\" src=\"http:\/\/hoycordobaweb.com\/wp-content\/uploads\/2023\/02\/dia-clave-para-dani-alves-termino-la-audiencia-por-su-libertad-y-otro-preso-revelo-detalles-13.jpg\" width=\"720\" height=\"0\" decoding=\"async\" data-nimg=\"future\" loading=\"lazy\"><span>Una celda de Brians 2, seg\u00fan la web de la c\u00e1rcel.<\/span><\/div>\n<div class=\"sc-489cef11-0 jHGTKj\" readability=\"6\">\n<section readability=\"2\"><picture><img class=\"img\" src=\"http:\/\/hoycordobaweb.com\/wp-content\/uploads\/2023\/02\/dia-clave-para-dani-alves-termino-la-audiencia-por-su-libertad-y-otro-preso-revelo-detalles-14.jpg\" alt=\"\u00bfCon el nuevo DT?: La Tri enfrentar\u00e1 a Australia en marzo\" height=\"290\" width=\"290\" loading=\"lazy\"><\/picture>\n<p><span>Mir\u00e1 tambi\u00e9n<\/span><\/p>\n<hr>\n<h3>\u00bfCon el nuevo DT?: La Tri enfrentar\u00e1 a Australia en marzo<\/h3>\n<\/p>\n<\/section>\n<\/div>\n","protected":false},"excerpt":{"rendered":"<p>Este jueves Barcelona recibir\u00e1 al Manchester United en la ida de los 16avos de final de la Europa League. Pero para Dani Alves es un d\u00eda a\u00fan m\u00e1s importante: se define si espera el juicio en la c\u00e1rcel o en libertad condicional. El brasile\u00f1o es acusado por agresi\u00f3n sexual y su caso se encuentra en [&hellip;]<\/p>\n","protected":false},"author":1,"featured_media":55503,"comment_status":"open","ping_status":"closed","sticky":false,"template":"","format":"standard","meta":[],"categories":[16],"tags":[],"_links":{"self":[{"href":"http:\/\/hoycordobaweb.com\/index.php\/wp-json\/wp\/v2\/posts\/55502"}],"collection":[{"href":"http:\/\/hoycordobaweb.com\/index.php\/wp-json\/wp\/v2\/posts"}],"about":[{"href":"http:\/\/hoycordobaweb.com\/index.php\/wp-json\/wp\/v2\/types\/post"}],"author":[{"embeddable":true,"href":"http:\/\/hoycordobaweb.com\/index.php\/wp-json\/wp\/v2\/users\/1"}],"replies":[{"embeddable":true,"href":"http:\/\/hoycordobaweb.com\/index.php\/wp-json\/wp\/v2\/comments?post=55502"}],"version-history":[{"count":0,"href":"http:\/\/hoycordobaweb.com\/index.php\/wp-json\/wp\/v2\/posts\/55502\/revisions"}],"wp:featuredmedia":[{"embeddable":true,"href":"http:\/\/hoycordobaweb.com\/index.php\/wp-json\/wp\/v2\/media\/55503"}],"wp:attachment":[{"href":"http:\/\/hoycordobaweb.com\/index.php\/wp-json\/wp\/v2\/media?parent=55502"}],"wp:term":[{"taxonomy":"category","embeddable":true,"href":"http:\/\/hoycordobaweb.com\/index.php\/wp-json\/wp\/v2\/categories?post=55502"},{"taxonomy":"post_tag","embeddable":true,"href":"http:\/\/hoycordobaweb.com\/index.php\/wp-json\/wp\/v2\/tags?post=55502"}],"curies":[{"name":"wp","href":"https:\/\/api.w.org\/{rel}","templated":true}]}}