{"id":55437,"date":"2023-02-14T21:11:53","date_gmt":"2023-02-14T21:11:53","guid":{"rendered":"https:\/\/ladecimaweb.com\/?p=15956"},"modified":"2023-02-14T21:11:53","modified_gmt":"2023-02-14T21:11:53","slug":"carnaval-popular-zona-sur-el-domingo-26","status":"publish","type":"post","link":"http:\/\/hoycordobaweb.com\/index.php\/2023\/02\/14\/carnaval-popular-zona-sur-el-domingo-26\/","title":{"rendered":"Carnaval popular zona sur el domingo 26"},"content":{"rendered":"<div class=\"boldgrid-section\">\n<div class=\"container\">\n<div class=\"row\">\n<div class=\"col-md-12 col-xs-12 col-sm-12\">\n<p>El domingo 26 de febrero, de 18 a 22, se llevar\u00e1 a cabo en Villa El Libertador el Carnaval Popular Zona Sur.<\/p>\n<p>Ser\u00e1 la edici\u00f3n 19\u00b0 de esta celebraci\u00f3n popular que es autogestiva y comunitaria con la participaci\u00f3n de vecinos, artistas, instituciones y organizaciones del barrio.<\/p>\n<p class=\"\">Del desfile participar\u00e1n murgas, comparsas y batucadas de diferentes barrios y localidades.<\/p>\n<p class=\"\"><img loading=\"lazy\" class=\"alignnone size-full wp-image-15958\" src=\"http:\/\/hoycordobaweb.com\/wp-content\/uploads\/2023\/02\/carnaval-popular-zona-sur-el-domingo-26.jpg\" alt=\"\" width=\"800\" height=\"445\" srcset=\"http:\/\/hoycordobaweb.com\/wp-content\/uploads\/2023\/02\/carnaval-popular-zona-sur-el-domingo-26.jpg 800w, http:\/\/hoycordobaweb.com\/wp-content\/uploads\/2023\/02\/carnaval-popular-zona-sur-el-domingo-26-1.jpg 798w, http:\/\/hoycordobaweb.com\/wp-content\/uploads\/2023\/02\/carnaval-popular-zona-sur-el-domingo-26-2.jpg 768w\" sizes=\"(max-width: 800px) 100vw, 800px\" \/><\/p>\n<p class=\"\">La &nbsp;nieve loca, la quema del Momo y el encuentro entre familias y vecinos\/as se esperan con ansias.<\/p>\n<p class=\"\">Los organizadores invitan a las familias del barrio y la zona a \u201cabrazar y a disfrutar del carnaval\u201d.<\/p>\n<p>&nbsp;<\/p>\n<p class=\"\">\n<div class=\"ubm_banner\"><a href=\"https:\/\/www.cba.gov.ar\" target=\"_blank\" rel=\"dofollow noopener noreferrer\"><img src=\"http:\/\/hoycordobaweb.com\/wp-content\/uploads\/2023\/02\/carnaval-popular-zona-sur-el-domingo-26.gif\" alt=\"\"><\/a><\/div>\n<\/div>\n<\/div>\n<\/div>\n<\/div>\n<p>La entrada <a rel=\"nofollow\" href=\"https:\/\/ladecimaweb.com\/carnaval-popular-zona-sur-el-domingo-26\/\">Carnaval popular zona sur el domingo 26<\/a> se public\u00f3 primero en <a rel=\"nofollow\" href=\"https:\/\/ladecimaweb.com\">LaDecima<\/a>.<\/p>\n","protected":false},"excerpt":{"rendered":"<p>El domingo 26 de febrero, de 18 a 22, se llevar\u00e1 a cabo en Villa El Libertador el Carnaval Popular Zona Sur. Ser\u00e1 la edici\u00f3n 19\u00b0 de esta celebraci\u00f3n popular que es autogestiva y comunitaria con la participaci\u00f3n de vecinos, artistas, instituciones y organizaciones del barrio. Del desfile participar\u00e1n murgas, comparsas y batucadas de diferentes [&hellip;]<\/p>\n","protected":false},"author":1,"featured_media":55438,"comment_status":"closed","ping_status":"closed","sticky":false,"template":"","format":"standard","meta":[],"categories":[19],"tags":[],"_links":{"self":[{"href":"http:\/\/hoycordobaweb.com\/index.php\/wp-json\/wp\/v2\/posts\/55437"}],"collection":[{"href":"http:\/\/hoycordobaweb.com\/index.php\/wp-json\/wp\/v2\/posts"}],"about":[{"href":"http:\/\/hoycordobaweb.com\/index.php\/wp-json\/wp\/v2\/types\/post"}],"author":[{"embeddable":true,"href":"http:\/\/hoycordobaweb.com\/index.php\/wp-json\/wp\/v2\/users\/1"}],"replies":[{"embeddable":true,"href":"http:\/\/hoycordobaweb.com\/index.php\/wp-json\/wp\/v2\/comments?post=55437"}],"version-history":[{"count":0,"href":"http:\/\/hoycordobaweb.com\/index.php\/wp-json\/wp\/v2\/posts\/55437\/revisions"}],"wp:featuredmedia":[{"embeddable":true,"href":"http:\/\/hoycordobaweb.com\/index.php\/wp-json\/wp\/v2\/media\/55438"}],"wp:attachment":[{"href":"http:\/\/hoycordobaweb.com\/index.php\/wp-json\/wp\/v2\/media?parent=55437"}],"wp:term":[{"taxonomy":"category","embeddable":true,"href":"http:\/\/hoycordobaweb.com\/index.php\/wp-json\/wp\/v2\/categories?post=55437"},{"taxonomy":"post_tag","embeddable":true,"href":"http:\/\/hoycordobaweb.com\/index.php\/wp-json\/wp\/v2\/tags?post=55437"}],"curies":[{"name":"wp","href":"https:\/\/api.w.org\/{rel}","templated":true}]}}