{"id":55410,"date":"2023-02-14T15:57:00","date_gmt":"2023-02-14T15:57:00","guid":{"rendered":"http:\/\/hoycordobaweb.com\/index.php\/2023\/02\/14\/bahillo-destaco-las-medidas-para-facilitar-el-acceso-a-la-carne\/"},"modified":"2023-02-14T15:57:00","modified_gmt":"2023-02-14T15:57:00","slug":"bahillo-destaco-las-medidas-para-facilitar-el-acceso-a-la-carne","status":"publish","type":"post","link":"http:\/\/hoycordobaweb.com\/index.php\/2023\/02\/14\/bahillo-destaco-las-medidas-para-facilitar-el-acceso-a-la-carne\/","title":{"rendered":"Bahillo destac\u00f3 las medidas para facilitar \u00abel acceso a la carne\u00bb"},"content":{"rendered":"<p><img src=\"http:\/\/hoycordobaweb.com\/wp-content\/uploads\/2023\/02\/bahillo-destaco-las-medidas-para-facilitar-el-acceso-a-la-carne.jpg\"><\/p>\n<figure class=\"mb-3\"><img loading=\"lazy\" src=\"http:\/\/hoycordobaweb.com\/wp-content\/uploads\/2023\/02\/bahillo-destaco-las-medidas-para-facilitar-el-acceso-a-la-carne-2.jpg\" width=\"100%\" height=\"100%\" alt=\"Juan Jos Bahillo Cuando la carne busc su actualizacin obviamente esto se traslada al consumidor en gran parte Foto Pablo Aeli\"><figcaption> Juan Jos\u00e9 Bahillo: \u00abCuando (la carne) busc\u00f3 su actualizaci\u00f3n, obviamente, esto se traslada al consumidor en gran parte\u00bb \/ Foto: Pablo A\u00f1eli <\/figcaption><\/figure>\n<p>El secretario de Agricultura, Ganader\u00eda y Pesca de la Naci\u00f3n, Juan Jos\u00e9 Bahillo, dijo que el plan integral de impulso a la producci\u00f3n y el consumo de carne presentado por el Gobierno es un <strong>\u00abenfoque sist\u00e9mico que pretende generar herramientas que faciliten el acceso a la carnes mediante la demanda, sin afectar los precios productivos\u00bb.<\/strong> <\/p>\n<p>\u00abAyer, el ministro (Sergio) Massa anunci\u00f3 un programa de un enfoque t\u00e9cnico, abordado desde la producci\u00f3n, desde el comercio, desde lo impositivo, desde la realizaci\u00f3n de descuentos compra v\u00eda medio electr\u00f3nico, tarjeta de d\u00e9bito o de cr\u00e9dito del Banco Naci\u00f3n para que la gente acceda a precios m\u00e1s favorables a la carne\u00bb, se\u00f1al\u00f3 Bahillo en declaraciones a T\u00e9lam Radio.<\/p>\n<p>Agreg\u00f3 que la medida se tom\u00f3 \u00abviendo este problema complejo por el incremento del costo de la carne en las carnicer\u00edas a partir del reconocido precio que ten\u00eda que recuperar la hacienda en pie, que estuvo durante ocho meses sin subir el precio\u00bb.<\/p>\n<p>Explic\u00f3 que \u00abcuando (la carne) busc\u00f3 su actualizaci\u00f3n, obviamente, esto se traslada al consumidor en gran parte y afecta el poder adquisitivo de los salarios\u00bb.<\/p>\n<blockquote class><p>La medida se tom\u00f3 \u00abviendo este problema complejo por el incremento del costo de la carne en las carnicer\u00edas a partir del reconocido precio que ten\u00eda que recuperar la hacienda en pie, que estuvo durante ocho meses sin subir el precio\u00bb.<cite class=\"author\">Juan Jos\u00e9 Bahillo<\/cite><\/p><\/blockquote>\n<p>\u00abLa medida del ministro en este enfoque sist\u00e9mico pretende generar herramientas que faciliten el acceso a la carne mediante la demanda, sin afectar lo que son los precios productivos o interviniendo en el primer eslab\u00f3n que la producci\u00f3n\u201d, remarc\u00f3.<\/p>\n<p>Al mismo tiempo, <strong>\u00abgenerando un programa por medio del cual los productores ganaderos pueden remitir a los feedlot hasta 100 cabezas y el Estado les subsidia el cuarenta por ciento del costo, esto permite la terminaci\u00f3n de los terneros, el engorde, y le da a los productores ganaderos una buena alternativa, ya que sabemos que en la actualidad, debido a la sequ\u00eda, la oferta forrajera muy d\u00e9bil\u00bb<\/strong>, afirm\u00f3.<\/p>\n<figure class=\"mb-3\"><img loading=\"lazy\" src=\"http:\/\/hoycordobaweb.com\/wp-content\/uploads\/2023\/02\/bahillo-destaco-las-medidas-para-facilitar-el-acceso-a-la-carne-3.jpg\" width=\"100%\" height=\"100%\" alt=\"Este plan del Gobierno busca generar herramientas que faciliten el acceso a la carnes mediante la demanda FotoArchivo Telam\"><figcaption> Este plan del Gobierno busca generar herramientas que faciliten el acceso a la carnes mediante la demanda \/ Foto:Archivo Telam <\/figcaption><\/figure>\n<p>\u00abLa sequ\u00eda genera un inconveniente adicional al productor ganadero, que por lo general en estas situaciones terminan mal vendiendo el ternero o la ternera que desteta o la misma pierde estado en el campo, en vez de ganar kilos, al haber poca oferta forrajeras, poco pasto debido a la sequ\u00eda, pierde kilos\u00bb, consign\u00f3.<\/p>\n<p>A partir de esto, Bahillo mencion\u00f3 que \u00abhay una alternativa para apuntalar con un aporte de Estado el cuarenta por ciento y que el criador pueda tener una alternativa para retener y terminar, engordar y mandar al mercado con m\u00e1s kilos y obviamente, con mayor precio por kilo\u00bb.<\/p>\n<p>\u00abA su vez, le libera parte del campo para esa vaca que est\u00e1 pre\u00f1ada y est\u00e1 gestando un ternero ya con una gestaci\u00f3n importante, que necesita mejor en nutrici\u00f3n\u00bb, concluy\u00f3. <\/p>\n","protected":false},"excerpt":{"rendered":"<p>Juan Jos\u00e9 Bahillo: \u00abCuando (la carne) busc\u00f3 su actualizaci\u00f3n, obviamente, esto se traslada al consumidor en gran parte\u00bb \/ Foto: Pablo A\u00f1eli El secretario de Agricultura, Ganader\u00eda y Pesca de la Naci\u00f3n, Juan Jos\u00e9 Bahillo, dijo que el plan integral de impulso a la producci\u00f3n y el consumo de carne presentado por el Gobierno es [&hellip;]<\/p>\n","protected":false},"author":1,"featured_media":55411,"comment_status":"open","ping_status":"closed","sticky":false,"template":"","format":"standard","meta":[],"categories":[19],"tags":[],"_links":{"self":[{"href":"http:\/\/hoycordobaweb.com\/index.php\/wp-json\/wp\/v2\/posts\/55410"}],"collection":[{"href":"http:\/\/hoycordobaweb.com\/index.php\/wp-json\/wp\/v2\/posts"}],"about":[{"href":"http:\/\/hoycordobaweb.com\/index.php\/wp-json\/wp\/v2\/types\/post"}],"author":[{"embeddable":true,"href":"http:\/\/hoycordobaweb.com\/index.php\/wp-json\/wp\/v2\/users\/1"}],"replies":[{"embeddable":true,"href":"http:\/\/hoycordobaweb.com\/index.php\/wp-json\/wp\/v2\/comments?post=55410"}],"version-history":[{"count":0,"href":"http:\/\/hoycordobaweb.com\/index.php\/wp-json\/wp\/v2\/posts\/55410\/revisions"}],"wp:featuredmedia":[{"embeddable":true,"href":"http:\/\/hoycordobaweb.com\/index.php\/wp-json\/wp\/v2\/media\/55411"}],"wp:attachment":[{"href":"http:\/\/hoycordobaweb.com\/index.php\/wp-json\/wp\/v2\/media?parent=55410"}],"wp:term":[{"taxonomy":"category","embeddable":true,"href":"http:\/\/hoycordobaweb.com\/index.php\/wp-json\/wp\/v2\/categories?post=55410"},{"taxonomy":"post_tag","embeddable":true,"href":"http:\/\/hoycordobaweb.com\/index.php\/wp-json\/wp\/v2\/tags?post=55410"}],"curies":[{"name":"wp","href":"https:\/\/api.w.org\/{rel}","templated":true}]}}