{"id":55400,"date":"2023-02-14T12:18:39","date_gmt":"2023-02-14T12:18:39","guid":{"rendered":"https:\/\/www.mujerhoy.com\/moda\/no-te-pierdas\/vaqueros-negros-botones-semana-moda-nueva-york-version-zara-superagotados-20230214131837-nt.html"},"modified":"2023-02-14T12:18:39","modified_gmt":"2023-02-14T12:18:39","slug":"los-vaqueros-mas-deseados-de-la-semana-de-la-moda-de-nueva-york-ya-estan-superagotados-en-zara","status":"publish","type":"post","link":"http:\/\/hoycordobaweb.com\/index.php\/2023\/02\/14\/los-vaqueros-mas-deseados-de-la-semana-de-la-moda-de-nueva-york-ya-estan-superagotados-en-zara\/","title":{"rendered":"Los vaqueros m\u00e1s deseados de la Semana de la Moda de Nueva York ya est\u00e1n superagotados en Zara"},"content":{"rendered":"<p><!-- AUTHOR --><\/p>\n<div class=\"voc-author-timesocial \"><!-- AUTHOR --><\/p>\n<div class=\"voc-author-timesocial__signature\"><!-- IMAGE AUTHOR --><picture class=\"voc-image-signature\"><img class=\"voc-image-signature__img\" src=\"http:\/\/hoycordobaweb.com\/wp-content\/uploads\/2023\/02\/los-vaqueros-mas-deseados-de-la-semana-de-la-moda-de-nueva-york-ya-estan-superagotados-en-zara.jpg\" alt=\"Carla Dom\u00ednguez\"><\/picture><!-- INFO AUTHOR --><\/div>\n<\/div>\n<p><!-- COMPONENTS --><\/p>\n<p class=\"voc-paragraph\">A finales de enero y comienzos de febrero se da lugar una de las citas m\u00e1s importantes en el mundo de la moda: la <i>fashion week<\/i>. Par\u00eds, Madrid, Copenhague y por supuesto, Nueva York est\u00e1n entre las ciudades que acoge las presentaciones de las nuevas colecciones de oto\u00f1o-invierno 2023.\n<\/p>\n<p class=\"voc-paragraph\">Gracias al <i>street style<\/i> y los desfiles de moda podemos recoger ideas de lo que se llevar\u00e1 la pr\u00f3xima temporada. Tambi\u00e9n nos da la posibilidad de hacernos con algunas prendas que ya est\u00e1n de casualidad en tienda y que podremos tener en nuestro armario con antelaci\u00f3n.\n<\/p>\n<p class=\"voc-paragraph\">Sucedi\u00f3 en la Semana de la Moda de Copenahgue con <a data-voc-vtm-id=\"in-text-traffic\" href=\"https:\/\/www.mujerhoy.com\/moda\/no-te-pierdas\/tendencia-semana-moda-copenhague-jersey-cut-out-zara-20230202082251-nt.html\">un jersey barat\u00edsimo de Zara<\/a> con dise\u00f1o <i>cut out<\/i> y ahora lo hemos vuelto a ver con unos vaqueros que se convertir\u00e1n en los m\u00e1s deseados de cara a la pr\u00f3xima temporada. As\u00ed lo hemos visto a trav\u00e9s del desfile de Ulla Johnson.\n<\/p>\n<p class=\"voc-paragraph\">El <strong>desfile de Ulla Johnson<\/strong> abri\u00f3 la jornada del domingo en la <strong>Semana de la Moda de Nueva York.<\/strong> Sus desfiles siempre generan expectaci\u00f3n y es una dise\u00f1adora que ha logrado colocarse entre una de las m\u00e1s deseadas. Ha sabido captar a la perfecci\u00f3n su p\u00fablico y crea cl\u00e1sicos totalmente renovados y con aire boho chic ideal.\n<\/p>\n<p class=\"voc-paragraph\">Su colecci\u00f3n de <strong>oto\u00f1o-invierno 2023<\/strong> se llen\u00f3 de siluetas modernas, lujosos <i>tweeds<\/i> y flecos desenfadados. Tambi\u00e9n vimos prendas de ganchillo y zapatos planos puntiaguados o los ic\u00f3nicos tacones con <a data-voc-vtm-id=\"in-text-traffic\" href=\"https:\/\/www.mujerhoy.com\/moda\/no-te-pierdas\/chaquetas-flecos-bonitas-baratas-abrigos-tendencias-otono-20220822133027-nt.html\">flecos de ante<\/a>. Los bolsos tambi\u00e9n fueron el centro de atenci\u00f3n, fabricados en Italia y con una amplia variedad de colores.\n<\/p>\n<p class=\"voc-paragraph\">Eso s\u00ed, aunque vimos muchas tendencias en el desfile de <strong>Ulla Johnson,<\/strong> hay un b\u00e1sico que no ha pasado desaparecibido. Hablamos de un <strong>vaquero negro<\/strong>, sencillo y con varios botones frontales que est\u00e1 destinado en convertirse en uno de los m\u00e1s deseados de la pr\u00f3xima temporada.\n<\/p>\n<div class=\"voc-detail-photo-zoom\"><picture data-toggle=\"modal\" data-target=\"#photoZoomModal-636\" target=\"modal\">\n<div class=\"voc-img-icon-link\"><img loading=\"lazy\" data-original=\"\/\/static3.mujerhoy.com\/www\/multimedia\/202302\/13\/media\/cortadas\/vaqueros-ulla-johnson-kLuE--460x637@MujerHoy.jpg\" class=\"lazy\" alt=\"Vaquero negro de Ulla Johnson. Foto: Cortes\u00eda de Ulla Johnson.\"><noscript><img src=\"http:\/\/hoycordobaweb.com\/wp-content\/uploads\/2023\/02\/los-vaqueros-mas-deseados-de-la-semana-de-la-moda-de-nueva-york-ya-estan-superagotados-en-zara-1.jpg\" alt=\"Vaquero negro de Ulla Johnson. Foto: Cortes\u00eda de Ulla Johnson.\"><\/noscript><i class=\"voc-icons zoom voc-multimedia-box voc-ico-l\"><\/i><\/div><figcaption class=\"figure-caption\">Vaquero negro de Ulla Johnson. Foto: Cortes\u00eda de Ulla Johnson.<\/figcaption><\/picture><\/div>\n<div id=\"photoZoomModal-636\" class=\"voc-lightbox modal fade voc-lightbox--photo-zoom\" role=\"dialog\" data-voc-photozoom-lightbox>\n<div class=\"voc-lightbox__dialog\" role=\"document\">\n<div class=\"voc-lightbox__content\"><!-- Modal header --><!-- Modal content --><\/p>\n<div class=\"voc-lightbox__photo-container\"><picture class><img loading=\"lazy\" data-original=\"\/\/static3.mujerhoy.com\/www\/multimedia\/202302\/13\/media\/cortadas\/vaqueros-ulla-johnson-kLuE--460x637@MujerHoy.jpg\" alt=\"Vaquero negro de Ulla Johnson. Foto: Cortes\u00eda de Ulla Johnson.\" class=\"lazy\"><noscript><img src=\"http:\/\/hoycordobaweb.com\/wp-content\/uploads\/2023\/02\/los-vaqueros-mas-deseados-de-la-semana-de-la-moda-de-nueva-york-ya-estan-superagotados-en-zara-1.jpg\" alt=\"Vaquero negro de Ulla Johnson. Foto: Cortes\u00eda de Ulla Johnson.\"><\/noscript><\/picture><\/div>\n<\/div>\n<\/div>\n<\/div>\n<p class=\"voc-paragraph\">La firma acompa\u00f1\u00f3 este maravilloso y favorecedor vaquero con un top negro semitransparente, con gasa, volantes y bastante volumen. \u00bfLa buena noticia? Este vaquero tendencia y que ha salido recientemente en una de las mejores pasarelas del mundo ya tiene su versi\u00f3n en Zara.\n<\/p>\n<p class=\"voc-paragraph\">En Inditez siempre encontramos versiones similares de lo que se ve en el <i>street style<\/i> o en desfiles. Pues bien, parece que Zara se ha adelantado a la pr\u00f3xima temporada con un vaquero que est\u00e1 casi agotado de la web.\n<\/p>\n<p class=\"voc-paragraph\">Hablamos de este <strong>vaquero de Zara (ref: 4979\/022)<\/strong> pr\u00e1cticamente igual al que ha ense\u00f1ado la firma Ulla Johnson. Es una vaquero de talle alto con cinco bolsillos, efecto lavado y bajo sin costura. Es un pantal\u00f3n muy favorecedor, perfecto para lucir tanto de d\u00eda como de noche.\n<\/p>\n<div class=\"voc-detail-photo-zoom\"><picture data-toggle=\"modal\" data-target=\"#photoZoomModal-500\" target=\"modal\">\n<div class=\"voc-img-icon-link\"><img loading=\"lazy\" data-original=\"\/\/static.mujerhoy.com\/www\/multimedia\/202302\/13\/media\/cortadas\/vaqueros-zara-botones-kLuE--460x637@MujerHoy.jpeg\" class=\"lazy\" alt=\"Pantal\u00f3n vaquero de tiro alto y botones centrales de Zara. Foto: Zara.\"><noscript><img src=\"http:\/\/hoycordobaweb.com\/wp-content\/uploads\/2023\/02\/los-vaqueros-mas-deseados-de-la-semana-de-la-moda-de-nueva-york-ya-estan-superagotados-en-zara-2.jpg\" alt=\"Pantal\u00f3n vaquero de tiro alto y botones centrales de Zara. Foto: Zara.\"><\/noscript><i class=\"voc-icons zoom voc-multimedia-box voc-ico-l\"><\/i><\/div><figcaption class=\"figure-caption\">Pantal\u00f3n vaquero de tiro alto y botones centrales de Zara. Foto: Zara.<\/figcaption><\/picture><\/div>\n<div id=\"photoZoomModal-500\" class=\"voc-lightbox modal fade voc-lightbox--photo-zoom\" role=\"dialog\" data-voc-photozoom-lightbox>\n<div class=\"voc-lightbox__dialog\" role=\"document\">\n<div class=\"voc-lightbox__content\"><!-- Modal header --><!-- Modal content --><\/p>\n<div class=\"voc-lightbox__photo-container\"><picture class><img loading=\"lazy\" data-original=\"\/\/static.mujerhoy.com\/www\/multimedia\/202302\/13\/media\/cortadas\/vaqueros-zara-botones-kLuE--460x637@MujerHoy.jpeg\" alt=\"Pantal\u00f3n vaquero de tiro alto y botones centrales de Zara. Foto: Zara.\" class=\"lazy\"><noscript><img src=\"http:\/\/hoycordobaweb.com\/wp-content\/uploads\/2023\/02\/los-vaqueros-mas-deseados-de-la-semana-de-la-moda-de-nueva-york-ya-estan-superagotados-en-zara-2.jpg\" alt=\"Pantal\u00f3n vaquero de tiro alto y botones centrales de Zara. Foto: Zara.\"><\/noscript><\/picture><\/div>\n<\/div>\n<\/div>\n<\/div>\n<p class=\"voc-paragraph\">Est\u00e1 disponible por <strong>25,95 euros<\/strong> y en muy pocas tallas (al menos online). Es un vaquero que claramente estiliza la figura, no solo por su dise\u00f1o recto, si no tambi\u00e9n por los botones centrales en dorado que ayudan a alargar el cuerpo. \u00bfY t\u00fa, ya tienes el vaquero viral del a\u00f1o?\n<\/p>\n<p><!-- TOPICS --><\/p>\n","protected":false},"excerpt":{"rendered":"<p>A finales de enero y comienzos de febrero se da lugar una de las citas m\u00e1s importantes en el mundo de la moda: la fashion week. Par\u00eds, Madrid, Copenhague y por supuesto, Nueva York est\u00e1n entre las ciudades que acoge las presentaciones de las nuevas colecciones de oto\u00f1o-invierno 2023. Gracias al street style y los [&hellip;]<\/p>\n","protected":false},"author":1,"featured_media":55401,"comment_status":"closed","ping_status":"closed","sticky":false,"template":"","format":"standard","meta":[],"categories":[1],"tags":[],"_links":{"self":[{"href":"http:\/\/hoycordobaweb.com\/index.php\/wp-json\/wp\/v2\/posts\/55400"}],"collection":[{"href":"http:\/\/hoycordobaweb.com\/index.php\/wp-json\/wp\/v2\/posts"}],"about":[{"href":"http:\/\/hoycordobaweb.com\/index.php\/wp-json\/wp\/v2\/types\/post"}],"author":[{"embeddable":true,"href":"http:\/\/hoycordobaweb.com\/index.php\/wp-json\/wp\/v2\/users\/1"}],"replies":[{"embeddable":true,"href":"http:\/\/hoycordobaweb.com\/index.php\/wp-json\/wp\/v2\/comments?post=55400"}],"version-history":[{"count":0,"href":"http:\/\/hoycordobaweb.com\/index.php\/wp-json\/wp\/v2\/posts\/55400\/revisions"}],"wp:featuredmedia":[{"embeddable":true,"href":"http:\/\/hoycordobaweb.com\/index.php\/wp-json\/wp\/v2\/media\/55401"}],"wp:attachment":[{"href":"http:\/\/hoycordobaweb.com\/index.php\/wp-json\/wp\/v2\/media?parent=55400"}],"wp:term":[{"taxonomy":"category","embeddable":true,"href":"http:\/\/hoycordobaweb.com\/index.php\/wp-json\/wp\/v2\/categories?post=55400"},{"taxonomy":"post_tag","embeddable":true,"href":"http:\/\/hoycordobaweb.com\/index.php\/wp-json\/wp\/v2\/tags?post=55400"}],"curies":[{"name":"wp","href":"https:\/\/api.w.org\/{rel}","templated":true}]}}