{"id":55398,"date":"2023-02-14T12:19:50","date_gmt":"2023-02-14T12:19:50","guid":{"rendered":"https:\/\/www.mujerhoy.com\/moda\/no-te-pierdas\/faja-reductora-zara-efecto-moldeador-vientre-plano-estiliza-20230214131945-nt.html"},"modified":"2023-02-14T12:19:50","modified_gmt":"2023-02-14T12:19:50","slug":"la-faja-reductora-de-zara-que-se-ha-hecho-viral-porque-estiliza-y-moldea-la-figura-y-esta-agotada-y-con-lista-de-espera","status":"publish","type":"post","link":"http:\/\/hoycordobaweb.com\/index.php\/2023\/02\/14\/la-faja-reductora-de-zara-que-se-ha-hecho-viral-porque-estiliza-y-moldea-la-figura-y-esta-agotada-y-con-lista-de-espera\/","title":{"rendered":"La faja reductora de Zara que se ha hecho viral porque estiliza y moldea la figura (y est\u00e1 agotada y con lista de espera)"},"content":{"rendered":"<p><!-- AUTHOR --><\/p>\n<div class=\"voc-author-timesocial \"><!-- AUTHOR --><\/p>\n<div class=\"voc-author-timesocial__signature\"><!-- IMAGE AUTHOR --><picture class=\"voc-image-signature\"><img class=\"voc-image-signature__img\" src=\"http:\/\/hoycordobaweb.com\/wp-content\/uploads\/2023\/02\/la-faja-reductora-de-zara-que-se-ha-hecho-viral-porque-estiliza-y-moldea-la-figura-y-esta-agotada-y-con-lista-de-espera.jpg\" alt=\"Raquel Rodr\u00edguez\"><\/picture><!-- INFO AUTHOR --><\/div>\n<\/div>\n<p><!-- COMPONENTS --><\/p>\n<p class=\"voc-paragraph\">De las novedades que han llegado a nuestras tiendas low cost favoritas, no solo hemos destacado <a data-voc-vtm-id=\"in-text-traffic\" href=\"https:\/\/www.mujerhoy.com\/moda\/no-te-pierdas\/mango-nueva-coleccion-mango-vestidos-baratos-chaquetas-elegantes-a-punto-de-agotarse-20230213003550-nt.html\" title=\"www.mujerhoy.com\">la nueva colecci\u00f3n de Mango<\/a> o <a data-voc-vtm-id=\"in-text-traffic\" href=\"https:\/\/www.mujerhoy.com\/moda\/no-te-pierdas\/nueva-coleccion-primark-semana-novedades-baratas-vestidos-chaquetas-20230211004047-nt.html\" title=\"www.mujerhoy.com\">las chaquetas de entretiempo de Primark<\/a>, sino que tambi\u00e9n queremos hablarte de una prenda que inesperadamente se ha hecho viral y que es un &#8216;must have&#8217; en cualquier armario.\n<\/p>\n<p class=\"voc-paragraph\">A\u00fan quedan bastantes d\u00edas de fr\u00edo, pero gracias a las nuevas colecciones ya tenemos puesta la mirada en la primavera y en los looks m\u00e1s frescos. Tenemos ganas de sol y buen tiempo y ya estamos pensando en prendas como los vestidos de flores o blusas primaverales.\n<\/p>\n<p class=\"voc-paragraph\">Sin embargo, a pesar de que en las novedades de las firmas low cost hay prendas ideales y que merecen mucho la pena, ha sido otra pieza la que se ha hecho viral y que no tiene nada que ver con los looks de entretiempo que ya estamos deseando llevar.\n<\/p>\n<p class=\"voc-paragraph\">Hablamos de unas <strong>mallas de ciclista<\/strong> que forman parte de la colecci\u00f3n de lencer\u00eda de <strong>Zara <\/strong>y de las que todo el mundo est\u00e1 hablando en Tiktok y en Instagram. Tanto es as\u00ed, que en la web de la firma ya aparecen como agotad\u00edsimas en todas las tallas.\n<\/p>\n<div class=\"voc-detail-photo-zoom\"><picture data-toggle=\"modal\" data-target=\"#photoZoomModal-682\" target=\"modal\">\n<div class=\"voc-img-icon-link\"><img loading=\"lazy\" data-original=\"\/\/static2.mujerhoy.com\/www\/multimedia\/202302\/13\/media\/cortadas\/mallas-ciclista-moldeadoras-zara-kUmB--460x637@MujerHoy.jpg\" class=\"lazy\" alt=\"Las mallas reductoras de Zara.\"><noscript><img src=\"http:\/\/hoycordobaweb.com\/wp-content\/uploads\/2023\/02\/la-faja-reductora-de-zara-que-se-ha-hecho-viral-porque-estiliza-y-moldea-la-figura-y-esta-agotada-y-con-lista-de-espera-1.jpg\" alt=\"Las mallas reductoras de Zara.\"><\/noscript><i class=\"voc-icons zoom voc-multimedia-box voc-ico-l\"><\/i><\/div><figcaption class=\"figure-caption\">Las mallas reductoras de Zara.<\/figcaption><\/picture><\/div>\n<div id=\"photoZoomModal-682\" class=\"voc-lightbox modal fade voc-lightbox--photo-zoom\" role=\"dialog\" data-voc-photozoom-lightbox>\n<div class=\"voc-lightbox__dialog\" role=\"document\">\n<div class=\"voc-lightbox__content\"><!-- Modal header --><!-- Modal content --><\/p>\n<div class=\"voc-lightbox__photo-container\"><picture class><img loading=\"lazy\" data-original=\"\/\/static2.mujerhoy.com\/www\/multimedia\/202302\/13\/media\/cortadas\/mallas-ciclista-moldeadoras-zara-kUmB--460x637@MujerHoy.jpg\" alt=\"Las mallas reductoras de Zara.\" class=\"lazy\"><noscript><img src=\"http:\/\/hoycordobaweb.com\/wp-content\/uploads\/2023\/02\/la-faja-reductora-de-zara-que-se-ha-hecho-viral-porque-estiliza-y-moldea-la-figura-y-esta-agotada-y-con-lista-de-espera-1.jpg\" alt=\"Las mallas reductoras de Zara.\"><\/noscript><\/picture><\/div>\n<\/div>\n<\/div>\n<\/div>\n<p class=\"voc-paragraph\">Hablamos de unos leggings de ciclista en color negro que han llegado al gigante de Inditex hace tan solo unos d\u00edas y que se han vuelto virales porque est\u00e1n confeccionados con un tejido en mezcla de poliamida que <strong>realza y estiliza <\/strong>la figura.\n<\/p>\n<p class=\"voc-paragraph\">S\u00ed, hablamos del complemento perfecto para llevar debajo de las prendas m\u00e1s ajustadas y presumir de una figura estilizada gracias a su dise\u00f1o de tiro alto <strong>moldeador<\/strong>. P\u00f3ntelas debajo de los vestidos o faldas y te olvidar\u00e1s de que se te marquen algunas zonas del cuerpo indeseadas.\n<\/p>\n<p class=\"voc-paragraph\">Y es que, estas mallas destacan tambi\u00e9n por tener una cintura interior termosellada que consigue un mayor efecto de <strong>vientre plano<\/strong>. Adem\u00e1s, son perfectas para evitar tambi\u00e9n que se marque la ropa interior escogida para llevar debajo de esos <strong>looks m\u00e1s ajustados<\/strong>. <\/p>\n<div class=\"voc-detail__cmp\">\n<div class=\"voc-article-container\">\n<article class=\"voc-article voc-article--cmp-photo-text\" readability=\"26\">\n<div class=\"voc-img-container\" readability=\"7\"><picture>\n<div class=\"voc-horizontal voc-img-icon-link\"><img class=\"lazy\" loading=\"lazy\" data-original=\"\/\/static1.mujerhoy.com\/www\/multimedia\/202302\/13\/media\/cortadas\/faja-reductora-zara-kUmB--624x624@MujerHoy.jpg\" alt=\"As\u00ed son los leggings reductores de Zara.\"><\/div>\n<\/picture>\n<p class=\"figure-caption \"> As\u00ed son los leggings reductores de Zara. <span class=\"voc-photo-author\"><\/span><\/p>\n<\/div>\n<\/article>\n<\/div>\n<\/div>\n<p class=\"voc-paragraph\">Cuestan <strong>25,95 euros <\/strong>y est\u00e1n (o mejor dicho, estaban) disponibles desde la talla S a la XL. La mala noticia es que, despu\u00e9s de que se hayan hecho virales en las redes sociales, son muchas las que han ido en su b\u00fasqueda y mientras escribimos estas l\u00edneas, aparecen con el cartel de <i>sold out<\/i>.\n<\/p>\n<p class=\"voc-paragraph\">Aunque eso s\u00ed, si te has quedado con ganas de probarlas, debes saber que al ser una prenda de nueva colecci\u00f3n, es posible que las repongan pronto o que las encuentres en tienda f\u00edsica. Merece la pena encontrarlas, ya que es un b\u00e1sico que tener el armario y al que recurrir en momentos concretos.\n<\/p>\n<p><!-- TOPICS --><\/p>\n","protected":false},"excerpt":{"rendered":"<p>De las novedades que han llegado a nuestras tiendas low cost favoritas, no solo hemos destacado la nueva colecci\u00f3n de Mango o las chaquetas de entretiempo de Primark, sino que tambi\u00e9n queremos hablarte de una prenda que inesperadamente se ha hecho viral y que es un &#8216;must have&#8217; en cualquier armario. A\u00fan quedan bastantes d\u00edas [&hellip;]<\/p>\n","protected":false},"author":1,"featured_media":55399,"comment_status":"closed","ping_status":"closed","sticky":false,"template":"","format":"standard","meta":[],"categories":[1],"tags":[],"_links":{"self":[{"href":"http:\/\/hoycordobaweb.com\/index.php\/wp-json\/wp\/v2\/posts\/55398"}],"collection":[{"href":"http:\/\/hoycordobaweb.com\/index.php\/wp-json\/wp\/v2\/posts"}],"about":[{"href":"http:\/\/hoycordobaweb.com\/index.php\/wp-json\/wp\/v2\/types\/post"}],"author":[{"embeddable":true,"href":"http:\/\/hoycordobaweb.com\/index.php\/wp-json\/wp\/v2\/users\/1"}],"replies":[{"embeddable":true,"href":"http:\/\/hoycordobaweb.com\/index.php\/wp-json\/wp\/v2\/comments?post=55398"}],"version-history":[{"count":0,"href":"http:\/\/hoycordobaweb.com\/index.php\/wp-json\/wp\/v2\/posts\/55398\/revisions"}],"wp:featuredmedia":[{"embeddable":true,"href":"http:\/\/hoycordobaweb.com\/index.php\/wp-json\/wp\/v2\/media\/55399"}],"wp:attachment":[{"href":"http:\/\/hoycordobaweb.com\/index.php\/wp-json\/wp\/v2\/media?parent=55398"}],"wp:term":[{"taxonomy":"category","embeddable":true,"href":"http:\/\/hoycordobaweb.com\/index.php\/wp-json\/wp\/v2\/categories?post=55398"},{"taxonomy":"post_tag","embeddable":true,"href":"http:\/\/hoycordobaweb.com\/index.php\/wp-json\/wp\/v2\/tags?post=55398"}],"curies":[{"name":"wp","href":"https:\/\/api.w.org\/{rel}","templated":true}]}}