{"id":55380,"date":"2023-02-14T12:57:19","date_gmt":"2023-02-14T12:57:19","guid":{"rendered":"https:\/\/ladecimaweb.com\/?p=15950"},"modified":"2023-02-14T12:57:19","modified_gmt":"2023-02-14T12:57:19","slug":"el-parque-educativo-sur-ampliara-su-oferta-cultural-y-deportiva","status":"publish","type":"post","link":"http:\/\/hoycordobaweb.com\/index.php\/2023\/02\/14\/el-parque-educativo-sur-ampliara-su-oferta-cultural-y-deportiva\/","title":{"rendered":"El Parque Educativo Sur ampliar\u00e1 su oferta cultural y deportiva"},"content":{"rendered":"<div class=\"boldgrid-section\">\n<div class=\"container\">\n<div class=\"row\">\n<div class=\"col-md-12 col-xs-12 col-sm-12\">\n<p>El Viceintendente Daniel Passerini y el Secretario de Educaci\u00f3n, Horacio Ferreyra,&nbsp; recorrieron las instalaciones del parque Educativo Sur, donde desde el mes de marzo funcionar\u00e1 la nueva TECNOTECA CREA, acondicionado con tecnolog\u00eda de vanguardia para la experimentaci\u00f3n, el aprendizaje y la formaci\u00f3n en \u00e1reas vinculadas a la multimedia, lo digital y el arte.<\/p>\n<p>Ubicado en barrio Congreso, este parque incorpora a su agenda de actividades un sistema de aros de b\u00e1squet adaptado para ni\u00f1os&nbsp; con movilidad reducida, que estar\u00e1 ubicado en el sal\u00f3n de usos m\u00faltiples.<\/p>\n<p>En otro sector del parque se llevan adelante tareas de reparaci\u00f3n de herrer\u00eda para proteger el edificio, enfocadas en las aberturas exteriores, dotaci\u00f3n de luminaria led en el SUM y mantenimiento de los ba\u00f1os. El monto de inversi\u00f3n en este sentido asciende a los $ 4.000.000.<\/p>\n<p class=\"\">El Viceintendente se mostr\u00f3 conforme con los avances:<span>&nbsp;<\/span><em>\u201cLas mejoras que se est\u00e1n haciendo en el lugar beneficiar\u00e1n a vecinas y vecinos que cotidianamente forman parte de la vida diaria del Parque Educativo Sur. Adem\u00e1s, es una invitaci\u00f3n para que se sumen aquellos que a\u00fan no lo est\u00e1n haciendo, porque con estas intervenciones se ampl\u00eda la oferta cultural y deportiva de este centro que invita al desarrollo y crecimiento personal y social\u201d.<\/em><\/p>\n<p><em>\u201cComo sostiene nuestro intendente Mart\u00edn Llaryora, en cada rinc\u00f3n de la ciudad seguiremos trabajando con la finalidad de ampliar oportunidades y de ensanchar la inclusi\u00f3n de nuestras vecinas y vecinos. Con las nuevas reformas en el parque, el deporte ampl\u00eda su democratizaci\u00f3n, y gracias al Espacio Crea, se favorecen instancias para la formaci\u00f3n en \u00e1reas de gran actualidad, para la expresi\u00f3n, la creatividad y el arte\u201d<\/em>, concluy\u00f3 el Secretario de Educaci\u00f3n, Horacio Ferreyra.<\/p>\n<p class=\"\">Las obras de construcci\u00f3n y reparaci\u00f3n se intensificaron no s\u00f3lo en los parques, sino en escuelas y jardines para seguir mejorando las condiciones y de esta manera ampliar las propuestas para que todos tengamos acceso a la educaci\u00f3n, la cultura, el deporte y la recreaci\u00f3n. Las inversiones previstas para esta etapa superan los $200.000.000.<\/p>\n<p class=\"\">\n<div class=\"ubm_banner\"><a href=\"https:\/\/www.cba.gov.ar\" target=\"_blank\" rel=\"dofollow noopener noreferrer\"><img src=\"http:\/\/hoycordobaweb.com\/wp-content\/uploads\/2023\/02\/el-parque-educativo-sur-ampliara-su-oferta-cultural-y-deportiva.gif\" alt=\"\"><\/a><\/div>\n<\/div>\n<\/div>\n<\/div>\n<\/div>\n<p>La entrada <a rel=\"nofollow\" href=\"https:\/\/ladecimaweb.com\/el-parque-educativo-sur-ampliara-su-oferta-cultural-y-deportiva\/\">El Parque Educativo Sur ampliar\u00e1 su oferta cultural y deportiva<\/a> se public\u00f3 primero en <a rel=\"nofollow\" href=\"https:\/\/ladecimaweb.com\">LaDecima<\/a>.<\/p>\n","protected":false},"excerpt":{"rendered":"<p>El Viceintendente Daniel Passerini y el Secretario de Educaci\u00f3n, Horacio Ferreyra,&nbsp; recorrieron las instalaciones del parque Educativo Sur, donde desde el mes de marzo funcionar\u00e1 la nueva TECNOTECA CREA, acondicionado con tecnolog\u00eda de vanguardia para la experimentaci\u00f3n, el aprendizaje y la formaci\u00f3n en \u00e1reas vinculadas a la multimedia, lo digital y el arte. Ubicado en [&hellip;]<\/p>\n","protected":false},"author":1,"featured_media":55381,"comment_status":"closed","ping_status":"closed","sticky":false,"template":"","format":"standard","meta":[],"categories":[19],"tags":[],"_links":{"self":[{"href":"http:\/\/hoycordobaweb.com\/index.php\/wp-json\/wp\/v2\/posts\/55380"}],"collection":[{"href":"http:\/\/hoycordobaweb.com\/index.php\/wp-json\/wp\/v2\/posts"}],"about":[{"href":"http:\/\/hoycordobaweb.com\/index.php\/wp-json\/wp\/v2\/types\/post"}],"author":[{"embeddable":true,"href":"http:\/\/hoycordobaweb.com\/index.php\/wp-json\/wp\/v2\/users\/1"}],"replies":[{"embeddable":true,"href":"http:\/\/hoycordobaweb.com\/index.php\/wp-json\/wp\/v2\/comments?post=55380"}],"version-history":[{"count":0,"href":"http:\/\/hoycordobaweb.com\/index.php\/wp-json\/wp\/v2\/posts\/55380\/revisions"}],"wp:featuredmedia":[{"embeddable":true,"href":"http:\/\/hoycordobaweb.com\/index.php\/wp-json\/wp\/v2\/media\/55381"}],"wp:attachment":[{"href":"http:\/\/hoycordobaweb.com\/index.php\/wp-json\/wp\/v2\/media?parent=55380"}],"wp:term":[{"taxonomy":"category","embeddable":true,"href":"http:\/\/hoycordobaweb.com\/index.php\/wp-json\/wp\/v2\/categories?post=55380"},{"taxonomy":"post_tag","embeddable":true,"href":"http:\/\/hoycordobaweb.com\/index.php\/wp-json\/wp\/v2\/tags?post=55380"}],"curies":[{"name":"wp","href":"https:\/\/api.w.org\/{rel}","templated":true}]}}