{"id":55369,"date":"2023-02-13T10:11:00","date_gmt":"2023-02-13T10:11:00","guid":{"rendered":"https:\/\/fm-comunicar.com.ar\/contenido\/20013\/los-municipios-extendieron-el-vencimiento-del-pago-de-tasas-de-este-ano"},"modified":"2023-02-13T10:11:00","modified_gmt":"2023-02-13T10:11:00","slug":"los-municipios-extendieron-el-vencimiento-del-pago-de-tasas-de-este-ano","status":"publish","type":"post","link":"http:\/\/hoycordobaweb.com\/index.php\/2023\/02\/13\/los-municipios-extendieron-el-vencimiento-del-pago-de-tasas-de-este-ano\/","title":{"rendered":"Los municipios extendieron el vencimiento del pago de tasas de este a\u00f1o"},"content":{"rendered":"<p>Colonia Caroya otorg\u00f3 una pr\u00f3rroga hasta este viernes 17 para adherir al programa de \u00abContribuyente Cumplidor\u00bb y abonar el resto de impuesto. Jes\u00fas Mar\u00eda alarg\u00f3 el plazo hasta el 3 de marzo para la Tasa a la Propiedad.<img src=\"http:\/\/hoycordobaweb.com\/wp-content\/uploads\/2023\/02\/los-municipios-extendieron-el-vencimiento-del-pago-de-tasas-de-este-ano.png\"><\/p>\n","protected":false},"excerpt":{"rendered":"<p>Colonia Caroya otorg\u00f3 una pr\u00f3rroga hasta este viernes 17 para adherir al programa de \u00abContribuyente Cumplidor\u00bb y abonar el resto de impuesto. Jes\u00fas Mar\u00eda alarg\u00f3 el plazo hasta el 3 de marzo para la Tasa a la Propiedad.<\/p>\n","protected":false},"author":1,"featured_media":55370,"comment_status":"closed","ping_status":"closed","sticky":false,"template":"","format":"standard","meta":[],"categories":[18],"tags":[],"_links":{"self":[{"href":"http:\/\/hoycordobaweb.com\/index.php\/wp-json\/wp\/v2\/posts\/55369"}],"collection":[{"href":"http:\/\/hoycordobaweb.com\/index.php\/wp-json\/wp\/v2\/posts"}],"about":[{"href":"http:\/\/hoycordobaweb.com\/index.php\/wp-json\/wp\/v2\/types\/post"}],"author":[{"embeddable":true,"href":"http:\/\/hoycordobaweb.com\/index.php\/wp-json\/wp\/v2\/users\/1"}],"replies":[{"embeddable":true,"href":"http:\/\/hoycordobaweb.com\/index.php\/wp-json\/wp\/v2\/comments?post=55369"}],"version-history":[{"count":0,"href":"http:\/\/hoycordobaweb.com\/index.php\/wp-json\/wp\/v2\/posts\/55369\/revisions"}],"wp:featuredmedia":[{"embeddable":true,"href":"http:\/\/hoycordobaweb.com\/index.php\/wp-json\/wp\/v2\/media\/55370"}],"wp:attachment":[{"href":"http:\/\/hoycordobaweb.com\/index.php\/wp-json\/wp\/v2\/media?parent=55369"}],"wp:term":[{"taxonomy":"category","embeddable":true,"href":"http:\/\/hoycordobaweb.com\/index.php\/wp-json\/wp\/v2\/categories?post=55369"},{"taxonomy":"post_tag","embeddable":true,"href":"http:\/\/hoycordobaweb.com\/index.php\/wp-json\/wp\/v2\/tags?post=55369"}],"curies":[{"name":"wp","href":"https:\/\/api.w.org\/{rel}","templated":true}]}}