{"id":55342,"date":"2023-02-13T13:30:10","date_gmt":"2023-02-13T13:30:10","guid":{"rendered":"https:\/\/www.ole.com.ar\/futbol-internacional\/espana\/tata-martino-aparece-como-candidato-para-dirigir-valencia_0_FQGKmFeqvl.html"},"modified":"2023-02-13T13:30:10","modified_gmt":"2023-02-13T13:30:10","slug":"el-tata-martino-aparece-como-candidato-para-dirigir-al-valencia","status":"publish","type":"post","link":"http:\/\/hoycordobaweb.com\/index.php\/2023\/02\/13\/el-tata-martino-aparece-como-candidato-para-dirigir-al-valencia\/","title":{"rendered":"El Tata Martino aparece como candidato para dirigir al Valencia"},"content":{"rendered":"<p><img src=\"http:\/\/hoycordobaweb.com\/wp-content\/uploads\/2023\/02\/el-tata-martino-aparece-como-candidato-para-dirigir-al-valencia.jpg\"><\/p>\n<div class=\"custom-text \" readability=\"33.428571428571\">\n<p>Despu\u00e9s de una olvidable campa\u00f1a en el Mundial de Qatar con la s<a href=\"https:\/\/www.ole.com.ar\/tema\/seleccion-de-mexico.html\" title=\"Selecci\u00f3n de M\u00e9xico\" alt=\"Selecci\u00f3n de M\u00e9xico\" class=\"slug\">elecci\u00f3n de M\u00e9xico<\/a>, cuando no pudo pasar la fase de grupos, <a href=\"https:\/\/www.ole.com.ar\/tema\/gerardo-martino.html\" title=\"Gerardo Martino\" alt=\"Gerardo Martino\" class=\"slug\"><strong>Gerardo Martino<\/strong><\/a> anunci\u00f3 su renuncia luego de tres a\u00f1os. Ahora, <strong>seg\u00fan la informaci\u00f3n del medio espa\u00f1ol \u00c0 punt Esports, el <\/strong><a href=\"https:\/\/www.ole.com.ar\/tema\/valencia-fc.html\" title=\"Valencia FC\" alt=\"Valencia FC\" class=\"slug\"><strong>Valencia<\/strong><\/a><strong> estar\u00eda interesado en sus servicios.<\/strong><\/p>\n<\/div>\n<div class=\"sc-996041c8-0 kvfKM\"><img alt=\"Tras la eliminaci\u00f3n en Qatar, Martino se despidi\u00f3 de M\u00e9xico (EFE).\" src=\"http:\/\/hoycordobaweb.com\/wp-content\/uploads\/2023\/02\/el-tata-martino-aparece-como-candidato-para-dirigir-al-valencia-2.jpg\" width=\"720\" height=\"0\" decoding=\"async\" data-nimg=\"future\" loading=\"lazy\"><span>Tras la eliminaci\u00f3n en Qatar, Martino se despidi\u00f3 de M\u00e9xico (EFE).<\/span><\/div>\n<div class=\"sc-489cef11-0 jHGTKj\" readability=\"6\">\n<section readability=\"2\"><picture><img class=\"img\" src=\"http:\/\/hoycordobaweb.com\/wp-content\/uploads\/2023\/02\/el-tata-martino-aparece-como-candidato-para-dirigir-al-valencia-3.jpg\" alt=\"Cocca ya asumi\u00f3 en M\u00e9xico\" height=\"290\" width=\"290\" loading=\"lazy\"><\/picture>\n<p><span>Mir\u00e1 tambi\u00e9n<\/span><\/p>\n<hr>\n<h3>Cocca ya asumi\u00f3 en M\u00e9xico<\/h3>\n<\/p>\n<\/section>\n<\/div>\n<div class=\"custom-text \" readability=\"37\">\n<p><strong>\u00abMi contrato termin\u00f3 cuando el \u00e1rbitro pit\u00f3 el final\u00bb, se\u00f1al\u00f3 Martino luego de la victoria del conjunto azteca 2-1 sobre Arabia Saudita<\/strong> la cual, por la diferencia de gol favorable a Polonia, signific\u00f3 la eliminaci\u00f3n del pa\u00eds norteamericano de la Copa del Mundo.<\/p>\n<\/div>\n<div class=\"sc-489cef11-0 jHGTKj\" readability=\"6\">\n<section readability=\"2\"><picture><img class=\"img\" src=\"http:\/\/hoycordobaweb.com\/wp-content\/uploads\/2023\/02\/el-tata-martino-aparece-como-candidato-para-dirigir-al-valencia-4.jpg\" alt=\"El Barcelona arriba con resultado repetido \" height=\"290\" width=\"290\" loading=\"lazy\"><\/picture>\n<p><span>Mir\u00e1 tambi\u00e9n<\/span><\/p>\n<hr>\n<h3>El Barcelona arriba con resultado repetido <\/h3>\n<\/p>\n<\/section>\n<\/div>\n<div class=\"custom-text \" readability=\"36\">\n<p>A poco m\u00e1s de dos meses de aquel partido, <strong>el Tata suena para dirigir en Espa\u00f1a, m\u00e1s precisamente en el Valencia. <\/strong>Gennaro Gattuso se march\u00f3 del club hace unas semanas y en su lugar asumi\u00f3 de forma interina Salvador Gonz\u00e1lez Marco hasta que el club encuentre al sustituto del italiano.<\/p>\n<\/div>\n<div class=\"sc-996041c8-0 kvfKM\"><img alt=\"Gattuso se march\u00f3 del Valencia por los malos resultados.\" src=\"http:\/\/hoycordobaweb.com\/wp-content\/uploads\/2023\/02\/el-tata-martino-aparece-como-candidato-para-dirigir-al-valencia-5.jpg\" width=\"720\" height=\"0\" decoding=\"async\" data-nimg=\"future\" loading=\"lazy\"><span>Gattuso se march\u00f3 del Valencia por los malos resultados.<\/span><\/div>\n<div class=\"sc-489cef11-0 jHGTKj\" readability=\"6\">\n<section readability=\"2\"><picture><img class=\"img\" src=\"http:\/\/hoycordobaweb.com\/wp-content\/uploads\/2023\/02\/el-tata-martino-aparece-como-candidato-para-dirigir-al-valencia-6.jpg\" alt=\"Triunfo clave del Atleti\" height=\"290\" width=\"290\" loading=\"lazy\"><\/picture>\n<p><span>Mir\u00e1 tambi\u00e9n<\/span><\/p>\n<hr>\n<h3>Triunfo clave del Atleti<\/h3>\n<\/p>\n<\/section>\n<\/div>\n<div class=\"custom-text \" readability=\"34\">\n<p><strong>El conjunto Ch\u00e9 est\u00e1 en peligro de descender por primera vez desde 1986 y necesitan resultados lo antes posible.<\/strong> Actualmente se encuentran 18\u00b0 a un punto de la salvaci\u00f3n pero con una racha negativa de cuatro derrotas consecutivas.<\/p>\n<\/div>\n<div class=\"sc-489cef11-0 jHGTKj\" readability=\"6\">\n<section readability=\"2\"><picture><img class=\"img\" src=\"http:\/\/hoycordobaweb.com\/wp-content\/uploads\/2023\/02\/el-tata-martino-aparece-como-candidato-para-dirigir-al-valencia-7.jpg\" alt=\"El Sevilla de los argentinos gan\u00f3 y respira aliviado\" height=\"290\" width=\"290\" loading=\"lazy\"><\/picture>\n<p><span>Mir\u00e1 tambi\u00e9n<\/span><\/p>\n<hr>\n<h3>El Sevilla de los argentinos gan\u00f3 y respira aliviado<\/h3>\n<\/p>\n<\/section>\n<\/div>\n<div class=\"custom-text \" readability=\"36\">\n<p>Acorde a la informaci\u00f3n de \u00c0 punt Esports, <strong>el Tata habr\u00eda recibido una oferta formal de la dirigencia valenciana y ya tendr\u00eda en su poder un informe del plantel<\/strong> para definir si est\u00e1 dispuesto a encabezar el proyecto. En el club son optimistas y creen que la respuesta del argentino ser\u00e1 positiva.<\/p>\n<\/div>\n<div class=\"sc-489cef11-0 jHGTKj\" readability=\"7\">\n<section readability=\"4\"><picture><img class=\"img\" src=\"http:\/\/hoycordobaweb.com\/wp-content\/uploads\/2023\/02\/el-tata-martino-aparece-como-candidato-para-dirigir-al-valencia-8.jpg\" alt=\"El ranking de los clubes con m\u00e1s t\u00edtulos internacionales: \u00bfa cu\u00e1nto quedaron Boca, Independiente y River del Real Madrid?\" height=\"290\" width=\"290\" loading=\"lazy\"><\/picture>\n<p><span>Mir\u00e1 tambi\u00e9n<\/span><\/p>\n<hr>\n<h3>El ranking de los clubes con m\u00e1s t\u00edtulos internacionales: \u00bfa cu\u00e1nto quedaron Boca, Independiente y River del Real Madrid?<\/h3>\n<\/p>\n<\/section>\n<\/div>\n<p><h2><strong>El paso de Martino por Espa\u00f1a<\/strong><\/h2>\n<\/p>\n<div class=\"sc-996041c8-0 kvfKM\"><img alt=\"Martino y Messi en el Barcelona (AFP).\" src=\"http:\/\/hoycordobaweb.com\/wp-content\/uploads\/2023\/02\/el-tata-martino-aparece-como-candidato-para-dirigir-al-valencia-9.jpg\" width=\"720\" height=\"0\" decoding=\"async\" data-nimg=\"future\" loading=\"lazy\"><span>Martino y Messi en el Barcelona (AFP).<\/span><\/div>\n<div class=\"custom-text \" readability=\"33.556701030928\">\n<p>Martino ya tuvo una experiencia en el f\u00fatbol espa\u00f1ol cuando dirigi\u00f3 al Barcelona en la temporada 2013\/14. <strong>Si bien logr\u00f3 ser campe\u00f3n de la Supercopa, su paso por el club catal\u00e1n -donde dirigi\u00f3 a <\/strong><a href=\"https:\/\/www.ole.com.ar\/tema\/lionel-messi.html\" title=\"Lionel Messi\" alt=\"Lionel Messi\" class=\"slug\"><strong>Lionel Messi<\/strong><\/a><strong>&#8211; no fue el esperado <\/strong>y la dirigencia no le renov\u00f3 una vez finalizada La Liga.<\/p>\n<\/div>\n<div class=\"custom-text \" readability=\"37\">\n<p>En el conjunto Cul\u00e9, <strong>el Tata dirigi\u00f3 las 38 jornadas del campeonato en las que logr\u00f3 27 victorias, 6 empates y 5 derrotas.<\/strong> En la \u00faltima fecha necesitaba un triunfo como local frente al Atl\u00e9tico de Madrid para ser campe\u00f3n, pero por un gol de Diego God\u00edn cayeron 1-0 y finalizaron segundos.<\/p>\n<\/div>\n<div class=\"sc-489cef11-0 jHGTKj\" readability=\"6\">\n<section readability=\"2\"><picture><img class=\"img\" src=\"http:\/\/hoycordobaweb.com\/wp-content\/uploads\/2023\/02\/el-tata-martino-aparece-como-candidato-para-dirigir-al-valencia-10.jpg\" alt=\"La respuesta de Xavi despu\u00e9s de los dichos del hermano de Messi\" height=\"290\" width=\"290\" loading=\"lazy\"><\/picture>\n<p><span>Mir\u00e1 tambi\u00e9n<\/span><\/p>\n<hr>\n<h3>La respuesta de Xavi despu\u00e9s de los dichos del hermano de Messi<\/h3>\n<\/p>\n<\/section>\n<\/div>\n","protected":false},"excerpt":{"rendered":"<p>Despu\u00e9s de una olvidable campa\u00f1a en el Mundial de Qatar con la selecci\u00f3n de M\u00e9xico, cuando no pudo pasar la fase de grupos, Gerardo Martino anunci\u00f3 su renuncia luego de tres a\u00f1os. Ahora, seg\u00fan la informaci\u00f3n del medio espa\u00f1ol \u00c0 punt Esports, el Valencia estar\u00eda interesado en sus servicios. Tras la eliminaci\u00f3n en Qatar, Martino [&hellip;]<\/p>\n","protected":false},"author":1,"featured_media":55343,"comment_status":"open","ping_status":"closed","sticky":false,"template":"","format":"standard","meta":[],"categories":[16],"tags":[],"_links":{"self":[{"href":"http:\/\/hoycordobaweb.com\/index.php\/wp-json\/wp\/v2\/posts\/55342"}],"collection":[{"href":"http:\/\/hoycordobaweb.com\/index.php\/wp-json\/wp\/v2\/posts"}],"about":[{"href":"http:\/\/hoycordobaweb.com\/index.php\/wp-json\/wp\/v2\/types\/post"}],"author":[{"embeddable":true,"href":"http:\/\/hoycordobaweb.com\/index.php\/wp-json\/wp\/v2\/users\/1"}],"replies":[{"embeddable":true,"href":"http:\/\/hoycordobaweb.com\/index.php\/wp-json\/wp\/v2\/comments?post=55342"}],"version-history":[{"count":0,"href":"http:\/\/hoycordobaweb.com\/index.php\/wp-json\/wp\/v2\/posts\/55342\/revisions"}],"wp:featuredmedia":[{"embeddable":true,"href":"http:\/\/hoycordobaweb.com\/index.php\/wp-json\/wp\/v2\/media\/55343"}],"wp:attachment":[{"href":"http:\/\/hoycordobaweb.com\/index.php\/wp-json\/wp\/v2\/media?parent=55342"}],"wp:term":[{"taxonomy":"category","embeddable":true,"href":"http:\/\/hoycordobaweb.com\/index.php\/wp-json\/wp\/v2\/categories?post=55342"},{"taxonomy":"post_tag","embeddable":true,"href":"http:\/\/hoycordobaweb.com\/index.php\/wp-json\/wp\/v2\/tags?post=55342"}],"curies":[{"name":"wp","href":"https:\/\/api.w.org\/{rel}","templated":true}]}}