{"id":55326,"date":"2023-02-12T14:49:05","date_gmt":"2023-02-12T14:49:05","guid":{"rendered":"https:\/\/ladecimaweb.com\/?p=15935"},"modified":"2023-02-12T14:49:05","modified_gmt":"2023-02-12T14:49:05","slug":"el-22-de-febrero-comenzaran-los-alegatos-en-el-juicio-por-el-crimen-de-blas","status":"publish","type":"post","link":"http:\/\/hoycordobaweb.com\/index.php\/2023\/02\/12\/el-22-de-febrero-comenzaran-los-alegatos-en-el-juicio-por-el-crimen-de-blas\/","title":{"rendered":"El 22 de febrero comenzar\u00e1n los alegatos en el juicio por el crimen de Blas"},"content":{"rendered":"<div class=\"boldgrid-section\">\n<div class=\"container\">\n<div class=\"row\">\n<div class=\"col-md-12 col-xs-12 col-sm-12\">\n<article class=\"article-body first\">\n<div class=\"article-content selectionShareable\">\n<div class=\"cuerpo\" data-twitter-link=\"\">\n<p class=\"\">(T\u00e9lam) Los alegatos en el juicio por el crimen de Valent\u00edn Blas Correas, el adolescente de 17 a\u00f1os asesinado de un balazo durante un control policial en agosto de 2020 en la ciudad, y por cuyo hecho son juzgados trece efectivos policiales por distintas responsabilidades, comenzar\u00e1n el pr\u00f3ximo 22 de febrero, informaron fuentes judiciales.<\/p>\n<\/div>\n<\/div>\n<\/article>\n<article class=\"article-body\">\n<div class=\"article-content selectionShareable\">\n<div class=\"cuerpo\" data-twitter-link=\"\">\n<p class=\"\">El Tribunal de la C\u00e1mara en lo Criminal y Correccional de 8va. Nominaci\u00f3n, mediante acuerdo con las partes intervinientes en el proceso de enjuiciamiento, resolvi\u00f3 cerrar la etapa de recepci\u00f3n de pruebas y seguidamente convoc\u00f3 para el mi\u00e9rcoles 22 de febrero, a las 9, para abrir los alegatos con la exposici\u00f3n de los actores civiles, quienes lo har\u00e1n por escrito.<\/p>\n<p><span>&nbsp;<\/span>El pasado mi\u00e9rcoles deb\u00eda reiniciarse el debate, luego del receso por la feria judicial, pero la 29na. audiencia debi\u00f3 suspenderse por la ausencia justificada de cuatro de los miembros del jurado y se hab\u00eda pasado para hoy.<\/p>\n<\/div>\n<div data-twitter-link=\"\"><\/div>\n<div class=\"cuerpo\" data-twitter-link=\"\"><span><\/span>En la apertura, los miembros del tribunal (Marcelo Jaime, Juan Manuel Ugarte, Mario Centeno) se reunieron con las partes y se lleg\u00f3 \u201ca un acuerdo de incorporar por lectura de los elementos probatorios que a\u00fan restan por debatir, y tambi\u00e9n se renunci\u00f3 a los testigos nuevos que surgieron durante el debate\u201d, manifest\u00f3 a T\u00e9lam Manuel Guti\u00e9rrez, uno de los abogados querellantes.<span><br \/>\n<\/span>Asimismo, dijo que el acuerdo incluye la \u201ciniciaci\u00f3n de los alegatos el 22 de febrero\u201d, en el orden que determina el C\u00f3digo de Procedimiento Penal de la provincia, que establece comenzar con la acci\u00f3n civil, fiscal\u00eda, querellantes y por \u00faltimo los defensores.<span><br \/>\n<\/span><span>&nbsp;<\/span><\/div>\n<div class=\"cuerpo\" data-twitter-link=\"\">El abogado querellante en representaci\u00f3n de los padres de la v\u00edctima, Alejandro P\u00e9rez Moreno, luego del acuerdo para desistir de las 12 audiencias de alegatos que se hab\u00eda programado para febrero y marzo, destac\u00f3 que la decisi\u00f3n le pareci\u00f3 \u201cacertada y positiva porque todas las pruebas ya est\u00e1n producidas y las partes est\u00e1n listas para alegar\u201d.<\/div>\n<div class=\"cuerpo\" data-twitter-link=\"\"><span>&nbsp;<\/span><\/div>\n<div class=\"cuerpo\" data-twitter-link=\"\">El letrado aclar\u00f3 que la decisi\u00f3n adoptada de cerrar la instancia probatoria \u201cno tiene absolutamente nada que ver\u201d con las ausencias de miembros del jurado, como ocurri\u00f3 el pasado mi\u00e9rcoles y que la mam\u00e1 de Blas, Soledad Laciar, hab\u00eda manifestado su preocupaci\u00f3n por la posibilidad de que esa situaci\u00f3n se repita y ponga en riesgo de \u201cnulidad\u201d al juicio.<span><br \/>\n<\/span><span>&nbsp;<\/span><\/div>\n<div class=\"cuerpo\" data-twitter-link=\"\">\u201cLa decisi\u00f3n se toma porque no iba a modificar lo que ya tenemos. El juicio se hace muy largo innecesariamente\u201d, afirm\u00f3 P\u00e9rez Moreno a los medios locales y estim\u00f3 que a mediados de marzo se podr\u00eda dictar sentencia.<span><br \/>\n<\/span><span>&nbsp;<\/span><\/div>\n<div class=\"cuerpo\" data-twitter-link=\"\">Agreg\u00f3 que por todos los hechos nuevos que se generaron durante el juicio, se solicitar\u00e1 que esas actuaciones sean elevadas a la fiscal\u00eda correspondiente para que se abra una nueva investigaci\u00f3n, al considerar que al menos otros quince polic\u00edas deben responder por sus acciones u omisiones en el marco del asesinato de Blas Correas.<\/div>\n<div data-twitter-link=\"\"><\/div>\n<div class=\"cuerpo\" data-twitter-link=\"\">\n<p>Por su parte, Laciar dijo: \u201cya est\u00e1 todo dicho. Tengo la certeza de que los trece polic\u00edas que est\u00e1n siendo juzgados son responsables\u201d, y aclar\u00f3 que cerrar este juicio \u201ces una etapa porque la lucha sigue y queda mucho por investigar. Se tiene que terminar la violencia institucional\u201d en la polic\u00eda.<\/p>\n<p class=\"\">En este juicio se debate el hecho ocurrido la madrugada del 6 de agosto del 2020, cuando Blas y cuatros amigos adolescentes circulaban en un autom\u00f3vil por el barrio Colinas, en el sur de la capital cordobesa, y evadieron un control policial porque el conductor se asust\u00f3 al ver que uno de los polic\u00edas hab\u00eda desenfundado un arma.<\/p>\n<p><span>&nbsp;<\/span>Dos efectivos dispararon contra el rodado y uno de los proyectiles impact\u00f3 en la espalda de Blas, quien muri\u00f3.<span><br \/>\n<\/span><\/p>\n<\/div>\n<p class=\"cuerpo\">Por el homicidio se encuentran acusados el cabo 1ro. Lucas Dami\u00e1n G\u00f3mez (37) que, seg\u00fan la fiscal\u00eda, efectu\u00f3 cuatro disparos con su arma reglamentaria, y el cabo 1ro. Javier Catriel Alarc\u00f3n (33), quien seg\u00fan la pesquisa dispar\u00f3 en dos oportunidades.<\/p>\n<p class=\"cuerpo\"><span><\/span>Ambos afrontan cargos como &#8220;coautores de homicidio calificado por haber sido cometido en abuso de su funci\u00f3n y homicidio agravado por el empleo de armas de fuego, homicidio calificado por abuso de su funci\u00f3n en grado de tentativa reiterado -cuatro hechos- y homicidio agravado por el empleo de armas de fuego en grado de tentativa reiterado -cuatro hechos&#8221;.<\/p>\n<p class=\"cuerpo\">En tanto, los restantes acusados, todos polic\u00edas, son Sergio Alejandro Gonz\u00e1lez, Wanda Micaela Esquivel, Yamila Florencia Mart\u00ednez, Walter Eduardo Soria, Enzo Gustavo Quiroga, Jorge Ariel Galleguillo, Leonardo Alejandro Mart\u00ednez, Rodrigo Emanuel Toloza, Ezequiel Agust\u00edn V\u00e9lez, Leandro Alexis Quevedo y Juan Antonio Gatica.<br \/>\n<span><\/span><\/p>\n<p>&nbsp;<\/p>\n<div class=\"cuerpo\" data-twitter-link=\"\"><span><\/p>\n<div class=\"ubm_banner\"><a href=\"https:\/\/www.cba.gov.ar\" target=\"_blank\" rel=\"dofollow noopener noreferrer\"><img src=\"http:\/\/hoycordobaweb.com\/wp-content\/uploads\/2023\/02\/el-22-de-febrero-comenzaran-los-alegatos-en-el-juicio-por-el-crimen-de-blas.gif\" alt=\"\"><\/a><\/div>\n<p>&nbsp;<\/span><\/div>\n<\/div>\n<\/article>\n<\/div>\n<\/div>\n<\/div>\n<\/div>\n<p>La entrada <a rel=\"nofollow\" href=\"https:\/\/ladecimaweb.com\/el-22-de-febrero-comenzaran-los-alegatos-en-el-juicio-por-el-crimen-de-blas\/\">El 22 de febrero comenzar\u00e1n los alegatos en el juicio por el crimen de Blas<\/a> se public\u00f3 primero en <a rel=\"nofollow\" href=\"https:\/\/ladecimaweb.com\">LaDecima<\/a>.<\/p>\n","protected":false},"excerpt":{"rendered":"<p>(T\u00e9lam) Los alegatos en el juicio por el crimen de Valent\u00edn Blas Correas, el adolescente de 17 a\u00f1os asesinado de un balazo durante un control policial en agosto de 2020 en la ciudad, y por cuyo hecho son juzgados trece efectivos policiales por distintas responsabilidades, comenzar\u00e1n el pr\u00f3ximo 22 de febrero, informaron fuentes judiciales. El [&hellip;]<\/p>\n","protected":false},"author":1,"featured_media":55327,"comment_status":"closed","ping_status":"closed","sticky":false,"template":"","format":"standard","meta":[],"categories":[19],"tags":[],"_links":{"self":[{"href":"http:\/\/hoycordobaweb.com\/index.php\/wp-json\/wp\/v2\/posts\/55326"}],"collection":[{"href":"http:\/\/hoycordobaweb.com\/index.php\/wp-json\/wp\/v2\/posts"}],"about":[{"href":"http:\/\/hoycordobaweb.com\/index.php\/wp-json\/wp\/v2\/types\/post"}],"author":[{"embeddable":true,"href":"http:\/\/hoycordobaweb.com\/index.php\/wp-json\/wp\/v2\/users\/1"}],"replies":[{"embeddable":true,"href":"http:\/\/hoycordobaweb.com\/index.php\/wp-json\/wp\/v2\/comments?post=55326"}],"version-history":[{"count":0,"href":"http:\/\/hoycordobaweb.com\/index.php\/wp-json\/wp\/v2\/posts\/55326\/revisions"}],"wp:featuredmedia":[{"embeddable":true,"href":"http:\/\/hoycordobaweb.com\/index.php\/wp-json\/wp\/v2\/media\/55327"}],"wp:attachment":[{"href":"http:\/\/hoycordobaweb.com\/index.php\/wp-json\/wp\/v2\/media?parent=55326"}],"wp:term":[{"taxonomy":"category","embeddable":true,"href":"http:\/\/hoycordobaweb.com\/index.php\/wp-json\/wp\/v2\/categories?post=55326"},{"taxonomy":"post_tag","embeddable":true,"href":"http:\/\/hoycordobaweb.com\/index.php\/wp-json\/wp\/v2\/tags?post=55326"}],"curies":[{"name":"wp","href":"https:\/\/api.w.org\/{rel}","templated":true}]}}