{"id":55312,"date":"2023-02-10T13:06:07","date_gmt":"2023-02-10T13:06:07","guid":{"rendered":"https:\/\/fono.fcm.unc.edu.ar\/?p=10207"},"modified":"2023-02-10T13:06:07","modified_gmt":"2023-02-10T13:06:07","slug":"60-aniversario-examen-de-reincorporacion-a-la-carrera-2023","status":"publish","type":"post","link":"http:\/\/hoycordobaweb.com\/index.php\/2023\/02\/10\/60-aniversario-examen-de-reincorporacion-a-la-carrera-2023\/","title":{"rendered":"60\u00b0 Aniversario \u2013 Examen de reincorporaci\u00f3n a la carrera 2023"},"content":{"rendered":"<p><b><img loading=\"lazy\" class=\"alignright size-fusion-400 wp-image-10214\" src=\"https:\/\/fono.fcm.unc.edu.ar\/wp-content\/uploads\/sites\/14\/2023\/02\/ExamenActualizacion-400x400.png\" alt width=\"400\" height=\"400\" srcset=\"https:\/\/fono.fcm.unc.edu.ar\/wp-content\/uploads\/sites\/14\/2023\/02\/ExamenActualizacion-66x66.png 66w, https:\/\/fono.fcm.unc.edu.ar\/wp-content\/uploads\/sites\/14\/2023\/02\/ExamenActualizacion-150x150.png 150w, https:\/\/fono.fcm.unc.edu.ar\/wp-content\/uploads\/sites\/14\/2023\/02\/ExamenActualizacion-200x200.png 200w, https:\/\/fono.fcm.unc.edu.ar\/wp-content\/uploads\/sites\/14\/2023\/02\/ExamenActualizacion-300x300.png 300w, https:\/\/fono.fcm.unc.edu.ar\/wp-content\/uploads\/sites\/14\/2023\/02\/ExamenActualizacion-400x400.png 400w, https:\/\/fono.fcm.unc.edu.ar\/wp-content\/uploads\/sites\/14\/2023\/02\/ExamenActualizacion-600x600.png 600w, https:\/\/fono.fcm.unc.edu.ar\/wp-content\/uploads\/sites\/14\/2023\/02\/ExamenActualizacion-768x768.png 768w, https:\/\/fono.fcm.unc.edu.ar\/wp-content\/uploads\/sites\/14\/2023\/02\/ExamenActualizacion-800x800.png 800w, https:\/\/fono.fcm.unc.edu.ar\/wp-content\/uploads\/sites\/14\/2023\/02\/ExamenActualizacion-1024x1024.png 1024w, https:\/\/fono.fcm.unc.edu.ar\/wp-content\/uploads\/sites\/14\/2023\/02\/ExamenActualizacion.png 1080w\" sizes=\"(max-width: 400px) 100vw, 400px\">Requisitos Acad\u00e9micos:<\/b>&nbsp;son postulantes para&nbsp; realizar el Examen de Reincorporaci\u00f3n aquellos estudiantes que no muestran actividad acad\u00e9mica en los \u00faltimos 3 a\u00f1os, es decir, que la aprobaci\u00f3n de su \u00faltima materia se realiz\u00f3&nbsp; hace tres a\u00f1os o m\u00e1s .<\/p>\n<p>En primera instancia deber\u00e1n enviar un mail a&nbsp;<a href=\"https:\/\/fono.fcm.unc.edu.ar\/examen-de-reincorporacion-a-la-carrera-2022\/liliana_chividini@fcm.unc.edu.ar\">liliana_chividini@fcm.unc.edu.ar<\/a>&nbsp; de Despacho de Alumnos. En el asunto colocar \u00abReincorporaci\u00f3n a la carrera\u00bb. Y en el cuerpo incluir datos personales: apellido, nombre completo y n\u00famero de DNI.&nbsp;Despacho de Alumnos corroborar\u00e1 la Actuaci\u00f3n acad\u00e9mica del postulante y enviar\u00e1&nbsp; la nota de Solicitud de Reincorporaci\u00f3n para que sea completada , firmada&nbsp; y escaneada por el solicitante.<\/p>\n<p><strong>Para ver el procedimiento completo del tr\u00e1mite<\/strong>&nbsp;<strong>de Examen de Reincorporaci\u00f3n a la carrera:&nbsp;<\/strong>ingresa&nbsp;<a href=\"https:\/\/fono.fcm.unc.edu.ar\/actualizacion\/\" target=\"_blank\" rel=\"noopener noreferrer\">AQU\u00cd<\/a><\/p>\n<p><strong>Inscripci\u00f3n<\/strong>: hasta el 24 de febrero de 2023<\/p>\n<p><strong>Examen<\/strong>: 7 de marzo<\/p>\n","protected":false},"excerpt":{"rendered":"<p>Requisitos Acad\u00e9micos:&nbsp;son postulantes para&nbsp; realizar el Examen de Reincorporaci\u00f3n aquellos estudiantes que no muestran actividad acad\u00e9mica en los \u00faltimos 3 a\u00f1os, es decir, que la aprobaci\u00f3n de su \u00faltima materia se realiz\u00f3&nbsp; hace tres a\u00f1os o m\u00e1s . En primera instancia deber\u00e1n enviar un mail a&nbsp;liliana_chividini@fcm.unc.edu.ar&nbsp; de Despacho de Alumnos. En el asunto colocar \u00abReincorporaci\u00f3n [&hellip;]<\/p>\n","protected":false},"author":1,"featured_media":0,"comment_status":"closed","ping_status":"closed","sticky":false,"template":"","format":"standard","meta":[],"categories":[1],"tags":[],"_links":{"self":[{"href":"http:\/\/hoycordobaweb.com\/index.php\/wp-json\/wp\/v2\/posts\/55312"}],"collection":[{"href":"http:\/\/hoycordobaweb.com\/index.php\/wp-json\/wp\/v2\/posts"}],"about":[{"href":"http:\/\/hoycordobaweb.com\/index.php\/wp-json\/wp\/v2\/types\/post"}],"author":[{"embeddable":true,"href":"http:\/\/hoycordobaweb.com\/index.php\/wp-json\/wp\/v2\/users\/1"}],"replies":[{"embeddable":true,"href":"http:\/\/hoycordobaweb.com\/index.php\/wp-json\/wp\/v2\/comments?post=55312"}],"version-history":[{"count":0,"href":"http:\/\/hoycordobaweb.com\/index.php\/wp-json\/wp\/v2\/posts\/55312\/revisions"}],"wp:attachment":[{"href":"http:\/\/hoycordobaweb.com\/index.php\/wp-json\/wp\/v2\/media?parent=55312"}],"wp:term":[{"taxonomy":"category","embeddable":true,"href":"http:\/\/hoycordobaweb.com\/index.php\/wp-json\/wp\/v2\/categories?post=55312"},{"taxonomy":"post_tag","embeddable":true,"href":"http:\/\/hoycordobaweb.com\/index.php\/wp-json\/wp\/v2\/tags?post=55312"}],"curies":[{"name":"wp","href":"https:\/\/api.w.org\/{rel}","templated":true}]}}