{"id":55296,"date":"2023-02-12T12:50:14","date_gmt":"2023-02-12T12:50:14","guid":{"rendered":"https:\/\/www.mujerhoy.com\/vivir\/decoracion\/novedades-ikea-coleccion-decoracion-salon-20230212134959-nt.html"},"modified":"2023-02-12T12:50:14","modified_gmt":"2023-02-12T12:50:14","slug":"ikea-trae-las-novedades-de-decoracion-para-tu-salon-que-no-puedes-perderte-si-quieres-seguir-las-tendencias-de-este-2023","status":"publish","type":"post","link":"http:\/\/hoycordobaweb.com\/index.php\/2023\/02\/12\/ikea-trae-las-novedades-de-decoracion-para-tu-salon-que-no-puedes-perderte-si-quieres-seguir-las-tendencias-de-este-2023\/","title":{"rendered":"Ikea trae las novedades de decoraci\u00f3n para tu sal\u00f3n que no puedes perderte si quieres seguir las tendencias de este 2023"},"content":{"rendered":"<p><!-- AUTHOR --><\/p>\n<div class=\"voc-author-timesocial \"><!-- AUTHOR --><\/p>\n<div class=\"voc-author-timesocial__signature\"><!-- IMAGE AUTHOR --><picture class=\"voc-image-signature\"><img class=\"voc-image-signature__img\" src=\"http:\/\/hoycordobaweb.com\/wp-content\/uploads\/2023\/02\/ikea-trae-las-novedades-de-decoracion-para-tu-salon-que-no-puedes-perderte-si-quieres-seguir-las-tendencias-de-este-2023.jpg\" alt=\"Elena Romero Vargas\"><\/picture><!-- INFO AUTHOR --><\/div>\n<\/div>\n<p><!-- COMPONENTS --><\/p>\n<p class=\"voc-paragraph\">El <strong>nuevo cat\u00e1logo de <\/strong><a href=\"https:\/\/www.mujerhoy.com\/vivir\/decoracion\/piezas-baratas-ikea-pisos-pequenos-espacio-ordenado-marie-kondo-decoracion-comoda-facil-20210730163635-ga.html\"><strong>Ikea <\/strong><\/a>viene cargado de novedades de decoraci\u00f3n que tienen como objetivo poner a punto tu <strong>sal\u00f3n <\/strong>con las tendencias m\u00e1s aclamadas este 2023. Nunca es mal momento para aventurarte a un cambio, y m\u00e1s si es para mejor, por eso te traemos las mejores propuestas para que selecciones aquello que <strong>no puede faltar en tu casa<\/strong>.\n<\/p>\n<p class=\"voc-paragraph\">La <a data-voc-vtm-id=\"in-text-traffic\" href=\"https:\/\/www.mujerhoy.com\/vivir\/decoracion\/novedades-baratas-ikea-muebles-dormitorio-mejor-rebajasdecoracion-verano-20210628142713-ga.html\">tienda de decoraci\u00f3n sueca <\/a>se caracteriza por tener productos de<br \/>\n<strong> gran calidad <\/strong>a un <strong>precio irresistible<\/strong>. Sus productos son b\u00e1sicos y de lo m\u00e1s pr\u00e1ctico, por eso combinan con<br \/>\n<strong> cualquier tipo de decoraci\u00f3n <\/strong>y, en muchas ocasiones, te salvan de problemas de almacenamiento y cuidan al m\u00e1ximo la est\u00e9tica de tu casa.\n<\/p>\n<p class=\"voc-paragraph\">Esta selecci\u00f3n de producto mantienen la <strong>esencia de la marca<\/strong> y se suman a las <strong>tendencias de decoraci\u00f3n <\/strong>que m\u00e1s resuenan este a\u00f1o. El minimalismo, el orden, la inspiraci\u00f3n natural y el toque de color justo para darle alegr\u00eda a tus estancias no faltan entre las novedades de Ikea. \u00c9chale un vistazo a esta selecci\u00f3n y dale un <strong>lavado de cara a tu sal\u00f3n <\/strong>con la tranquilidad de que apuestas a lo seguro.\n<\/p>\n<p><h3 class=\"voc-detail__title\"> Vitrina Baggebo<br \/>\n<\/h3>\n<\/p>\n<div class=\"voc-detail-photo-zoom\"><picture data-toggle=\"modal\" data-target=\"#photoZoomModal-577\" target=\"modal\">\n<div class=\"voc-img-icon-link\"><img loading=\"lazy\" data-original=\"\/\/static3.mujerhoy.com\/www\/multimedia\/202302\/06\/media\/cortadas\/vitrina-metal-novedades-ikea-k9XH--460x637@MujerHoy.jpg\" class=\"lazy\" alt=\"Vitrina Baggebo\"><noscript><img src=\"http:\/\/hoycordobaweb.com\/wp-content\/uploads\/2023\/02\/ikea-trae-las-novedades-de-decoracion-para-tu-salon-que-no-puedes-perderte-si-quieres-seguir-las-tendencias-de-este-2023-1.jpg\" alt=\"Vitrina Baggebo\"><\/noscript><i class=\"voc-icons zoom voc-multimedia-box voc-ico-l\"><\/i><\/div><figcaption class=\"figure-caption\">Vitrina Baggebo<\/figcaption><\/picture><\/div>\n<div id=\"photoZoomModal-577\" class=\"voc-lightbox modal fade voc-lightbox--photo-zoom\" role=\"dialog\" data-voc-photozoom-lightbox>\n<div class=\"voc-lightbox__dialog\" role=\"document\">\n<div class=\"voc-lightbox__content\"><!-- Modal header --><!-- Modal content --><\/p>\n<div class=\"voc-lightbox__photo-container\"><picture class><img loading=\"lazy\" data-original=\"\/\/static3.mujerhoy.com\/www\/multimedia\/202302\/06\/media\/cortadas\/vitrina-metal-novedades-ikea-k9XH--460x637@MujerHoy.jpg\" alt=\"Vitrina Baggebo\" class=\"lazy\"><noscript><img src=\"http:\/\/hoycordobaweb.com\/wp-content\/uploads\/2023\/02\/ikea-trae-las-novedades-de-decoracion-para-tu-salon-que-no-puedes-perderte-si-quieres-seguir-las-tendencias-de-este-2023-1.jpg\" alt=\"Vitrina Baggebo\"><\/noscript><\/picture><\/div>\n<\/div>\n<\/div>\n<\/div>\n<p class=\"voc-paragraph\">El <strong>orden <\/strong>y <strong>almacenamiento <\/strong>no ser\u00e1 m\u00e1s un problema gracias a esta <strong>vitrina <\/strong>que trae Ikea. Este modelo de metal blanco con cristales que permiten ver el interior es perfecta para <strong>combinar orden y decoraci\u00f3n<\/strong>. Coloca tus vajillas, jarrones, libros o cualquier otro objeto que no sepas d\u00f3nde ubicar y convi\u00e9rtelo en parte de la decoraci\u00f3n de tu sal\u00f3n. Adem\u00e1s, como la estructura es de metal, puedes colocar <strong>fotos y recuerdos <\/strong>personales con imanes para darle el toque definitivo.\n<\/p>\n<p><h3 class=\"voc-detail__title\"> Caj\u00f3n Billy con ruedas<br \/>\n<\/h3>\n<\/p>\n<div class=\"voc-detail-photo-zoom\"><picture data-toggle=\"modal\" data-target=\"#photoZoomModal-961\" target=\"modal\">\n<div class=\"voc-img-icon-link\"><img loading=\"lazy\" data-original=\"\/\/static3.mujerhoy.com\/www\/multimedia\/202302\/06\/media\/cortadas\/cajon-blanco-novedades%20ikea-k9XH--460x637@MujerHoy.jpg\" class=\"lazy\" alt=\"Caj\u00f3n Billy con ruedas\"><noscript><img src=\"http:\/\/hoycordobaweb.com\/wp-content\/uploads\/2023\/02\/ikea-trae-las-novedades-de-decoracion-para-tu-salon-que-no-puedes-perderte-si-quieres-seguir-las-tendencias-de-este-2023-2.jpg\" alt=\"Caj\u00f3n Billy con ruedas\"><\/noscript><i class=\"voc-icons zoom voc-multimedia-box voc-ico-l\"><\/i><\/div><figcaption class=\"figure-caption\">Caj\u00f3n Billy con ruedas<\/figcaption><\/picture><\/div>\n<div id=\"photoZoomModal-961\" class=\"voc-lightbox modal fade voc-lightbox--photo-zoom\" role=\"dialog\" data-voc-photozoom-lightbox>\n<div class=\"voc-lightbox__dialog\" role=\"document\">\n<div class=\"voc-lightbox__content\"><!-- Modal header --><!-- Modal content --><\/p>\n<div class=\"voc-lightbox__photo-container\"><picture class><img loading=\"lazy\" data-original=\"\/\/static3.mujerhoy.com\/www\/multimedia\/202302\/06\/media\/cortadas\/cajon-blanco-novedades%20ikea-k9XH--460x637@MujerHoy.jpg\" alt=\"Caj\u00f3n Billy con ruedas\" class=\"lazy\"><noscript><img src=\"http:\/\/hoycordobaweb.com\/wp-content\/uploads\/2023\/02\/ikea-trae-las-novedades-de-decoracion-para-tu-salon-que-no-puedes-perderte-si-quieres-seguir-las-tendencias-de-este-2023-2.jpg\" alt=\"Caj\u00f3n Billy con ruedas\"><\/noscript><\/picture><\/div>\n<\/div>\n<\/div>\n<\/div>\n<p class=\"voc-paragraph\">Si est\u00e1s buscando un espacio para ordenar sin que est\u00e9 necesariamente a la vista pero que no rompa con la est\u00e9tica del sal\u00f3n, lo que necesitas es este <strong>caj\u00f3n con ruedas<\/strong>. Es f\u00e1cil de colocar como anexo a cualquier otro mueble blanco, y tiene el espacio suficiente para <strong>guardar todo lo que estorbe a la vista<\/strong>. Al tener ruedas, es <strong>muy f\u00e1cil de acceder<\/strong> a \u00e9l, por lo que podr\u00e1s guardar lo que necesites tener a la mano sin que estorbe a la vida diaria.\n<\/p>\n<p><h3 class=\"voc-detail__title\"> L\u00e1mpara de pie Barlast<br \/>\n<\/h3>\n<\/p>\n<div class=\"voc-detail-photo-zoom\"><picture data-toggle=\"modal\" data-target=\"#photoZoomModal-905\" target=\"modal\">\n<div class=\"voc-img-icon-link\"><img loading=\"lazy\" data-original=\"\/\/static.mujerhoy.com\/www\/multimedia\/202302\/06\/media\/cortadas\/lampara-pie-novedades-ikea-k9XH--460x637@MujerHoy.jpg\" class=\"lazy\" alt=\"L\u00e1mpara de pie Barlast\"><noscript><img src=\"http:\/\/hoycordobaweb.com\/wp-content\/uploads\/2023\/02\/ikea-trae-las-novedades-de-decoracion-para-tu-salon-que-no-puedes-perderte-si-quieres-seguir-las-tendencias-de-este-2023-3.jpg\" alt=\"L\u00e1mpara de pie Barlast\"><\/noscript><i class=\"voc-icons zoom voc-multimedia-box voc-ico-l\"><\/i><\/div><figcaption class=\"figure-caption\">L\u00e1mpara de pie Barlast<\/figcaption><\/picture><\/div>\n<div id=\"photoZoomModal-905\" class=\"voc-lightbox modal fade voc-lightbox--photo-zoom\" role=\"dialog\" data-voc-photozoom-lightbox>\n<div class=\"voc-lightbox__dialog\" role=\"document\">\n<div class=\"voc-lightbox__content\"><!-- Modal header --><!-- Modal content --><\/p>\n<div class=\"voc-lightbox__photo-container\"><picture class><img loading=\"lazy\" data-original=\"\/\/static.mujerhoy.com\/www\/multimedia\/202302\/06\/media\/cortadas\/lampara-pie-novedades-ikea-k9XH--460x637@MujerHoy.jpg\" alt=\"L\u00e1mpara de pie Barlast\" class=\"lazy\"><noscript><img src=\"http:\/\/hoycordobaweb.com\/wp-content\/uploads\/2023\/02\/ikea-trae-las-novedades-de-decoracion-para-tu-salon-que-no-puedes-perderte-si-quieres-seguir-las-tendencias-de-este-2023-3.jpg\" alt=\"L\u00e1mpara de pie Barlast\"><\/noscript><\/picture><\/div>\n<\/div>\n<\/div>\n<\/div>\n<p class=\"voc-paragraph\">Una de las cualidades mejor valoradas de una casa es su <strong>iluminaci\u00f3n<\/strong>. La luz natural se lleva la palma, pero cuando \u00e9sta no es suficiente, o cuando ya no hay m\u00e1s, es esencial contar con una <strong>luz artificial <\/strong>que ilumine tu sal\u00f3n sin romper con el ambiente de reposo propio de esta estancia. Una gran opci\u00f3n para ello es esta<br \/>\n<strong> l\u00e1mpara de pie <\/strong>que reparte luz suficiente para todo el sal\u00f3n pero sin resultar estridente.\n<\/p>\n<p><h3 class=\"voc-detail__title\"> L\u00e1mpara de mesa Barlast<br \/>\n<\/h3>\n<\/p>\n<div class=\"voc-detail-photo-zoom\"><picture data-toggle=\"modal\" data-target=\"#photoZoomModal-262\" target=\"modal\">\n<div class=\"voc-img-icon-link\"><img loading=\"lazy\" data-original=\"\/\/static.mujerhoy.com\/www\/multimedia\/202302\/06\/media\/cortadas\/lampara-mesa-novedades-ikea-k9XH--460x637@MujerHoy.jpg\" class=\"lazy\" alt=\"L\u00e1mpara de mesa Barlast\"><noscript><img src=\"http:\/\/hoycordobaweb.com\/wp-content\/uploads\/2023\/02\/ikea-trae-las-novedades-de-decoracion-para-tu-salon-que-no-puedes-perderte-si-quieres-seguir-las-tendencias-de-este-2023-4.jpg\" alt=\"L\u00e1mpara de mesa Barlast\"><\/noscript><i class=\"voc-icons zoom voc-multimedia-box voc-ico-l\"><\/i><\/div><figcaption class=\"figure-caption\">L\u00e1mpara de mesa Barlast<\/figcaption><\/picture><\/div>\n<div id=\"photoZoomModal-262\" class=\"voc-lightbox modal fade voc-lightbox--photo-zoom\" role=\"dialog\" data-voc-photozoom-lightbox>\n<div class=\"voc-lightbox__dialog\" role=\"document\">\n<div class=\"voc-lightbox__content\"><!-- Modal header --><!-- Modal content --><\/p>\n<div class=\"voc-lightbox__photo-container\"><picture class><img loading=\"lazy\" data-original=\"\/\/static.mujerhoy.com\/www\/multimedia\/202302\/06\/media\/cortadas\/lampara-mesa-novedades-ikea-k9XH--460x637@MujerHoy.jpg\" alt=\"L\u00e1mpara de mesa Barlast\" class=\"lazy\"><noscript><img src=\"http:\/\/hoycordobaweb.com\/wp-content\/uploads\/2023\/02\/ikea-trae-las-novedades-de-decoracion-para-tu-salon-que-no-puedes-perderte-si-quieres-seguir-las-tendencias-de-este-2023-4.jpg\" alt=\"L\u00e1mpara de mesa Barlast\"><\/noscript><\/picture><\/div>\n<\/div>\n<\/div>\n<\/div>\n<p class=\"voc-paragraph\">Ikea tambi\u00e9n trae una opci\u00f3n para las que buscan <strong>restringir la iluminaci\u00f3n a un punto concreto<\/strong>, por ejemplo junto al sof\u00e1 o un rinc\u00f3n de lectura. Por eso esta l\u00e1mpara de mesa a un precio incre\u00edble es la soluci\u00f3n que necesitas para poner un punto de luz a tu sal\u00f3n y <strong>disfrutar de un momento \u00edntimo y de relax<\/strong>.\n<\/p>\n<p><h3 class=\"voc-detail__title\"> Iluminaci\u00f3n LED Rolfstorp<br \/>\n<\/h3>\n<\/p>\n<div class=\"voc-detail-photo-zoom\"><picture data-toggle=\"modal\" data-target=\"#photoZoomModal-493\" target=\"modal\">\n<div class=\"voc-img-icon-link\"><img loading=\"lazy\" data-original=\"\/\/static1.mujerhoy.com\/www\/multimedia\/202302\/06\/media\/cortadas\/iluminacion-led-novedades-ikea-k9XH--460x637@MujerHoy.jpg\" class=\"lazy\" alt=\"Iluminaci\u00f3n LED Rolfstorp\"><noscript><img src=\"http:\/\/hoycordobaweb.com\/wp-content\/uploads\/2023\/02\/ikea-trae-las-novedades-de-decoracion-para-tu-salon-que-no-puedes-perderte-si-quieres-seguir-las-tendencias-de-este-2023-5.jpg\" alt=\"Iluminaci\u00f3n LED Rolfstorp\"><\/noscript><i class=\"voc-icons zoom voc-multimedia-box voc-ico-l\"><\/i><\/div><figcaption class=\"figure-caption\">Iluminaci\u00f3n LED Rolfstorp<\/figcaption><\/picture><\/div>\n<div id=\"photoZoomModal-493\" class=\"voc-lightbox modal fade voc-lightbox--photo-zoom\" role=\"dialog\" data-voc-photozoom-lightbox>\n<div class=\"voc-lightbox__dialog\" role=\"document\">\n<div class=\"voc-lightbox__content\"><!-- Modal header --><!-- Modal content --><\/p>\n<div class=\"voc-lightbox__photo-container\"><picture class><img loading=\"lazy\" data-original=\"\/\/static1.mujerhoy.com\/www\/multimedia\/202302\/06\/media\/cortadas\/iluminacion-led-novedades-ikea-k9XH--460x637@MujerHoy.jpg\" alt=\"Iluminaci\u00f3n LED Rolfstorp\" class=\"lazy\"><noscript><img src=\"http:\/\/hoycordobaweb.com\/wp-content\/uploads\/2023\/02\/ikea-trae-las-novedades-de-decoracion-para-tu-salon-que-no-puedes-perderte-si-quieres-seguir-las-tendencias-de-este-2023-5.jpg\" alt=\"Iluminaci\u00f3n LED Rolfstorp\"><\/noscript><\/picture><\/div>\n<\/div>\n<\/div>\n<\/div>\n<p class=\"voc-paragraph\">Para espacios escondidos como <strong>interiores de muebles <\/strong>o la parte superior del sof\u00e1, estas luces LED son perfectas. Crean un clima <strong>c\u00e1lido y acogedor <\/strong>en el sal\u00f3n, pues le pone un punto de luz sin necesidad de encender luces grandes. Con estos <strong>LED <\/strong>el ambiente de tu sal\u00f3n ser\u00e1 mucho m\u00e1s \u00edntimo, perfecto para el descanso y las veladas de desconexi\u00f3n, as\u00ed como para alumbrar puntos m\u00e1s escondidos de la estancia.\n<\/p>\n<p><h3 class=\"voc-detail__title\"> Silla marr\u00f3n rojizo \u00d6stan\u00f6<br \/>\n<\/h3>\n<\/p>\n<div class=\"voc-detail-photo-zoom\"><picture data-toggle=\"modal\" data-target=\"#photoZoomModal-7\" target=\"modal\">\n<div class=\"voc-img-icon-link\"><img loading=\"lazy\" data-original=\"\/\/static1.mujerhoy.com\/www\/multimedia\/202302\/06\/media\/cortadas\/silla-marron-novedades-ikea-k9XH--460x637@MujerHoy.jpg\" class=\"lazy\" alt=\"Silla marr\u00f3n rojizo \u00d6stan\u00f6\"><noscript><img src=\"http:\/\/hoycordobaweb.com\/wp-content\/uploads\/2023\/02\/ikea-trae-las-novedades-de-decoracion-para-tu-salon-que-no-puedes-perderte-si-quieres-seguir-las-tendencias-de-este-2023-6.jpg\" alt=\"Silla marr\u00f3n rojizo \u00d6stan\u00f6\"><\/noscript><i class=\"voc-icons zoom voc-multimedia-box voc-ico-l\"><\/i><\/div><figcaption class=\"figure-caption\">Silla marr\u00f3n rojizo \u00d6stan\u00f6<\/figcaption><\/picture><\/div>\n<div id=\"photoZoomModal-7\" class=\"voc-lightbox modal fade voc-lightbox--photo-zoom\" role=\"dialog\" data-voc-photozoom-lightbox>\n<div class=\"voc-lightbox__dialog\" role=\"document\">\n<div class=\"voc-lightbox__content\"><!-- Modal header --><!-- Modal content --><\/p>\n<div class=\"voc-lightbox__photo-container\"><picture class><img loading=\"lazy\" data-original=\"\/\/static1.mujerhoy.com\/www\/multimedia\/202302\/06\/media\/cortadas\/silla-marron-novedades-ikea-k9XH--460x637@MujerHoy.jpg\" alt=\"Silla marr\u00f3n rojizo \u00d6stan\u00f6\" class=\"lazy\"><noscript><img src=\"http:\/\/hoycordobaweb.com\/wp-content\/uploads\/2023\/02\/ikea-trae-las-novedades-de-decoracion-para-tu-salon-que-no-puedes-perderte-si-quieres-seguir-las-tendencias-de-este-2023-6.jpg\" alt=\"Silla marr\u00f3n rojizo \u00d6stan\u00f6\"><\/noscript><\/picture><\/div>\n<\/div>\n<\/div>\n<\/div>\n<p class=\"voc-paragraph\">Si est\u00e1s buscando ponerle una <strong>nota de color <\/strong>a tu sal\u00f3n sin pecar de exceso, nada mejor que recurrir a peque\u00f1os detalles como estas <strong>sillas<\/strong> en marr\u00f3n rojizo. Respetan la tendencia de <strong>inspiraci\u00f3n natural <\/strong>y encajan perfectamente en espacios tanto de decoraci\u00f3n sencilla como de inspiraci\u00f3n m\u00e1s elegante. Adem\u00e1s, son muy c\u00f3modas y de <strong>dise\u00f1o atemporal,<\/strong> por lo que seguir\u00e1n vini\u00e9ndote bien si alg\u00fan d\u00eda quieres volver a cambiar tu decoraci\u00f3n.\n<\/p>\n<p><h3 class=\"voc-detail__title\"> Sill\u00f3n de chapa y abedul Nolmyra<br \/>\n<\/h3>\n<\/p>\n<div class=\"voc-detail-photo-zoom\"><picture data-toggle=\"modal\" data-target=\"#photoZoomModal-605\" target=\"modal\">\n<div class=\"voc-img-icon-link\"><img loading=\"lazy\" data-original=\"\/\/static2.mujerhoy.com\/www\/multimedia\/202302\/06\/media\/cortadas\/sillon-chapa-novedades-ikea-k9XH--460x637@MujerHoy.jpg\" class=\"lazy\" alt=\"Sill\u00f3n de chapa y abedul Nolmyra\"><noscript><img src=\"http:\/\/hoycordobaweb.com\/wp-content\/uploads\/2023\/02\/ikea-trae-las-novedades-de-decoracion-para-tu-salon-que-no-puedes-perderte-si-quieres-seguir-las-tendencias-de-este-2023-7.jpg\" alt=\"Sill\u00f3n de chapa y abedul Nolmyra\"><\/noscript><i class=\"voc-icons zoom voc-multimedia-box voc-ico-l\"><\/i><\/div><figcaption class=\"figure-caption\">Sill\u00f3n de chapa y abedul Nolmyra<\/figcaption><\/picture><\/div>\n<div id=\"photoZoomModal-605\" class=\"voc-lightbox modal fade voc-lightbox--photo-zoom\" role=\"dialog\" data-voc-photozoom-lightbox>\n<div class=\"voc-lightbox__dialog\" role=\"document\">\n<div class=\"voc-lightbox__content\"><!-- Modal header --><!-- Modal content --><\/p>\n<div class=\"voc-lightbox__photo-container\"><picture class><img loading=\"lazy\" data-original=\"\/\/static2.mujerhoy.com\/www\/multimedia\/202302\/06\/media\/cortadas\/sillon-chapa-novedades-ikea-k9XH--460x637@MujerHoy.jpg\" alt=\"Sill\u00f3n de chapa y abedul Nolmyra\" class=\"lazy\"><noscript><img src=\"http:\/\/hoycordobaweb.com\/wp-content\/uploads\/2023\/02\/ikea-trae-las-novedades-de-decoracion-para-tu-salon-que-no-puedes-perderte-si-quieres-seguir-las-tendencias-de-este-2023-7.jpg\" alt=\"Sill\u00f3n de chapa y abedul Nolmyra\"><\/noscript><\/picture><\/div>\n<\/div>\n<\/div>\n<\/div>\n<p class=\"voc-paragraph\">Crea tu rinc\u00f3n dedicado al <strong>descanso <\/strong>y la <strong>lectura <\/strong>con este <strong>sill\u00f3n<\/strong> de chapa de lo m\u00e1s c\u00f3modo y combinable con cualquier tipo de estancia. Una de sus grandes ventajas es que es muy<br \/>\n<strong> ligero y f\u00e1cil de mover<\/strong>, por lo que si en alg\u00fan momento lo necesitas para sumar asientos a tus reuniones puedes reutilizarlo sin ning\u00fan tipo de esfuerzo. Refuerza el <strong>ambiente acogedor <\/strong>que caracteriza a este tipo de estancias.\n<\/p>\n<p><!-- TOPICS --><\/p>\n","protected":false},"excerpt":{"rendered":"<p>El nuevo cat\u00e1logo de Ikea viene cargado de novedades de decoraci\u00f3n que tienen como objetivo poner a punto tu sal\u00f3n con las tendencias m\u00e1s aclamadas este 2023. Nunca es mal momento para aventurarte a un cambio, y m\u00e1s si es para mejor, por eso te traemos las mejores propuestas para que selecciones aquello que no [&hellip;]<\/p>\n","protected":false},"author":1,"featured_media":55297,"comment_status":"closed","ping_status":"closed","sticky":false,"template":"","format":"standard","meta":[],"categories":[1],"tags":[],"_links":{"self":[{"href":"http:\/\/hoycordobaweb.com\/index.php\/wp-json\/wp\/v2\/posts\/55296"}],"collection":[{"href":"http:\/\/hoycordobaweb.com\/index.php\/wp-json\/wp\/v2\/posts"}],"about":[{"href":"http:\/\/hoycordobaweb.com\/index.php\/wp-json\/wp\/v2\/types\/post"}],"author":[{"embeddable":true,"href":"http:\/\/hoycordobaweb.com\/index.php\/wp-json\/wp\/v2\/users\/1"}],"replies":[{"embeddable":true,"href":"http:\/\/hoycordobaweb.com\/index.php\/wp-json\/wp\/v2\/comments?post=55296"}],"version-history":[{"count":0,"href":"http:\/\/hoycordobaweb.com\/index.php\/wp-json\/wp\/v2\/posts\/55296\/revisions"}],"wp:featuredmedia":[{"embeddable":true,"href":"http:\/\/hoycordobaweb.com\/index.php\/wp-json\/wp\/v2\/media\/55297"}],"wp:attachment":[{"href":"http:\/\/hoycordobaweb.com\/index.php\/wp-json\/wp\/v2\/media?parent=55296"}],"wp:term":[{"taxonomy":"category","embeddable":true,"href":"http:\/\/hoycordobaweb.com\/index.php\/wp-json\/wp\/v2\/categories?post=55296"},{"taxonomy":"post_tag","embeddable":true,"href":"http:\/\/hoycordobaweb.com\/index.php\/wp-json\/wp\/v2\/tags?post=55296"}],"curies":[{"name":"wp","href":"https:\/\/api.w.org\/{rel}","templated":true}]}}