{"id":5526,"date":"2020-11-18T16:29:15","date_gmt":"2020-11-18T16:29:15","guid":{"rendered":"https:\/\/www.perfil.com\/noticias\/economia\/industria-automotor-proyectan-producir-70-mas-en-2021.phtml"},"modified":"2020-11-18T16:29:15","modified_gmt":"2020-11-18T16:29:15","slug":"el-sector-automotor-proyecta-producir-70-mas-en-2021","status":"publish","type":"post","link":"http:\/\/hoycordobaweb.com\/index.php\/2020\/11\/18\/el-sector-automotor-proyecta-producir-70-mas-en-2021\/","title":{"rendered":"El sector automotor proyecta producir 70% m\u00e1s en 2021"},"content":{"rendered":"<p><img src=\"http:\/\/hoycordobaweb.com\/wp-content\/uploads\/2020\/11\/el-sector-automotor-proyecta-producir-70-mas-en-2021.jpg\"><\/p>\n<div><img src=\"http:\/\/hoycordobaweb.com\/wp-content\/uploads\/2020\/11\/el-sector-automotor-proyecta-producir-70-mas-en-2021-2.jpg\" class=\"ff-og-image-inserted\"><\/div>\n<aside class=\"relatedPost\">\n<h3>M\u00e1s noticias de economia<\/h3>\n<\/aside>\n<p><strong>Daniel Herrero<\/strong>, presidente de Toyota y&nbsp;de la Asociaci\u00f3n de F\u00e1bricas de Automotores (Adefa),&nbsp;anticip\u00f3 esta semana que la industria<strong> proyecta para 2021 una producci\u00f3n nacional de 440.000 unidades, casi 70% m\u00e1s<\/strong> de lo que se espera para el cierre de 2020.<\/p>\n<p>En di\u00e1logo con la prensa, el directivo coment\u00f3 que \u00ab<strong>esperamos las asociadas en Adefa para el a\u00f1o que viene un mercado de <a target=\"_blank\" href=\"https:\/\/www.perfil.com\/tags\/patentamientos\" rel=\"noopener noreferrer\">patentamientos<\/a> de unas 460.000 a 470.000 unidades, y unas 440.000 unidades de producci\u00f3n<\/strong>\u00ab. Adem\u00e1s, asegur\u00f3 que el sector est\u00e1 \u00abyendo en buen camino\u00bb.<\/p>\n<p>En el caso de los patentamientos, el incremento interanual ser\u00eda de poco m\u00e1s del 40% si se tiene en cuenta las proyecciones optimistas para el cierre de este a\u00f1o que hablan de 330.000 ventas en las concesionarias, y en l\u00ednea con los reportes de la Asociaci\u00f3n de Concesionarias de Automotores (Acara)<\/p>\n<p class=\"destacadoNota\"><a target=\"_blank\" href=\"https:\/\/www.perfil.com\/noticias\/actualidad\/ceo-toyota-daniel-herrero-reconocio-madurez-gobierno-alberto-fernandez-sindicatos-trabajadores.phtml\" rel=\"noopener noreferrer\">El CEO de Toyota reconoci\u00f3 la madurez del Gobierno, sindicatos y trabajadores para volver a producir<\/a><\/p>\n<p>Hoy, en la \u00faltima sesi\u00f3n de un ciclo de conferencias organizado por la IAE Business School,<strong><a target=\"_blank\" href=\"https:\/\/fortuna.perfil.com\/2020-06-24-213587-daniel-herrero-nuestra-industria-ya-no-sera-igual\/?_ga=2.29550588.2101423324.1605705039-885874463.1605705039\" rel=\"noopener noreferrer\">Herrero<\/a> remarc\u00f3 que \u00abes vital el di\u00e1logo entre el Gobierno, el sindicato y los empresario para crecer\u00bb<\/strong>&nbsp;en referencia a la reciente conformaci\u00f3n de la mesa de la industria automotriz&nbsp;en el marco del Acuerdo Econ\u00f3mico Social.&nbsp;<\/p>\n<p>Cabe se\u00f1alar que, por medio de este acuerdo,&nbsp;<strong>las terminales ratificaron sus proyectos de proyectos de inversiones por unos u$s 5.000 millones para 2021<\/strong> y avanzaron con el Gobierno en un proyecto de ley para promover el desarrollo del sector y declararlo estrat\u00e9gico para la producci\u00f3n.<\/p>\n<p><strong>\u00abEn la medida que se defina cu\u00e1nto vemos de mercado, cu\u00e1nto queremos de producci\u00f3n argentina y cu\u00e1nto de importaci\u00f3n vamos a tener un panorama claro de cu\u00e1nto vamos a producir\u00bb,<\/strong> afirm\u00f3 el titular de Adefa.<\/p>\n<p>\u00abEs el momento de ser un poquito creativo y ampliar y cambiar las cosas, para poder pensar la problem\u00e1tica de la industria para adelante\u00bb, asegur\u00f3 en referencia a la necesidad de contar con una industria m\u00e1s competitiva.<\/p>\n<p class=\"destacadoNota\"><a target=\"_blank\" href=\"https:\/\/parabrisas.perfil.com\/noticias\/mercado\/la-industria-automotriz-local-fuertemente-afectada-por-la-cuarentena.phtml?_ga=2.29550588.2101423324.1605705039-885874463.1605705039\" rel=\"noopener noreferrer\">La industria automotriz local, fuertemente afectada por la cuarentena<\/a><\/p>\n<p>Gobierno y empresas decidieron impulsar una Ley marco de la Industria porque es un sector estrat\u00e9gico para la producci\u00f3n argentina por su representatividad y derrame en el desarrollo econ\u00f3mico y social del pa\u00eds, y sigue varias de las l\u00edneas de la Visi\u00f3n 2030 que elabor\u00f3 Adefa y los sindicatos en 2019.<\/p>\n<p>Ese <strong>acuerdo sectorial incluye la conformaci\u00f3n del Instituto de la Movilidad, el fomento de nuevas inversiones, el proceso de disposici\u00f3n final de veh\u00edculos y la Ley de Electromovilidad, que permitir\u00e1 seguir adelante con los proyectos de inversiones que tienen las terminales radicadas en el pa\u00eds<\/strong><\/p>\n","protected":false},"excerpt":{"rendered":"<p>M\u00e1s noticias de economia Daniel Herrero, presidente de Toyota y&nbsp;de la Asociaci\u00f3n de F\u00e1bricas de Automotores (Adefa),&nbsp;anticip\u00f3 esta semana que la industria proyecta para 2021 una producci\u00f3n nacional de 440.000 unidades, casi 70% m\u00e1s de lo que se espera para el cierre de 2020. En di\u00e1logo con la prensa, el directivo coment\u00f3 que \u00abesperamos las [&hellip;]<\/p>\n","protected":false},"author":1,"featured_media":5527,"comment_status":"closed","ping_status":"closed","sticky":false,"template":"","format":"standard","meta":[],"categories":[1],"tags":[],"_links":{"self":[{"href":"http:\/\/hoycordobaweb.com\/index.php\/wp-json\/wp\/v2\/posts\/5526"}],"collection":[{"href":"http:\/\/hoycordobaweb.com\/index.php\/wp-json\/wp\/v2\/posts"}],"about":[{"href":"http:\/\/hoycordobaweb.com\/index.php\/wp-json\/wp\/v2\/types\/post"}],"author":[{"embeddable":true,"href":"http:\/\/hoycordobaweb.com\/index.php\/wp-json\/wp\/v2\/users\/1"}],"replies":[{"embeddable":true,"href":"http:\/\/hoycordobaweb.com\/index.php\/wp-json\/wp\/v2\/comments?post=5526"}],"version-history":[{"count":0,"href":"http:\/\/hoycordobaweb.com\/index.php\/wp-json\/wp\/v2\/posts\/5526\/revisions"}],"wp:featuredmedia":[{"embeddable":true,"href":"http:\/\/hoycordobaweb.com\/index.php\/wp-json\/wp\/v2\/media\/5527"}],"wp:attachment":[{"href":"http:\/\/hoycordobaweb.com\/index.php\/wp-json\/wp\/v2\/media?parent=5526"}],"wp:term":[{"taxonomy":"category","embeddable":true,"href":"http:\/\/hoycordobaweb.com\/index.php\/wp-json\/wp\/v2\/categories?post=5526"},{"taxonomy":"post_tag","embeddable":true,"href":"http:\/\/hoycordobaweb.com\/index.php\/wp-json\/wp\/v2\/tags?post=5526"}],"curies":[{"name":"wp","href":"https:\/\/api.w.org\/{rel}","templated":true}]}}