{"id":55252,"date":"2023-02-11T14:01:56","date_gmt":"2023-02-11T14:01:56","guid":{"rendered":"https:\/\/www.trendencias.com\/belleza\/amelia-bono-presume-manicura-elegante-perfecta-para-san-valentin"},"modified":"2023-02-11T14:01:56","modified_gmt":"2023-02-11T14:01:56","slug":"amelia-bono-presume-de-la-manicura-mas-elegante-y-perfecta-para-san-valentin","status":"publish","type":"post","link":"http:\/\/hoycordobaweb.com\/index.php\/2023\/02\/11\/amelia-bono-presume-de-la-manicura-mas-elegante-y-perfecta-para-san-valentin\/","title":{"rendered":"Amelia Bono presume de la manicura m\u00e1s elegante y perfecta para San Valent\u00edn"},"content":{"rendered":"<p>Se acerca <a href=\"https:\/\/trendencias.com\/tag\/San-Valentin\">San Valent\u00edn,<\/a> d\u00eda de los enamorados y muchas lo celebraremos como merece, bien en pareja o solas, por qu\u00e9 no. Sea como fuere, queremos apostar por estar siempre bellas y lucir <strong>manicuras preciosas y elegantes<\/strong> como la \u00faltima apuesta de &nbsp;<a href=\"https:\/\/trendencias.com\/tag\/Amelia-Bono\">Amelia Bono<\/a>.<\/p>\n<p><!-- BREAK 1 --><\/p>\n<div class=\"article-asset article-asset-normal article-asset-center\">\n<div class=\"desvio-container\">\n<div class=\"desvio\">\n<div class=\"desvio-figure js-desvio-figure\"> <a href=\"https:\/\/www.trendencias.com\/belleza\/amelia-bono-que-sabe-limpieza-facial-fichamos-aceite-que-usa-su-rutina-belleza-diaria\"> <img alt=\"Amelia Bono s\u00ed que sabe de limpieza facial: fichamos el aceite que usa en su rutina de belleza diaria\" src=\"http:\/\/hoycordobaweb.com\/wp-content\/uploads\/2023\/02\/amelia-bono-presume-de-la-manicura-mas-elegante-y-perfecta-para-san-valentin.jpg\"> <\/a> <\/div><\/div><\/div>\n<\/div>\n<div class=\"article-asset-image article-asset-normal article-asset-center\">\n<div class=\"asset-content\">\n<div class=\"base-wrapper-image\"> <img class=\"sf-lazy centro_sinmarco\" data-sf-srcset=\"http:\/\/hoycordobaweb.com\/wp-content\/uploads\/2023\/02\/amelia-bono-presume-de-la-manicura-mas-elegante-y-perfecta-para-san-valentin-1.jpg 450w, http:\/\/hoycordobaweb.com\/wp-content\/uploads\/2023\/02\/amelia-bono-presume-de-la-manicura-mas-elegante-y-perfecta-para-san-valentin-6.jpg 681w,http:\/\/hoycordobaweb.com\/wp-content\/uploads\/2023\/02\/amelia-bono-presume-de-la-manicura-mas-elegante-y-perfecta-para-san-valentin-7.jpg 1024w, http:\/\/hoycordobaweb.com\/wp-content\/uploads\/2023\/02\/amelia-bono-presume-de-la-manicura-mas-elegante-y-perfecta-para-san-valentin-8.jpg 1366w,\" data-sf-src=\"http:\/\/hoycordobaweb.com\/wp-content\/uploads\/2023\/02\/amelia-bono-presume-de-la-manicura-mas-elegante-y-perfecta-para-san-valentin-1.jpg\" alt=\"Amelia Bono 7\"> <noscript><img alt=\"Amelia Bono 7\" class=\"centro_sinmarco\" src=\"http:\/\/hoycordobaweb.com\/wp-content\/uploads\/2023\/02\/amelia-bono-presume-de-la-manicura-mas-elegante-y-perfecta-para-san-valentin-1.jpg\"><\/noscript> <\/div><\/div>\n<\/div>\n<p>Concretamente, la socialit\u00e9 ha apostado por una <a href=\"https:\/\/www.trendencias.com\/belleza\/arte-unas-12-ideas-manicura-roja-elegantes-que-nunca-fallan\">manicura roja<\/a> que, bien para celebrar fechas marcadas en el calendario, o para el d\u00eda a d\u00eda, siempre es una buena idea. Y es que una <strong>es un cl\u00e1sico que nunca falla <\/strong>que viste nuestras manos de una manera, sencilla, elegante y muy resultona. Un estilo que sigue siendo tendencia por muchos a\u00f1os que pasen y que es perfectamente apta para lucir en todas las ocasiones.<\/p>\n<p><!-- BREAK 2 --> <\/p>\n<div class=\"article-asset-image article-asset-normal article-asset-center\">\n<div class=\"asset-content\">\n<div class=\"base-wrapper-image\"> <img class=\"sf-lazy centro_sinmarco\" data-sf-srcset=\"http:\/\/hoycordobaweb.com\/wp-content\/uploads\/2023\/02\/amelia-bono-presume-de-la-manicura-mas-elegante-y-perfecta-para-san-valentin-2.jpg 450w, http:\/\/hoycordobaweb.com\/wp-content\/uploads\/2023\/02\/amelia-bono-presume-de-la-manicura-mas-elegante-y-perfecta-para-san-valentin-9.jpg 681w,http:\/\/hoycordobaweb.com\/wp-content\/uploads\/2023\/02\/amelia-bono-presume-de-la-manicura-mas-elegante-y-perfecta-para-san-valentin-10.jpg 1024w, http:\/\/hoycordobaweb.com\/wp-content\/uploads\/2023\/02\/amelia-bono-presume-de-la-manicura-mas-elegante-y-perfecta-para-san-valentin-11.jpg 1366w,\" data-sf-src=\"http:\/\/hoycordobaweb.com\/wp-content\/uploads\/2023\/02\/amelia-bono-presume-de-la-manicura-mas-elegante-y-perfecta-para-san-valentin-2.jpg\" alt=\"Opi Rojo\"> <noscript><img alt=\"Opi Rojo\" class=\"centro_sinmarco\" src=\"http:\/\/hoycordobaweb.com\/wp-content\/uploads\/2023\/02\/amelia-bono-presume-de-la-manicura-mas-elegante-y-perfecta-para-san-valentin-2.jpg\"><\/noscript> <\/div><\/div>\n<\/div>\n<p>Eso s\u00ed, Amelia no ha elegido un rojo cualquiera sino el m\u00edtico <strong>Big Apple Red <\/strong>de <a href=\"https:\/\/trendencias.com\/tag\/OPI\">OPI<\/a> que es uno de los rojos m\u00e1s bonitos, duraderos y fiables que hay, al menos as\u00ed nos lo parece a nosotras. Es un acierto siempre, as\u00ed que tenerlo a mano es una buena idea con un estupendo precio de <a class=\"js-ecommerce\" href=\"https:\/\/www.trendencias.com\/redirect?url=https%3A%2F%2Fwww.amazon.es%2FLacquer-Laca-Color-Nln25-Apple%2Fdp%2FB0034E103K%2Fref%3Dsr_1_1_sspa%3Fkeywords%3Dbig%2Bapple%2Bred%2Bopi%26qid%3D1676108844%26sprefix%3Dbig%2Bappl%252Caps%252C145%26sr%3D8-1-spons%26sp_csd%3Dd2lkZ2V0TmFtZT1zcF9hdGY%26psc%3D1&amp;category=belleza\" data-vars-affiliate-url=\"https:\/\/www.trendencias.com\/redirect?url=https%3A%2F%2Fwww.amazon.es%2FLacquer-Laca-Color-Nln25-Apple%2Fdp%2FB0034E103K%2Fref%3Dsr_1_1_sspa%3Fkeywords%3Dbig%2Bapple%2Bred%2Bopi%26qid%3D1676108844%26sprefix%3Dbig%2Bappl%252Caps%252C145%26sr%3D8-1-spons%26sp_csd%3Dd2lkZ2V0TmFtZT1zcF9hdGY%26psc%3D1&amp;category=belleza\">9,95 euros.<\/a><\/p>\n<p><!-- BREAK 3 --><!-- PIVOT START --><\/p>\n<div class=\"pivot-ecommerce-container\">\n<div class=\"pivot-ecommerce\" readability=\"5.7914110429448\">\n<div class=\"pivot-ecommerce-figure\"> <a href=\"https:\/\/www.trendencias.com\/redirect?url=https%3A%2F%2Fwww.amazon.es%2Fdp%2FB0034E103K%3Ftag%3Dtrendencias-21%26linkCode%3Dogi%26th%3D1%26psc%3D1&amp;category=belleza&amp;pivot=1\"> <img alt=\"OPI Nail Laquer - Esmalte de U\u00f1as con Duraci\u00f3n de Hasta 7 D\u00edas, Efecto Manicura Profesional, Big Apple Red, 15 ml\" src=\"http:\/\/hoycordobaweb.com\/wp-content\/uploads\/2023\/02\/amelia-bono-presume-de-la-manicura-mas-elegante-y-perfecta-para-san-valentin-3.jpg\"> <\/a> <\/div>\n<div class=\"pivot-ecommerce-summary\" readability=\"7.9631901840491\">\n<p class=\"pivot-ecommerce-desc\">OPI Nail Laquer &#8211; Esmalte de U\u00f1as con Duraci\u00f3n de Hasta 7 D\u00edas, Efecto Manicura Profesional, Big Apple Red, 15 ml<\/p>\n<\/p><\/div><\/div>\n<\/div>\n<p><!-- PIVOT END --><\/p>\n<div class=\"article-asset-image article-asset-normal article-asset-center\">\n<div class=\"asset-content\">\n<div class=\"base-wrapper-image\"> <img class=\"sf-lazy centro_sinmarco\" data-sf-srcset=\"http:\/\/hoycordobaweb.com\/wp-content\/uploads\/2023\/02\/amelia-bono-presume-de-la-manicura-mas-elegante-y-perfecta-para-san-valentin-4.jpg 450w, http:\/\/hoycordobaweb.com\/wp-content\/uploads\/2023\/02\/amelia-bono-presume-de-la-manicura-mas-elegante-y-perfecta-para-san-valentin-12.jpg 681w,http:\/\/hoycordobaweb.com\/wp-content\/uploads\/2023\/02\/amelia-bono-presume-de-la-manicura-mas-elegante-y-perfecta-para-san-valentin-13.jpg 1024w, http:\/\/hoycordobaweb.com\/wp-content\/uploads\/2023\/02\/amelia-bono-presume-de-la-manicura-mas-elegante-y-perfecta-para-san-valentin-14.jpg 1366w,\" data-sf-src=\"http:\/\/hoycordobaweb.com\/wp-content\/uploads\/2023\/02\/amelia-bono-presume-de-la-manicura-mas-elegante-y-perfecta-para-san-valentin-4.jpg\" alt=\"amelia-bono\"> <noscript><img alt=\"amelia-bono\" class=\"centro_sinmarco\" src=\"http:\/\/hoycordobaweb.com\/wp-content\/uploads\/2023\/02\/amelia-bono-presume-de-la-manicura-mas-elegante-y-perfecta-para-san-valentin-4.jpg\"><\/noscript> <\/div><\/div>\n<\/div>\n<p>El resultado, salta a la vista y siempre llama la atenci\u00f3n hasta con los looks m\u00e1s resultones.&nbsp;<\/p>\n","protected":false},"excerpt":{"rendered":"<p>Se acerca San Valent\u00edn, d\u00eda de los enamorados y muchas lo celebraremos como merece, bien en pareja o solas, por qu\u00e9 no. Sea como fuere, queremos apostar por estar siempre bellas y lucir manicuras preciosas y elegantes como la \u00faltima apuesta de &nbsp;Amelia Bono. Concretamente, la socialit\u00e9 ha apostado por una manicura roja que, bien [&hellip;]<\/p>\n","protected":false},"author":1,"featured_media":55253,"comment_status":"closed","ping_status":"closed","sticky":false,"template":"","format":"standard","meta":[],"categories":[1],"tags":[],"_links":{"self":[{"href":"http:\/\/hoycordobaweb.com\/index.php\/wp-json\/wp\/v2\/posts\/55252"}],"collection":[{"href":"http:\/\/hoycordobaweb.com\/index.php\/wp-json\/wp\/v2\/posts"}],"about":[{"href":"http:\/\/hoycordobaweb.com\/index.php\/wp-json\/wp\/v2\/types\/post"}],"author":[{"embeddable":true,"href":"http:\/\/hoycordobaweb.com\/index.php\/wp-json\/wp\/v2\/users\/1"}],"replies":[{"embeddable":true,"href":"http:\/\/hoycordobaweb.com\/index.php\/wp-json\/wp\/v2\/comments?post=55252"}],"version-history":[{"count":0,"href":"http:\/\/hoycordobaweb.com\/index.php\/wp-json\/wp\/v2\/posts\/55252\/revisions"}],"wp:featuredmedia":[{"embeddable":true,"href":"http:\/\/hoycordobaweb.com\/index.php\/wp-json\/wp\/v2\/media\/55253"}],"wp:attachment":[{"href":"http:\/\/hoycordobaweb.com\/index.php\/wp-json\/wp\/v2\/media?parent=55252"}],"wp:term":[{"taxonomy":"category","embeddable":true,"href":"http:\/\/hoycordobaweb.com\/index.php\/wp-json\/wp\/v2\/categories?post=55252"},{"taxonomy":"post_tag","embeddable":true,"href":"http:\/\/hoycordobaweb.com\/index.php\/wp-json\/wp\/v2\/tags?post=55252"}],"curies":[{"name":"wp","href":"https:\/\/api.w.org\/{rel}","templated":true}]}}