{"id":55240,"date":"2023-02-11T12:30:22","date_gmt":"2023-02-11T12:30:22","guid":{"rendered":"https:\/\/www.ole.com.ar\/fuera-de-juego\/denuncia-neymar-ruidosas-fiestas-jugador-psg-francia-paris_0_FwyY0Zg8mI.html"},"modified":"2023-02-11T12:30:22","modified_gmt":"2023-02-11T12:30:22","slug":"denuncian-a-neymar-por-sus-ruidosas-fiestas","status":"publish","type":"post","link":"http:\/\/hoycordobaweb.com\/index.php\/2023\/02\/11\/denuncian-a-neymar-por-sus-ruidosas-fiestas\/","title":{"rendered":"Denuncian a Neymar por sus ruidosas fiestas"},"content":{"rendered":"<p><img src=\"http:\/\/hoycordobaweb.com\/wp-content\/uploads\/2023\/02\/denuncian-a-neymar-por-sus-ruidosas-fiestas.jpg\"><\/p>\n<div class=\"custom-text \" readability=\"32.599531615925\">\n<p>Hace una semana <a href=\"https:\/\/www.ole.com.ar\/tema\/neymar.html\" title=\"Neymar\" alt=\"Neymar\" class=\"slug\"><strong>Neymar<\/strong><\/a><strong> cumpli\u00f3 31 a\u00f1os y, fiel a su estilo, <\/strong><a href=\"https:\/\/www.ole.com.ar\/ecuador\/internacional\/neymar-cumpleanos-festejo-messi-foto-viral-ex-nueva-pareja_0_Bi0RhhfbkI.html\"><strong>decidi\u00f3 hacer un importante festejos<\/strong><\/a> con grandes personalidades, <a href=\"https:\/\/www.ole.com.ar\/futbol-internacional\/francia\/neymar-messi-falcao_0_UrvMyX3qcp.html\" target=\"_blank\" rel=\"noopener noreferrer\">entre las que estuvo Lionel Messi<\/a>. Su \u00edntimo amigo y compa\u00f1ero en el <a href=\"https:\/\/www.ole.com.ar\/tema\/paris-saint-germain.html\" target=\"_blank\" title=\"Paris Saint Germain\" alt=\"Paris Saint Germain\" class=\"slug\" rel=\"noopener noreferrer\">PSG<\/a> pas\u00f3 un rayo y hasta posaron junto a Falcao, el mejor jugador de la historia del Futsal. <strong>Pero est\u00e1 claro que el problemas no fue la Pulga, sino el delantero brasile\u00f1o y sus compa\u00f1eros que suelen hacer fiestas intensas&#8230;<\/strong><\/p>\n<\/div>\n<div class=\"sc-996041c8-0 kvfKM\"><img alt=\"Falcao y Messi posaron con el cumplea\u00f1ero Neymar.\" src=\"http:\/\/hoycordobaweb.com\/wp-content\/uploads\/2023\/02\/denuncian-a-neymar-por-sus-ruidosas-fiestas-2.jpg\" width=\"720\" height=\"0\" decoding=\"async\" data-nimg=\"future\" loading=\"lazy\"><span>Falcao y Messi posaron con el cumplea\u00f1ero Neymar.<\/span><\/div>\n<div class=\"sc-489cef11-0 jHGTKj\" readability=\"6\">\n<section readability=\"2\"><picture><img class=\"img\" src=\"http:\/\/hoycordobaweb.com\/wp-content\/uploads\/2023\/02\/denuncian-a-neymar-por-sus-ruidosas-fiestas-3.jpg\" alt=\"Lautaro Mart\u00ednez: &quot;Ser\u00eda un sue\u00f1o volver a Racing&quot;\" height=\"290\" width=\"290\" loading=\"lazy\"><\/picture>\n<p><span>Mir\u00e1 tambi\u00e9n<\/span><\/p>\n<hr>\n<h3>Lautaro Mart\u00ednez: \u00abSer\u00eda un sue\u00f1o volver a Racing\u00bb<\/h3>\n<\/p>\n<\/section>\n<\/div>\n<div class=\"custom-text \" readability=\"37\">\n<p>Las fiestas de Neymar en la mansi\u00f3n en la que vive en la localidad de Bougival, a las afueras de Par\u00eds, exasperan a muchos de sus vecinos y eso qued\u00f3 claro en la celebraci\u00f3n de su 31 cumplea\u00f1os el domingo pasado, cuando <strong>algunos de ellos llamaron a la polic\u00eda para pedir que se parara el ruido<\/strong>.<\/p>\n<\/div>\n<div class=\"custom-text \" readability=\"39\">\n<p>Este s\u00e1bado, Le Parisien public\u00f3 un amplio reportaje en el que <strong>el mismo alcalde de Bougival, Luc Wattelle, que tiene su casa cerca de la del astro brasile\u00f1o del Par\u00eds Saint Germain, se quej\u00f3 y lo calific\u00f3 como \u00abun individuo sin respeto\u00bb<\/strong>, opini\u00f3n compartida por los vecinos.<\/p>\n<\/div>\n<div class=\"sc-996041c8-0 kvfKM\"><img alt=\"Neymar y su regreso al amor.\" src=\"http:\/\/hoycordobaweb.com\/wp-content\/uploads\/2023\/02\/denuncian-a-neymar-por-sus-ruidosas-fiestas-4.jpg\" width=\"720\" height=\"0\" decoding=\"async\" data-nimg=\"future\" loading=\"lazy\"><span>Neymar y su regreso al amor.<\/span><\/div>\n<div class=\"sc-489cef11-0 jHGTKj\" readability=\"6\">\n<section readability=\"2\"><picture><img class=\"img\" src=\"http:\/\/hoycordobaweb.com\/wp-content\/uploads\/2023\/02\/denuncian-a-neymar-por-sus-ruidosas-fiestas-5.jpg\" alt=\"Bebelo Reynoso se ausent\u00f3: suspendido\" height=\"290\" width=\"290\" loading=\"lazy\"><\/picture>\n<p><span>Mir\u00e1 tambi\u00e9n<\/span><\/p>\n<hr>\n<h3>Bebelo Reynoso se ausent\u00f3: suspendido<\/h3>\n<\/p>\n<\/section>\n<\/div>\n<p><h2><strong>LA QUEJA DEL ALCALDE<\/strong><\/h2>\n<\/p>\n<div class=\"custom-text \" readability=\"39\">\n<p>\u00ab<strong>No era s\u00f3lo un fondo sonoro, era prodigiosamente molesto<\/strong>\u00ab, asegur\u00f3 Wattelle, que insiste en que no es la primera vez que Neymar se hac\u00eda notar. En particular, se\u00f1ala que cuando <strong>organiz\u00f3 otra fiesta para celebrar el triunfo del PSG en la liga francesa, dur\u00f3 \u00abhasta las 5\u00bb de la madrugada<\/strong>.<\/p>\n<\/div>\n<div class=\"custom-text \" readability=\"38\">\n<p>El alcalde se siente desarmado ante esta situaci\u00f3n porque con el internacional brasile\u00f1o una multa de 135 euros por falta de civismo no tiene ning\u00fan efecto, teniendo en cuenta lo que gana. \u00ab<strong>En un determinado momento, vamos a abrir un procedimiento ante el fiscal por alteraci\u00f3n repetida del orden p\u00fablico<\/strong>\u00ab, advirti\u00f3<\/p>\n<\/div>\n<div class=\"sc-996041c8-0 kvfKM\"><img alt=\"Neymar, denunciado por sus vecinos (Foto: AP).\" src=\"http:\/\/hoycordobaweb.com\/wp-content\/uploads\/2023\/02\/denuncian-a-neymar-por-sus-ruidosas-fiestas-6.jpg\" width=\"720\" height=\"0\" decoding=\"async\" data-nimg=\"future\" loading=\"lazy\"><span>Neymar, denunciado por sus vecinos (Foto: AP).<\/span><\/div>\n<div class=\"sc-489cef11-0 jHGTKj\" readability=\"6.5\">\n<section readability=\"3\"><picture><img class=\"img\" src=\"http:\/\/hoycordobaweb.com\/wp-content\/uploads\/2023\/02\/denuncian-a-neymar-por-sus-ruidosas-fiestas-7.jpg\" alt=\"Dybala, \u00bfpr\u00f3ximo objetivo del United?\" height=\"290\" width=\"290\" loading=\"lazy\"><\/picture>\n<p><span>Mir\u00e1 tambi\u00e9n<\/span><\/p>\n<hr>\n<h3>Dybala, \u00bfpr\u00f3ximo objetivo del United?<\/h3>\n<\/p>\n<\/section>\n<\/div>\n<p><h2><strong>LA DENUNCIA DE LOS VECINOS<\/strong><\/h2>\n<\/p>\n<div class=\"custom-text \" readability=\"37\">\n<p>El domingo pasado, desde primera hora de la tarde, una vecina de la residencia de cinco plantas que Neymar ocupa desde que lleg\u00f3 al PSG en 2017, avis\u00f3 de que algo se preparaba en una cuenta de Facebook que se utiliza para poner informaciones en com\u00fan con otros habitantes del barrio.<\/p>\n<\/div>\n<div class=\"custom-text \" readability=\"37\">\n<p><strong>El tono de los mensajes fue creciendo conforme pasaban las horas y algunos decidieron llamar a las fuerzas del orden, primero a la Polic\u00eda Municipal y luego a la Polic\u00eda Nacional<\/strong>. Los agentes que acudieron les dijeron que la fiesta se iba a terminar a las 21, pero los testimonios recogidos por Le Parisien afirman que a las 23:45 todav\u00eda se escuch\u00f3 el \u00ab\u00a1Cumplea\u00f1os feliz!\u00bb.<\/p>\n<\/div>\n<div class=\"sc-489cef11-0 jHGTKj\" readability=\"6.5\">\n<section readability=\"3\"><picture><img class=\"img\" src=\"http:\/\/hoycordobaweb.com\/wp-content\/uploads\/2023\/02\/denuncian-a-neymar-por-sus-ruidosas-fiestas-8.jpg\" alt=\"El Dibu Mart\u00ednez: de c\u00f3mo fue el atajad\u00f3n a Muani al &quot;bailecito que nunca hab\u00eda hecho&quot;\" height=\"290\" width=\"290\" loading=\"lazy\"><\/picture>\n<p><span>Mir\u00e1 tambi\u00e9n<\/span><\/p>\n<hr>\n<h3>El Dibu Mart\u00ednez: de c\u00f3mo fue el atajad\u00f3n a Muani al \u00abbailecito que nunca hab\u00eda hecho\u00bb<\/h3>\n<\/p>\n<\/section>\n<\/div>\n<div class=\"sc-489cef11-0 jHGTKj\" readability=\"6\">\n<section readability=\"2\"><picture><img class=\"img\" src=\"http:\/\/hoycordobaweb.com\/wp-content\/uploads\/2023\/02\/denuncian-a-neymar-por-sus-ruidosas-fiestas-9.jpg\" alt=\"El ex Boca que volvi\u00f3 a convertir para el C\u00e1diz\" height=\"290\" width=\"290\" loading=\"lazy\"><\/picture>\n<p><span>Mir\u00e1 tambi\u00e9n<\/span><\/p>\n<hr>\n<h3>El ex Boca que volvi\u00f3 a convertir para el C\u00e1diz<\/h3>\n<\/p>\n<\/section>\n<\/div>\n","protected":false},"excerpt":{"rendered":"<p>Hace una semana Neymar cumpli\u00f3 31 a\u00f1os y, fiel a su estilo, decidi\u00f3 hacer un importante festejos con grandes personalidades, entre las que estuvo Lionel Messi. Su \u00edntimo amigo y compa\u00f1ero en el PSG pas\u00f3 un rayo y hasta posaron junto a Falcao, el mejor jugador de la historia del Futsal. Pero est\u00e1 claro que [&hellip;]<\/p>\n","protected":false},"author":1,"featured_media":55241,"comment_status":"open","ping_status":"closed","sticky":false,"template":"","format":"standard","meta":[],"categories":[16],"tags":[],"_links":{"self":[{"href":"http:\/\/hoycordobaweb.com\/index.php\/wp-json\/wp\/v2\/posts\/55240"}],"collection":[{"href":"http:\/\/hoycordobaweb.com\/index.php\/wp-json\/wp\/v2\/posts"}],"about":[{"href":"http:\/\/hoycordobaweb.com\/index.php\/wp-json\/wp\/v2\/types\/post"}],"author":[{"embeddable":true,"href":"http:\/\/hoycordobaweb.com\/index.php\/wp-json\/wp\/v2\/users\/1"}],"replies":[{"embeddable":true,"href":"http:\/\/hoycordobaweb.com\/index.php\/wp-json\/wp\/v2\/comments?post=55240"}],"version-history":[{"count":0,"href":"http:\/\/hoycordobaweb.com\/index.php\/wp-json\/wp\/v2\/posts\/55240\/revisions"}],"wp:featuredmedia":[{"embeddable":true,"href":"http:\/\/hoycordobaweb.com\/index.php\/wp-json\/wp\/v2\/media\/55241"}],"wp:attachment":[{"href":"http:\/\/hoycordobaweb.com\/index.php\/wp-json\/wp\/v2\/media?parent=55240"}],"wp:term":[{"taxonomy":"category","embeddable":true,"href":"http:\/\/hoycordobaweb.com\/index.php\/wp-json\/wp\/v2\/categories?post=55240"},{"taxonomy":"post_tag","embeddable":true,"href":"http:\/\/hoycordobaweb.com\/index.php\/wp-json\/wp\/v2\/tags?post=55240"}],"curies":[{"name":"wp","href":"https:\/\/api.w.org\/{rel}","templated":true}]}}