{"id":55238,"date":"2023-02-11T13:25:18","date_gmt":"2023-02-11T13:25:18","guid":{"rendered":"https:\/\/www.ole.com.ar\/futbol-internacional\/inglaterra\/primera-asistencia-enzo-fernandez-chelsea-premier-league_0_ar9HikjVHT.html"},"modified":"2023-02-11T13:25:18","modified_gmt":"2023-02-11T13:25:18","slug":"video-la-primera-asistencia-de-enzo-fernandez-en-chelsea","status":"publish","type":"post","link":"http:\/\/hoycordobaweb.com\/index.php\/2023\/02\/11\/video-la-primera-asistencia-de-enzo-fernandez-en-chelsea\/","title":{"rendered":"Video: la primera asistencia de Enzo Fern\u00e1ndez en Chelsea"},"content":{"rendered":"<p><img src=\"http:\/\/hoycordobaweb.com\/wp-content\/uploads\/2023\/02\/video-la-primera-asistencia-de-enzo-fernandez-en-chelsea.jpg\"><\/p>\n<div class=\"custom-text \" readability=\"13.445910290237\">\n<p><a href=\"https:\/\/www.ole.com.ar\/tema\/enzo-fernandez.html\" title=\"Enzo Fern\u00e1ndez\" alt=\"Enzo Fern\u00e1ndez\" class=\"slug\"><strong>Enzo Fern\u00e1ndez<\/strong><\/a> <strong>no conoce lo que es un proceso de adaptaci\u00f3n<\/strong>. A lo largo de su corta pero intensa carrera, <strong>el mediocampista de 22 a\u00f1os nunca sinti\u00f3 el peso de las camisetas que le toc\u00f3 vestir<\/strong>. No le pas\u00f3 en River, no le pas\u00f3 en Benfica, ni siquiera en la Selecci\u00f3n Argentina, donde tuvo b\u00e1sicamente sus primeras pruebas en Qatar 2022 y termin\u00f3 ganando al Copa del Mundo.<\/p>\n<\/div>\n<div class=\"sc-489cef11-0 jHGTKj\" readability=\"6\">\n<section readability=\"2\"><picture><img class=\"img\" src=\"http:\/\/hoycordobaweb.com\/wp-content\/uploads\/2023\/02\/video-la-primera-asistencia-de-enzo-fernandez-en-chelsea-2.jpg\" alt=\"EN VIVO: segu\u00ed todos los partidos del s\u00e1bado en la Premier League\" height=\"290\" width=\"290\" loading=\"lazy\"><\/picture>\n<p><span>Mir\u00e1 tambi\u00e9n<\/span><\/p>\n<hr>\n<h3>EN VIVO: segu\u00ed todos los partidos del s\u00e1bado en la Premier League<\/h3>\n<\/p>\n<\/section>\n<\/div>\n<div class=\"custom-text \" readability=\"13.720797720798\">\n<p> Ahora, comienza un nuevo cap\u00edtulo en el <a href=\"https:\/\/www.ole.com.ar\/tema\/chelsea.html\" title=\"Chelsea\" alt=\"Chelsea\" class=\"slug\"><strong>Chelsea<\/strong><\/a>, donde todas las miradas est\u00e1n puestas en \u00e9l debido a los 121 millones de euros que el equipo ingl\u00e9s invirti\u00f3 en su pase, siendo la transferencia m\u00e1s cara de este mercado de pases y de un argentino en la historia. Pese a esto, <strong>Enzo demostr\u00f3 que la presi\u00f3n no le afecta y que vale su peso en oro.<\/strong><\/p>\n<\/div>\n<div class=\"sc-996041c8-0 kvfKM\"><img alt=\"Expectativas por Enzo Fern\u00e1ndez en Chelsea.\" src=\"http:\/\/hoycordobaweb.com\/wp-content\/uploads\/2023\/02\/video-la-primera-asistencia-de-enzo-fernandez-en-chelsea-3.jpg\" width=\"720\" height=\"0\" decoding=\"async\" data-nimg=\"future\" loading=\"lazy\"><span>Expectativas por Enzo Fern\u00e1ndez en Chelsea.<\/span><\/div>\n<div class=\"custom-text \" readability=\"14\">\n<p>Es m\u00e1s, ya comenz\u00f3 a justificar la inversi\u00f3n. En su debut contra Crystal Palace ya se hab\u00eda adue\u00f1ado del mediocampo y, <strong>este s\u00e1bado contra el West Ham, dio su primera asistencia en los Blues<\/strong>. <strong>El volante recibi\u00f3 un pase de Cucurella y dio una habilitaci\u00f3n magistral para Joao F\u00e9lix<\/strong>, que defini\u00f3 ante el arquero y abri\u00f3 el marcador.<\/p>\n<\/div>\n<div class=\"sc-489cef11-0 jHGTKj\" readability=\"6\">\n<section readability=\"2\"><picture><img class=\"img\" src=\"http:\/\/hoycordobaweb.com\/wp-content\/uploads\/2023\/02\/video-la-primera-asistencia-de-enzo-fernandez-en-chelsea-4.jpg\" alt=\"La gran asistencia de Enzo Fern\u00e1ndez no le alcanza al Chelsea\" height=\"290\" width=\"290\" loading=\"lazy\"><\/picture>\n<p><span>Mir\u00e1 tambi\u00e9n<\/span><\/p>\n<hr>\n<h3>La gran asistencia de Enzo Fern\u00e1ndez no le alcanza al Chelsea<\/h3>\n<\/p>\n<\/section>\n<\/div>\n<div class=\"sc-e6588e40-0 jMZSMl\">\n<div class=\"sc-e6588e40-1 ghdCia videoText\" id=\"contentTitleundefinednwfQG8B0\" readability=\"6\"><svg fill=\"#ffffff\"><symbol id=\"play\" viewBox=\"0 0 512 512\"><path d=\"M512 256C512 397.4 397.4 512 256 512C114.6 512 0 397.4 0 256C0 114.6 114.6 0 256 0C397.4 0 512 114.6 512 256zM176 168V344C176 352.7 180.7 360.7 188.3 364.9C195.8 369.2 205.1 369 212.5 364.5L356.5 276.5C363.6 272.1 368 264.4 368 256C368 247.6 363.6 239.9 356.5 235.5L212.5 147.5C205.1 142.1 195.8 142.8 188.3 147.1C180.7 151.3 176 159.3 176 168V168z\" \/><\/symbol><use xlink:href=\"#play\" \/><\/svg><\/p>\n<div class=\"right\" readability=\"7\">\n<p>Enzo Fern\u00e1ndez<!-- --> &#8211;<!-- --> <span>11-2-2023<\/span><\/p>\n<h2 class=\"title-vid\">Gran asistencia de Enzo Fern\u00e1ndez para el 1-0<\/h2>\n<\/div>\n<\/div>\n<p><span class=\"back\" id=\"spanBackundefinednwfQG8B0\"><\/span><\/div>\n<div class=\"custom-text \" readability=\"13\">\n<p>El futbolista portugu\u00e9s, otra de las exc\u00e9ntricas incorporaciones del equipo que dirige Graham Potter tuvo su debut en redes gracias al pase del ex River, a quien hab\u00eda destacado d\u00edas atr\u00e1s. \u00ab<strong>Enzo se merece que paguen esa cantidad por \u00e9l porque es joven y muy bueno. Tiene mucho margen para evolucionar y seguramente termine siendo de los mejores mediocampistas de Europa<\/strong>\u00ab, coment\u00f3 F\u00e9lix y agreg\u00f3: \u00ab<strong>Entr\u00f3 muy bien en el grupo. Lleg\u00f3 dos d\u00edas antes de un partido y ya empez\u00f3 a jugar y estuvo muy bien. Es un gran jugador<\/strong>\u00ab.<\/p>\n<\/div>\n<div class=\"sc-489cef11-0 jHGTKj\" readability=\"6\">\n<section readability=\"2\"><picture><img class=\"img\" src=\"http:\/\/hoycordobaweb.com\/wp-content\/uploads\/2023\/02\/video-la-primera-asistencia-de-enzo-fernandez-en-chelsea-5.jpg\" alt=\"Denuncian a Neymar por sus ruidosas fiestas\" height=\"290\" width=\"290\" loading=\"lazy\"><\/picture>\n<p><span>Mir\u00e1 tambi\u00e9n<\/span><\/p>\n<hr>\n<h3>Denuncian a Neymar por sus ruidosas fiestas<\/h3>\n<\/p>\n<\/section>\n<\/div>\n<div class=\"custom-text \" readability=\"16\">\n<p>Los elogios de su compa\u00f1ero van en contramano con las declaraciones de Gary Neville, leyenda del Manchester United, que cuestion\u00f3 el monto invertido por Fern\u00e1ndez: \u00ab<strong>Cucurella por \u00a364 millones y Enzo Fern\u00e1ndez por \u00a3107 millones: eso es un lateral y un volante que jugar\u00e1 en la base. El techo para ese tipo de jugadores, como Rodri, Fabinho, Casemiro, es de 50-60 millones<\/strong>\u00ab. <\/p>\n<\/div>\n<div class=\"sc-996041c8-0 kvfKM\"><img alt=\"Asistencia de Enzo ante West Ham.\" src=\"http:\/\/hoycordobaweb.com\/wp-content\/uploads\/2023\/02\/video-la-primera-asistencia-de-enzo-fernandez-en-chelsea-6.jpg\" width=\"720\" height=\"0\" decoding=\"async\" data-nimg=\"future\" loading=\"lazy\"><span>Asistencia de Enzo ante West Ham.<\/span><\/div>\n<div class=\"custom-text \" readability=\"13\">\n<p>\u00abEstos no son jugadores que juegan en el ataque y te marcan 30 goles, entonces \u00bfpor qu\u00e9 est\u00e1n pagando tanto en esas posiciones? \u00bfQu\u00e9 obtienes con este dinero? Me parecen transferencias extra\u00f1as\u201d, cerr\u00f3 Neville, el mismo que hab\u00eda criticado a Lisandro Mart\u00ednez por su altura en su llegada a la Premier League.<\/p>\n<\/div>\n","protected":false},"excerpt":{"rendered":"<p>Enzo Fern\u00e1ndez no conoce lo que es un proceso de adaptaci\u00f3n. A lo largo de su corta pero intensa carrera, el mediocampista de 22 a\u00f1os nunca sinti\u00f3 el peso de las camisetas que le toc\u00f3 vestir. No le pas\u00f3 en River, no le pas\u00f3 en Benfica, ni siquiera en la Selecci\u00f3n Argentina, donde tuvo b\u00e1sicamente [&hellip;]<\/p>\n","protected":false},"author":1,"featured_media":55239,"comment_status":"open","ping_status":"closed","sticky":false,"template":"","format":"standard","meta":[],"categories":[16],"tags":[],"_links":{"self":[{"href":"http:\/\/hoycordobaweb.com\/index.php\/wp-json\/wp\/v2\/posts\/55238"}],"collection":[{"href":"http:\/\/hoycordobaweb.com\/index.php\/wp-json\/wp\/v2\/posts"}],"about":[{"href":"http:\/\/hoycordobaweb.com\/index.php\/wp-json\/wp\/v2\/types\/post"}],"author":[{"embeddable":true,"href":"http:\/\/hoycordobaweb.com\/index.php\/wp-json\/wp\/v2\/users\/1"}],"replies":[{"embeddable":true,"href":"http:\/\/hoycordobaweb.com\/index.php\/wp-json\/wp\/v2\/comments?post=55238"}],"version-history":[{"count":0,"href":"http:\/\/hoycordobaweb.com\/index.php\/wp-json\/wp\/v2\/posts\/55238\/revisions"}],"wp:featuredmedia":[{"embeddable":true,"href":"http:\/\/hoycordobaweb.com\/index.php\/wp-json\/wp\/v2\/media\/55239"}],"wp:attachment":[{"href":"http:\/\/hoycordobaweb.com\/index.php\/wp-json\/wp\/v2\/media?parent=55238"}],"wp:term":[{"taxonomy":"category","embeddable":true,"href":"http:\/\/hoycordobaweb.com\/index.php\/wp-json\/wp\/v2\/categories?post=55238"},{"taxonomy":"post_tag","embeddable":true,"href":"http:\/\/hoycordobaweb.com\/index.php\/wp-json\/wp\/v2\/tags?post=55238"}],"curies":[{"name":"wp","href":"https:\/\/api.w.org\/{rel}","templated":true}]}}