{"id":55230,"date":"2023-02-11T14:22:00","date_gmt":"2023-02-11T14:22:00","guid":{"rendered":"https:\/\/www.ole.com.ar\/ecuador\/internacional\/brighton-crystal-palace-premier-league-moises-caicedo-pervis-estupinan_0_WNfgKVbl1m.html"},"modified":"2023-02-11T14:22:00","modified_gmt":"2023-02-11T14:22:00","slug":"pervis-y-moi-titulares-el-brighton-visita-al-crystal-palace","status":"publish","type":"post","link":"http:\/\/hoycordobaweb.com\/index.php\/2023\/02\/11\/pervis-y-moi-titulares-el-brighton-visita-al-crystal-palace\/","title":{"rendered":"Pervis y Moi titulares: el Brighton visita al Crystal Palace"},"content":{"rendered":"<p><img src=\"http:\/\/hoycordobaweb.com\/wp-content\/uploads\/2023\/02\/pervis-y-moi-titulares-el-brighton-visita-al-crystal-palace.jpg\"><\/p>\n<div class=\"sc-489cef11-0 jHGTKj\" readability=\"6\">\n<section readability=\"2\"><picture><img class=\"img\" src=\"http:\/\/hoycordobaweb.com\/wp-content\/uploads\/2023\/02\/pervis-y-moi-titulares-el-brighton-visita-al-crystal-palace-2.jpg\" alt=\"Gareca descarta dirigir a Chile: &quot;Me malinterpretaron&quot;\" height=\"290\" width=\"290\" loading=\"lazy\"><\/picture>\n<p><span>Mir\u00e1 tambi\u00e9n<\/span><\/p>\n<hr>\n<h3>Gareca descarta dirigir a Chile: \u00abMe malinterpretaron\u00bb<\/h3>\n<\/p>\n<\/section>\n<\/div>\n<div class=\"sc-489cef11-0 jHGTKj\" readability=\"6\">\n<section readability=\"2\"><picture><img class=\"img\" src=\"http:\/\/hoycordobaweb.com\/wp-content\/uploads\/2023\/02\/pervis-y-moi-titulares-el-brighton-visita-al-crystal-palace-3.jpg\" alt=\"Antonio Valencia ve preparados a dos DTs ecuatorianos para La Tri\" height=\"290\" width=\"290\" loading=\"lazy\"><\/picture>\n<p><span>Mir\u00e1 tambi\u00e9n<\/span><\/p>\n<hr>\n<h3>Antonio Valencia ve preparados a dos DTs ecuatorianos para La Tri<\/h3>\n<\/p>\n<\/section>\n<\/div>\n<div class=\"sc-489cef11-0 jHGTKj\" readability=\"6\">\n<section readability=\"2\"><picture><img class=\"img\" src=\"http:\/\/hoycordobaweb.com\/wp-content\/uploads\/2023\/02\/pervis-y-moi-titulares-el-brighton-visita-al-crystal-palace-4.jpg\" alt=\"Estos son los precios para ver a Chito Vera vs Cordy Sandhagen\" height=\"290\" width=\"290\" loading=\"lazy\"><\/picture>\n<p><span>Mir\u00e1 tambi\u00e9n<\/span><\/p>\n<hr>\n<h3>Estos son los precios para ver a Chito Vera vs Cordy Sandhagen<\/h3>\n<\/p>\n<\/section>\n<\/div>\n<p><h2><strong>Las alineaciones<\/strong><\/h2>\n<\/p>\n<p><h2><strong>Las estad\u00edsticas del encuentro<\/strong><\/h2><\/p>\n","protected":false},"excerpt":{"rendered":"<p>Mir\u00e1 tambi\u00e9n Gareca descarta dirigir a Chile: \u00abMe malinterpretaron\u00bb Mir\u00e1 tambi\u00e9n Antonio Valencia ve preparados a dos DTs ecuatorianos para La Tri Mir\u00e1 tambi\u00e9n Estos son los precios para ver a Chito Vera vs Cordy Sandhagen Las alineaciones Las estad\u00edsticas del encuentro<\/p>\n","protected":false},"author":1,"featured_media":55231,"comment_status":"open","ping_status":"closed","sticky":false,"template":"","format":"standard","meta":[],"categories":[16],"tags":[],"_links":{"self":[{"href":"http:\/\/hoycordobaweb.com\/index.php\/wp-json\/wp\/v2\/posts\/55230"}],"collection":[{"href":"http:\/\/hoycordobaweb.com\/index.php\/wp-json\/wp\/v2\/posts"}],"about":[{"href":"http:\/\/hoycordobaweb.com\/index.php\/wp-json\/wp\/v2\/types\/post"}],"author":[{"embeddable":true,"href":"http:\/\/hoycordobaweb.com\/index.php\/wp-json\/wp\/v2\/users\/1"}],"replies":[{"embeddable":true,"href":"http:\/\/hoycordobaweb.com\/index.php\/wp-json\/wp\/v2\/comments?post=55230"}],"version-history":[{"count":0,"href":"http:\/\/hoycordobaweb.com\/index.php\/wp-json\/wp\/v2\/posts\/55230\/revisions"}],"wp:featuredmedia":[{"embeddable":true,"href":"http:\/\/hoycordobaweb.com\/index.php\/wp-json\/wp\/v2\/media\/55231"}],"wp:attachment":[{"href":"http:\/\/hoycordobaweb.com\/index.php\/wp-json\/wp\/v2\/media?parent=55230"}],"wp:term":[{"taxonomy":"category","embeddable":true,"href":"http:\/\/hoycordobaweb.com\/index.php\/wp-json\/wp\/v2\/categories?post=55230"},{"taxonomy":"post_tag","embeddable":true,"href":"http:\/\/hoycordobaweb.com\/index.php\/wp-json\/wp\/v2\/tags?post=55230"}],"curies":[{"name":"wp","href":"https:\/\/api.w.org\/{rel}","templated":true}]}}