{"id":55181,"date":"2023-02-10T14:07:22","date_gmt":"2023-02-10T14:07:22","guid":{"rendered":"https:\/\/www.ole.com.ar\/futbol-internacional\/carlo-ancelotti-conferencia-mundial-clubes-real-madrid-rumores-brasil-flamengo_0_BzEvvkpWoQ.html"},"modified":"2023-02-10T14:07:22","modified_gmt":"2023-02-10T14:07:22","slug":"ancelotti-de-los-rumores-sobre-su-llegada-a-brasil-a-el-futbol-esta-cambiando","status":"publish","type":"post","link":"http:\/\/hoycordobaweb.com\/index.php\/2023\/02\/10\/ancelotti-de-los-rumores-sobre-su-llegada-a-brasil-a-el-futbol-esta-cambiando\/","title":{"rendered":"Ancelotti: de los rumores sobre su llegada a Brasil a \u00abel f\u00fatbol est\u00e1 cambiando\u00bb"},"content":{"rendered":"<p><img src=\"http:\/\/hoycordobaweb.com\/wp-content\/uploads\/2023\/02\/ancelotti-de-los-rumores-sobre-su-llegada-a-brasil-a-el-futbol-esta-cambiando.jpg\"><\/p>\n<div class=\"custom-text \" readability=\"33.080357142857\">\n<p><a href=\"https:\/\/www.ole.com.ar\/tema\/real-madrid.html\" title=\"Real Madrid\" alt=\"Real Madrid\" class=\"slug\">Real Madrid<\/a> y Al Hilal definir\u00e1n al campe\u00f3n <a href=\"https:\/\/www.ole.com.ar\/tema\/mundial-de-clubes.html\" title=\"Mundial de Clubes\" alt=\"Mundial de Clubes\" class=\"slug\">Mundial de Clubes<\/a> este s\u00e1bado. En la previa, <a href=\"https:\/\/www.ole.com.ar\/tema\/carlo-ancelotti.html\" title=\"Carlo Ancelotti\" alt=\"Carlo Ancelotti\" class=\"slug\"><strong>Carlo Ancelotti<\/strong><\/a> brind\u00f3 una conferencia de prensa y destac\u00f3 que la final no sea ante <a href=\"https:\/\/www.ole.com.ar\/tema\/flamengo.html\" title=\"Flamengo\" alt=\"Flamengo\" class=\"slug\">Flamengo<\/a>, eliminado en manos del equipo de <strong>Ram\u00f3n D\u00edaz<\/strong>. <strong>\u00abYa no es una final Sudam\u00e9rica-Europa, el f\u00fatbol est\u00e1 cambiando\u00bb<\/strong>, expres\u00f3 el entrenador italiano.<\/p>\n<\/div>\n<p><h2><strong>La palabra de Ancelotti<\/strong><\/h2>\n<\/p>\n<div class=\"custom-text \" readability=\"35\">\n<p>Carletto justific\u00f3 su frase trayendo a escena el debut de la Selecci\u00f3n en la pasada Copa del Mundo:<strong> \u00abEl Mundial nos mostr\u00f3 que la selecci\u00f3n de Arabia Saudita gan\u00f3 a Argentina, sin ir m\u00e1s lejos\u00bb<\/strong>.<\/p>\n<\/div>\n<div class=\"sc-996041c8-0 kvfKM\"><img alt=\"Record\u00f3 la derrota mundialista de Argentina. (EFE\/Julio Mu\u00f1oz)\" src=\"http:\/\/hoycordobaweb.com\/wp-content\/uploads\/2023\/02\/ancelotti-de-los-rumores-sobre-su-llegada-a-brasil-a-el-futbol-esta-cambiando-2.jpg\" width=\"720\" height=\"0\" decoding=\"async\" data-nimg=\"future\" loading=\"lazy\"><span>Record\u00f3 la derrota mundialista de Argentina. (EFE\/Julio Mu\u00f1oz)<\/span><\/div>\n<div class=\"sc-489cef11-0 jHGTKj\" readability=\"6\">\n<section readability=\"2\"><picture><img class=\"img\" src=\"http:\/\/hoycordobaweb.com\/wp-content\/uploads\/2023\/02\/ancelotti-de-los-rumores-sobre-su-llegada-a-brasil-a-el-futbol-esta-cambiando-3.jpg\" alt=\"Nuevo parte m\u00e9dico sobre Lionel Messi\" height=\"290\" width=\"290\" loading=\"lazy\"><\/picture>\n<p><span>Mir\u00e1 tambi\u00e9n<\/span><\/p>\n<hr>\n<h3>Nuevo parte m\u00e9dico sobre Lionel Messi<\/h3>\n<\/p>\n<\/section>\n<\/div>\n<div class=\"custom-text \" readability=\"38\">\n<p><strong>\u00abEl que gana la Champions es el campe\u00f3n de Europa, est\u00e1 tambi\u00e9n el campe\u00f3n de \u00c1frica, de Asia&#8230; El campe\u00f3n mundial es esto<\/strong>. S\u00f3lo he vivido seis finales como esta, es para disfrutarlo\u00bb, agreg\u00f3 al respecto.<\/p>\n<\/div>\n<div class=\"custom-text \" readability=\"40\">\n<p>Focalizado en lo que ser\u00e1 el enfrentamiento ante el club saud\u00ed, el DT del Merengue avis\u00f3: \u00abEs un buen equipo, hay calidades individuales, con mucho internacional saud\u00ed que lo hicieron bien en el Mundial. Les respetamos y su calidad la mostraron contra el Flamengo. Respetamos tambi\u00e9n el evento, es un evento muy muy importante, no pasan muchas veces en tu carrera el poder tener estos partidos\u00bb.<\/p>\n<\/div>\n<div class=\"sc-996041c8-0 kvfKM\"><img alt=\"No se olvid\u00f3 de Ram\u00f3n D\u00edaz. (EFE\/EPA\/MOHAMED MESSARA)\" src=\"http:\/\/hoycordobaweb.com\/wp-content\/uploads\/2023\/02\/ancelotti-de-los-rumores-sobre-su-llegada-a-brasil-a-el-futbol-esta-cambiando-4.jpg\" width=\"720\" height=\"0\" decoding=\"async\" data-nimg=\"future\" loading=\"lazy\"><span>No se olvid\u00f3 de Ram\u00f3n D\u00edaz. (EFE\/EPA\/MOHAMED MESSARA)<\/span><\/div>\n<div class=\"sc-489cef11-0 jHGTKj\" readability=\"6\">\n<section readability=\"2\"><picture><img class=\"img\" src=\"http:\/\/hoycordobaweb.com\/wp-content\/uploads\/2023\/02\/ancelotti-de-los-rumores-sobre-su-llegada-a-brasil-a-el-futbol-esta-cambiando-5.jpg\" alt=\"Un nuevo interesado tras los pasos de Gallardo\" height=\"290\" width=\"290\" loading=\"lazy\"><\/picture>\n<p><span>Mir\u00e1 tambi\u00e9n<\/span><\/p>\n<hr>\n<h3>Un nuevo interesado tras los pasos de Gallardo<\/h3>\n<\/p>\n<\/section>\n<\/div>\n<p><h2><strong>Su recuerdo de Ram\u00f3n<\/strong><\/h2>\n<\/p>\n<div class=\"custom-text \" readability=\"41\">\n<p>Adem\u00e1s, le dedic\u00f3 unas palabras a Ram\u00f3n: <strong>\u00abFue un gran delantero, muy fuerte, muy intenso, con habilidad en el \u00e1rea y siempre h\u00e1bil. Es la primera vez que nos enfrentamos como entrenadores, lo saludar\u00e9 con cari\u00f1o<\/strong>\u00ab. Claro, en su momento, se han enfrentado como jugadores en Italia.<\/p>\n<\/div>\n<div class=\"custom-text \" readability=\"36\">\n<p>Tambi\u00e9n se refiri\u00f3 a lo que ser\u00e1 esta nueva posibilidad para olvidar las recientes ca\u00eddas: <strong>\u00abNos ha dolido mucho la derrota con el Barcelona en la Supercopa y la de Mallorca<\/strong>, pero creo que tenemos confianza y lo importante es no perderla. Sigo creyendo que la plantilla ha mejorado con respecto a la del a\u00f1o pasado\u00bb.<\/p>\n<\/div>\n<div class=\"sc-996041c8-0 kvfKM\"><img alt=\"\u00bfQu\u00e9 dijo de los rumores que llegan desde Brasil? (EFE\/EPA\/MOHAMED MESSARA)\" src=\"http:\/\/hoycordobaweb.com\/wp-content\/uploads\/2023\/02\/ancelotti-de-los-rumores-sobre-su-llegada-a-brasil-a-el-futbol-esta-cambiando-6.jpg\" width=\"720\" height=\"0\" decoding=\"async\" data-nimg=\"future\" loading=\"lazy\"><span>\u00bfQu\u00e9 dijo de los rumores que llegan desde Brasil? (EFE\/EPA\/MOHAMED MESSARA)<\/span><\/div>\n<div class=\"sc-489cef11-0 jHGTKj\" readability=\"6\">\n<section readability=\"2\"><picture><img class=\"img\" src=\"http:\/\/hoycordobaweb.com\/wp-content\/uploads\/2023\/02\/ancelotti-de-los-rumores-sobre-su-llegada-a-brasil-a-el-futbol-esta-cambiando-7.jpg\" alt=\"El Pelado quiere a Leo: Ram\u00f3n Diaz jug\u00f3 con la chance de fichar a Messi\" height=\"290\" width=\"290\" loading=\"lazy\"><\/picture>\n<p><span>Mir\u00e1 tambi\u00e9n<\/span><\/p>\n<hr>\n<h3>El Pelado quiere a Leo: Ram\u00f3n Diaz jug\u00f3 con la chance de fichar a Messi<\/h3>\n<\/p>\n<\/section>\n<\/div>\n<p><h2><strong>El supuesto inter\u00e9s de la CBF<\/strong><\/h2>\n<\/p>\n<div class=\"custom-text \" readability=\"39\">\n<p>Y, de yapa, se pronunci\u00f3 acerca de<strong> los rumores sobre su posible llegada a la selecci\u00f3n de Brasil<\/strong> en el futuro inminente.<strong> \u00abNo me he enterado. \u00abLa situaci\u00f3n es sencilla, tengo contrato hasta 2024\u00bb<\/strong>, tir\u00f3, tajante.<\/p>\n<\/div>\n<div class=\"sc-489cef11-0 jHGTKj\" readability=\"6\">\n<section readability=\"2\"><picture><img class=\"img\" src=\"http:\/\/hoycordobaweb.com\/wp-content\/uploads\/2023\/02\/ancelotti-de-los-rumores-sobre-su-llegada-a-brasil-a-el-futbol-esta-cambiando-8.jpg\" alt=\"El gesto de Mauro Icardi para un chico rescatado del terremoto en Turqu\u00eda\" height=\"290\" width=\"290\" loading=\"lazy\"><\/picture>\n<p><span>Mir\u00e1 tambi\u00e9n<\/span><\/p>\n<hr>\n<h3>El gesto de Mauro Icardi para un chico rescatado del terremoto en Turqu\u00eda<\/h3>\n<\/p>\n<\/section>\n<\/div>\n<div class=\"sc-489cef11-0 jHGTKj\" readability=\"6\">\n<section readability=\"2\"><picture><img class=\"img\" src=\"http:\/\/hoycordobaweb.com\/wp-content\/uploads\/2023\/02\/ancelotti-de-los-rumores-sobre-su-llegada-a-brasil-a-el-futbol-esta-cambiando-9.jpg\" alt=\"Los finalistas al premio Pusk\u00e1s\" height=\"290\" width=\"290\" loading=\"lazy\"><\/picture>\n<p><span>Mir\u00e1 tambi\u00e9n<\/span><\/p>\n<hr>\n<h3>Los finalistas al premio Pusk\u00e1s<\/h3>\n<\/p>\n<\/section>\n<\/div>\n","protected":false},"excerpt":{"rendered":"<p>Real Madrid y Al Hilal definir\u00e1n al campe\u00f3n Mundial de Clubes este s\u00e1bado. En la previa, Carlo Ancelotti brind\u00f3 una conferencia de prensa y destac\u00f3 que la final no sea ante Flamengo, eliminado en manos del equipo de Ram\u00f3n D\u00edaz. \u00abYa no es una final Sudam\u00e9rica-Europa, el f\u00fatbol est\u00e1 cambiando\u00bb, expres\u00f3 el entrenador italiano. La [&hellip;]<\/p>\n","protected":false},"author":1,"featured_media":55182,"comment_status":"open","ping_status":"closed","sticky":false,"template":"","format":"standard","meta":[],"categories":[16],"tags":[],"_links":{"self":[{"href":"http:\/\/hoycordobaweb.com\/index.php\/wp-json\/wp\/v2\/posts\/55181"}],"collection":[{"href":"http:\/\/hoycordobaweb.com\/index.php\/wp-json\/wp\/v2\/posts"}],"about":[{"href":"http:\/\/hoycordobaweb.com\/index.php\/wp-json\/wp\/v2\/types\/post"}],"author":[{"embeddable":true,"href":"http:\/\/hoycordobaweb.com\/index.php\/wp-json\/wp\/v2\/users\/1"}],"replies":[{"embeddable":true,"href":"http:\/\/hoycordobaweb.com\/index.php\/wp-json\/wp\/v2\/comments?post=55181"}],"version-history":[{"count":0,"href":"http:\/\/hoycordobaweb.com\/index.php\/wp-json\/wp\/v2\/posts\/55181\/revisions"}],"wp:featuredmedia":[{"embeddable":true,"href":"http:\/\/hoycordobaweb.com\/index.php\/wp-json\/wp\/v2\/media\/55182"}],"wp:attachment":[{"href":"http:\/\/hoycordobaweb.com\/index.php\/wp-json\/wp\/v2\/media?parent=55181"}],"wp:term":[{"taxonomy":"category","embeddable":true,"href":"http:\/\/hoycordobaweb.com\/index.php\/wp-json\/wp\/v2\/categories?post=55181"},{"taxonomy":"post_tag","embeddable":true,"href":"http:\/\/hoycordobaweb.com\/index.php\/wp-json\/wp\/v2\/tags?post=55181"}],"curies":[{"name":"wp","href":"https:\/\/api.w.org\/{rel}","templated":true}]}}