{"id":55168,"date":"2023-02-09T11:54:00","date_gmt":"2023-02-09T11:54:00","guid":{"rendered":"https:\/\/fm-comunicar.com.ar\/contenido\/20011\/como-sera-la-programacion-de-los-corsos-caroyenses"},"modified":"2023-02-09T11:54:00","modified_gmt":"2023-02-09T11:54:00","slug":"como-sera-la-programacion-de-los-corsos-caroyenses","status":"publish","type":"post","link":"http:\/\/hoycordobaweb.com\/index.php\/2023\/02\/09\/como-sera-la-programacion-de-los-corsos-caroyenses\/","title":{"rendered":"C\u00f3mo ser\u00e1 la programaci\u00f3n de los corsos caroyenses"},"content":{"rendered":"<p>Este viernes, s\u00e1bado y domingo la ciudad se viste de carnaval. Esta previsto que el desfile de disfrazados y comparsas comience a las 21:30. Pasada la medianoche habr\u00e1 espect\u00e1culos musicales en el escenario.<img src=\"http:\/\/hoycordobaweb.com\/wp-content\/uploads\/2023\/02\/como-sera-la-programacion-de-los-corsos-caroyenses.jpg\"><\/p>\n","protected":false},"excerpt":{"rendered":"<p>Este viernes, s\u00e1bado y domingo la ciudad se viste de carnaval. Esta previsto que el desfile de disfrazados y comparsas comience a las 21:30. Pasada la medianoche habr\u00e1 espect\u00e1culos musicales en el escenario.<\/p>\n","protected":false},"author":1,"featured_media":55169,"comment_status":"closed","ping_status":"closed","sticky":false,"template":"","format":"standard","meta":[],"categories":[18],"tags":[],"_links":{"self":[{"href":"http:\/\/hoycordobaweb.com\/index.php\/wp-json\/wp\/v2\/posts\/55168"}],"collection":[{"href":"http:\/\/hoycordobaweb.com\/index.php\/wp-json\/wp\/v2\/posts"}],"about":[{"href":"http:\/\/hoycordobaweb.com\/index.php\/wp-json\/wp\/v2\/types\/post"}],"author":[{"embeddable":true,"href":"http:\/\/hoycordobaweb.com\/index.php\/wp-json\/wp\/v2\/users\/1"}],"replies":[{"embeddable":true,"href":"http:\/\/hoycordobaweb.com\/index.php\/wp-json\/wp\/v2\/comments?post=55168"}],"version-history":[{"count":0,"href":"http:\/\/hoycordobaweb.com\/index.php\/wp-json\/wp\/v2\/posts\/55168\/revisions"}],"wp:featuredmedia":[{"embeddable":true,"href":"http:\/\/hoycordobaweb.com\/index.php\/wp-json\/wp\/v2\/media\/55169"}],"wp:attachment":[{"href":"http:\/\/hoycordobaweb.com\/index.php\/wp-json\/wp\/v2\/media?parent=55168"}],"wp:term":[{"taxonomy":"category","embeddable":true,"href":"http:\/\/hoycordobaweb.com\/index.php\/wp-json\/wp\/v2\/categories?post=55168"},{"taxonomy":"post_tag","embeddable":true,"href":"http:\/\/hoycordobaweb.com\/index.php\/wp-json\/wp\/v2\/tags?post=55168"}],"curies":[{"name":"wp","href":"https:\/\/api.w.org\/{rel}","templated":true}]}}