{"id":55144,"date":"2023-02-09T11:45:39","date_gmt":"2023-02-09T11:45:39","guid":{"rendered":"https:\/\/www.mujerhoy.com\/moda\/no-te-pierdas\/blazer-blanco-zara-viral-kate-middleton-princesa-gales-20230209115704-nt.html"},"modified":"2023-02-09T11:45:39","modified_gmt":"2023-02-09T11:45:39","slug":"el-blazer-blanco-de-zara-de-kate-middleton-que-se-convertira-en-viral","status":"publish","type":"post","link":"http:\/\/hoycordobaweb.com\/index.php\/2023\/02\/09\/el-blazer-blanco-de-zara-de-kate-middleton-que-se-convertira-en-viral\/","title":{"rendered":"El blazer blanco de Zara de Kate Middleton que se convertir\u00e1 en viral"},"content":{"rendered":"<p><!-- AUTHOR --><\/p>\n<div class=\"voc-author-timesocial \"><!-- AUTHOR --><\/p>\n<div class=\"voc-author-timesocial__signature\"><!-- IMAGE AUTHOR --><picture class=\"voc-image-signature\"><img class=\"voc-image-signature__img\" src=\"http:\/\/hoycordobaweb.com\/wp-content\/uploads\/2023\/02\/el-blazer-blanco-de-zara-de-kate-middleton-que-se-convertira-en-viral.jpg\" alt=\"Carla Dom\u00ednguez\"><\/picture><!-- INFO AUTHOR --><\/div>\n<\/div>\n<p><!-- COMPONENTS --><\/p>\n<p class=\"voc-paragraph\">Una de las <i>royals<\/i> que m\u00e1s gasta en moda es <strong>Kate Middleton<\/strong>. As\u00ed lo publicaba hace unas semanas la revista especializada en moda y realeza <i>UFO No More<\/i>. La princesa de Gales ocupa el primer puesto con un desembolso de m\u00e1s de 200.000 euros en 2021.\n<\/p>\n<p class=\"voc-paragraph\">Aunque <a data-voc-vtm-id=\"in-text-traffic\" href=\"https:\/\/www.mujerhoy.com\/temas\/personajes\/kate-middleton.html\">Kate Middleton<\/a> gasta bastante en moda y accesorio, lo cierto es que en muchas ocasiones lo hace en prendas accesibles. La hemos visto en multitud de actos p\u00fablicos con abrigos de Massimo Dutti, vestidos de punto de Mango y hasta chaquetas de Zara.\n<\/p>\n<p class=\"voc-paragraph\">Y en su \u00faltima aparici\u00f3n p\u00fablica ha vuelto a demostrar que aunque se gasta una buena parte del dinero en moda, le gusta hacerlo en piezas tan ideales y low cost como este <strong>blazer de Zara<\/strong>. No es la primera vez que vemos a la princesa de Gales con una chaqueta de la firma gallega. Kate cuenta varias americanas de Zara en diferentes colores.\n<\/p>\n<p class=\"voc-paragraph\">En esta ocasi\u00f3n, la princesa de Gales ha optado por <strong>un blazer blanco en tejido tweed y doble botonadura<\/strong>. Es la primera vez que le vemos llevar esta chaqueta, y por lo que hemos visto en Zara es de nueva colecci\u00f3n. Lo ha hecho en un encuentro en <i>Landau Forte College Derby<\/i> con la capitana Preet Chandi, para celebrar su regreso de una expedici\u00f3n en solitario a la \u00c1ntartida.\n<\/p>\n<p class=\"voc-paragraph\">Para la visita, Kate quiso ir c\u00f3moda pero sin perder estilo. En el acto realiz\u00f3 diferentes ejercicios de entrenamientos de fuerza que se realiza en las instalaciones para que pudiera comprobar como se preparan en el centro para las expediciones tan duras que hacen.\n<\/p>\n<p class=\"voc-paragraph\">La princesa de Gales sorprendi\u00f3 a todos con un look cl\u00e1sico, pero con toques modernos que podr\u00edas llevar perfectamente a la oficina. Para ello, Kate combin\u00f3 un blazer en color blanco de Zara con doble botonadura en color dorado y bolsillos laterales.\n<\/p>\n<p class=\"voc-paragraph\">Complet\u00f3 su estilismo del d\u00eda con unos pantalones en azul, cintur\u00f3n y una zapatillas veganas. No es la primera vez que vemos lucir a la princesa estas marca de sneakers. Se trata de la marca <strong>Veja<\/strong>, y es una de sus favoritas junto con Superga cuando quiere ir c\u00f3moda a eventos p\u00fablicos pero sin perder comodidad.\n<\/p>\n<p class=\"voc-paragraph\">Es habitual ver a la princesa en este tipo de actos con zapatillas blancas. La mayor\u00eda de su armario se compone de este tipo de calzado c\u00f3modo, o como mucho, cuentan con un toque de color, como ocurre con estas Veja que cuentan con el logo en dorado.\n<\/p>\n<div class=\"voc-detail-photo-zoom\"><picture data-toggle=\"modal\" data-target=\"#photoZoomModal-499\" target=\"modal\">\n<div class=\"voc-img-icon-link\"><img loading=\"lazy\" data-original=\"\/\/static1.mujerhoy.com\/www\/multimedia\/202302\/09\/media\/cortadas\/blazer-zara-kate-middleton-kq9B--460x637@MujerHoy.jpeg\" class=\"lazy\" alt=\"Blazer de color blanco y tejido tweed de Zara. Foto: Zara.\"><noscript><img src=\"http:\/\/hoycordobaweb.com\/wp-content\/uploads\/2023\/02\/el-blazer-blanco-de-zara-de-kate-middleton-que-se-convertira-en-viral-1.jpg\" alt=\"Blazer de color blanco y tejido tweed de Zara. Foto: Zara.\"><\/noscript><i class=\"voc-icons zoom voc-multimedia-box voc-ico-l\"><\/i><\/div><figcaption class=\"figure-caption\">Blazer de color blanco y tejido tweed de Zara. Foto: Zara.<\/figcaption><\/picture><\/div>\n<div id=\"photoZoomModal-499\" class=\"voc-lightbox modal fade voc-lightbox--photo-zoom\" role=\"dialog\" data-voc-photozoom-lightbox>\n<div class=\"voc-lightbox__dialog\" role=\"document\">\n<div class=\"voc-lightbox__content\"><!-- Modal header --><!-- Modal content --><\/p>\n<div class=\"voc-lightbox__photo-container\"><picture class><img loading=\"lazy\" data-original=\"\/\/static1.mujerhoy.com\/www\/multimedia\/202302\/09\/media\/cortadas\/blazer-zara-kate-middleton-kq9B--460x637@MujerHoy.jpeg\" alt=\"Blazer de color blanco y tejido tweed de Zara. Foto: Zara.\" class=\"lazy\"><noscript><img src=\"http:\/\/hoycordobaweb.com\/wp-content\/uploads\/2023\/02\/el-blazer-blanco-de-zara-de-kate-middleton-que-se-convertira-en-viral-1.jpg\" alt=\"Blazer de color blanco y tejido tweed de Zara. Foto: Zara.\"><\/noscript><\/picture><\/div>\n<\/div>\n<\/div>\n<\/div>\n<p class=\"voc-paragraph\">Aunque ha conquistado por completo con su estilismo, es cierto que llama la atenci\u00f3n su <strong>blazer de Zara (ref: 2136\/601).<\/strong>Este tipo de americanas estilo Chanel son una de sus favoritas cuando la princesa de Gales acude a Inditex. Esta blazer es un b\u00e1sico y perfecto para crear un buen fondo de armario.\n<\/p>\n<p class=\"voc-paragraph\">Est\u00e1 disponible en la web de Zara en todas las tallas (o al menos de momento). Se puede conseguir por <strong>55,95 euros<\/strong> y si te has enamorado de su dise\u00f1o, tambi\u00e9n cuenta con otros colores como rojo y negro. Dos tonalidades que tambi\u00e9n combinan con todo y que son perfectas para estrenar tanto de d\u00eda, como de noche.\n<\/p>\n<p><!-- TOPICS --><\/p>\n","protected":false},"excerpt":{"rendered":"<p>Una de las royals que m\u00e1s gasta en moda es Kate Middleton. As\u00ed lo publicaba hace unas semanas la revista especializada en moda y realeza UFO No More. La princesa de Gales ocupa el primer puesto con un desembolso de m\u00e1s de 200.000 euros en 2021. Aunque Kate Middleton gasta bastante en moda y accesorio, [&hellip;]<\/p>\n","protected":false},"author":1,"featured_media":55145,"comment_status":"closed","ping_status":"closed","sticky":false,"template":"","format":"standard","meta":[],"categories":[1],"tags":[],"_links":{"self":[{"href":"http:\/\/hoycordobaweb.com\/index.php\/wp-json\/wp\/v2\/posts\/55144"}],"collection":[{"href":"http:\/\/hoycordobaweb.com\/index.php\/wp-json\/wp\/v2\/posts"}],"about":[{"href":"http:\/\/hoycordobaweb.com\/index.php\/wp-json\/wp\/v2\/types\/post"}],"author":[{"embeddable":true,"href":"http:\/\/hoycordobaweb.com\/index.php\/wp-json\/wp\/v2\/users\/1"}],"replies":[{"embeddable":true,"href":"http:\/\/hoycordobaweb.com\/index.php\/wp-json\/wp\/v2\/comments?post=55144"}],"version-history":[{"count":0,"href":"http:\/\/hoycordobaweb.com\/index.php\/wp-json\/wp\/v2\/posts\/55144\/revisions"}],"wp:featuredmedia":[{"embeddable":true,"href":"http:\/\/hoycordobaweb.com\/index.php\/wp-json\/wp\/v2\/media\/55145"}],"wp:attachment":[{"href":"http:\/\/hoycordobaweb.com\/index.php\/wp-json\/wp\/v2\/media?parent=55144"}],"wp:term":[{"taxonomy":"category","embeddable":true,"href":"http:\/\/hoycordobaweb.com\/index.php\/wp-json\/wp\/v2\/categories?post=55144"},{"taxonomy":"post_tag","embeddable":true,"href":"http:\/\/hoycordobaweb.com\/index.php\/wp-json\/wp\/v2\/tags?post=55144"}],"curies":[{"name":"wp","href":"https:\/\/api.w.org\/{rel}","templated":true}]}}