{"id":55132,"date":"2023-02-09T13:55:09","date_gmt":"2023-02-09T13:55:09","guid":{"rendered":"https:\/\/www.ole.com.ar\/seleccion\/alexis-mac-allister-debate-padre-maradona-messi_0_UL0Cir8bX8.html"},"modified":"2023-02-09T13:55:09","modified_gmt":"2023-02-09T13:55:09","slug":"alexis-y-el-debate-con-papa-mac-allister-messi-o-maradona","status":"publish","type":"post","link":"http:\/\/hoycordobaweb.com\/index.php\/2023\/02\/09\/alexis-y-el-debate-con-papa-mac-allister-messi-o-maradona\/","title":{"rendered":"Alexis y el debate con pap\u00e1 Mac Allister: \u00bfMessi o Maradona?"},"content":{"rendered":"<p><img src=\"http:\/\/hoycordobaweb.com\/wp-content\/uploads\/2023\/02\/alexis-y-el-debate-con-papa-mac-allister-messi-o-maradona.jpg\"><\/p>\n<div class=\"custom-text \" readability=\"38.828375286041\">\n<p><a href=\"https:\/\/www.ole.com.ar\/tema\/alexis-mac-allister.html\" title=\"Alexis Mac Allister\" alt=\"Alexis Mac Allister\" class=\"slug\">Alexis Mac Allister,<\/a> una de las figuras de la Selecci\u00f3n Argentina campeona del mundo en Qatar 2022, se meti\u00f3 en una de las grandes discusiones futboleras de nuestra historia: <strong>\u00bf<\/strong><a href=\"https:\/\/www.ole.com.ar\/tema\/lionel-messi.html\" title=\"Lionel Messi\" alt=\"Lionel Messi\" class=\"slug\"><strong>Messi <\/strong><\/a><strong>o <\/strong><a href=\"https:\/\/www.ole.com.ar\/tema\/diego-maradona.html\" title=\"Diego Maradona\" alt=\"Diego Maradona\" class=\"slug\"><strong>Maradona<\/strong><\/a><strong>? <\/strong>En una nota con la p\u00e1gina del Brighton, su club en Inglaterra, el Colo asegur\u00f3 que su padre Carlos, quien coincidi\u00f3 con Diego en Boca, no dudaba que era el mejor de todos los tiempos, pero con la aparici\u00f3n de Leo la cosa se emparej\u00f3&#8230;<\/p>\n<\/div>\n<div class=\"sc-489cef11-0 jHGTKj\" readability=\"6\">\n<section readability=\"2\"><picture><img class=\"img\" src=\"http:\/\/hoycordobaweb.com\/wp-content\/uploads\/2023\/02\/alexis-y-el-debate-con-papa-mac-allister-messi-o-maradona-2.jpg\" alt=\"Qu\u00e9 dijo Laporta sobre los dichos del hermano de Messi\" height=\"290\" width=\"290\" loading=\"lazy\"><\/picture>\n<p><span>Mir\u00e1 tambi\u00e9n<\/span><\/p>\n<hr>\n<h3>Qu\u00e9 dijo Laporta sobre los dichos del hermano de Messi<\/h3>\n<\/p>\n<\/section>\n<\/div>\n<div class=\"custom-text \" readability=\"41\">\n<p>\u00abEllos jugaron juntos y tambi\u00e9n el uno contra el otro. <strong>Mi pap\u00e1 es un gran agradecido de todo lo que Maradona le dio, tanto dentro como fuera de la cancha<\/strong>. Fueron grandes amigos, ten\u00edan una gran relaci\u00f3n y bueno, no hay mucho que decir de la que hac\u00eda dentro de la cancha\u00bb, arranc\u00f3 Alexis, quien al igual que sus hermanos, tuvo contacto con Diego desde chiquito.<\/p>\n<\/div>\n<div class=\"sc-996041c8-0 kvfKM\"><img alt=\"Los Mac Allister con Maradona.\" src=\"http:\/\/hoycordobaweb.com\/wp-content\/uploads\/2023\/02\/alexis-y-el-debate-con-papa-mac-allister-messi-o-maradona-3.jpg\" width=\"720\" height=\"0\" decoding=\"async\" data-nimg=\"future\" loading=\"lazy\"><span>Los Mac Allister con Maradona.<\/span><\/div>\n<div class=\"custom-text \" readability=\"37\">\n<p>Y agreg\u00f3: \u00ab\u00c9l siempre dice que era genial. Siempre hay el debate entre Messi y Maradona, y <strong>mi pap\u00e1, que ha podido ver y disfrutar de los dos siempre dec\u00eda que Maradona era el mejor de la historia, pero ahora desde que apareci\u00f3 Messi as\u00ed que\u2026tiene una opini\u00f3n dif\u00edcil\u00bb.<\/strong><\/p>\n<\/div>\n<p><h2><strong>Su llegada al Brighton<\/strong><\/h2>\n<\/p>\n<div class=\"custom-text \" readability=\"43\">\n<p>-Fue a trav\u00e9s de mi agente. Cuando me enter\u00e9, ten\u00eda muchas ganar de estar ac\u00e1. Tuvimos la suerte que me compraron y me quedo a pr\u00e9stamo en Argentinos Juniors, luego 6 meses a pr\u00e9stamo en Boca, y luego ya ten\u00eda que conseguir esa visa de trabajo, que fue posible gracias a Boca. Luego a mi llegada a Brighton, la felicidad de ver el club, la liga\u2026es enorme. El primer a\u00f1o fue duro en lo persona, pero siempre tuve confianza de que me iba a ir muy bien. Brighton es un club muy serio y que me apoyaba mucho, y eso me ayud\u00f3.<\/p>\n<\/div>\n<div class=\"sc-996041c8-0 kvfKM\"><img alt=\"En Brighton Alexis ya es \u00eddolo (AFP).\" src=\"http:\/\/hoycordobaweb.com\/wp-content\/uploads\/2023\/02\/alexis-y-el-debate-con-papa-mac-allister-messi-o-maradona-4.jpg\" width=\"720\" height=\"0\" decoding=\"async\" data-nimg=\"future\" loading=\"lazy\"><span>En Brighton Alexis ya es \u00eddolo (AFP).<\/span><\/div>\n<p><h2><strong>Consejos de Tevez y Z\u00e1rate<\/strong><\/h2>\n<\/p>\n<div class=\"custom-text \" readability=\"39\">\n<p>-Recuerdo una charla que tuvimos con ellos dos, mi hermano, y creo que hab\u00eda alguien m\u00e1s. Recuerdo que Tevez dec\u00eda que para \u00e9l, la Liga de Inglaterra es la mejor de todas, y la que m\u00e1s vive la gente. Mauro ten\u00eda la opini\u00f3n de que a \u00e9l le gustaba m\u00e1s la liga italiana. Yo me dediqu\u00e9 a escuchar y tomar nota para saber bien en el lugar en el que iba a estar.<\/p>\n<\/div>\n<div class=\"sc-489cef11-0 jHGTKj\" readability=\"6\">\n<section readability=\"2\"><picture><img class=\"img\" src=\"http:\/\/hoycordobaweb.com\/wp-content\/uploads\/2023\/02\/alexis-y-el-debate-con-papa-mac-allister-messi-o-maradona-5.jpg\" alt=\"C\u00f3mo sigue la agenda de Messi despu\u00e9s del golpazo del PSG en la Copa de Francia\" height=\"290\" width=\"290\" loading=\"lazy\"><\/picture>\n<p><span>Mir\u00e1 tambi\u00e9n<\/span><\/p>\n<hr>\n<h3>C\u00f3mo sigue la agenda de Messi despu\u00e9s del golpazo del PSG en la Copa de Francia<\/h3>\n<\/p>\n<\/section>\n<\/div>\n<p><h2><strong>Debut en pandemia<\/strong><\/h2>\n<\/p>\n<div class=\"custom-text \" readability=\"44\">\n<p>-Fue frustrante, me encontraba en un buen momento, y de repente no pod\u00eda entrenar, no pod\u00eda mejorar, aprender\u2026 Menos mal que mi mam\u00e1 vino de visita y se qued\u00f3 aqu\u00ed porque no pod\u00eda volver, y me hizo m\u00e1s llevaderos esos meses. Fue una etapa muy dif\u00edcil, me quito el momento en el que estaba y la capacidad de seguir mejorando, pero por suerte hoy estamos ac\u00e1, contentos, y disfrutando del momento con Argentina y con el Brighton.<\/p>\n<\/div>\n<div class=\"sc-996041c8-0 kvfKM\"><img alt=\"El Colo la rompe en Inglaterra (Reuters).\" src=\"http:\/\/hoycordobaweb.com\/wp-content\/uploads\/2023\/02\/alexis-y-el-debate-con-papa-mac-allister-messi-o-maradona-6.jpg\" width=\"720\" height=\"0\" decoding=\"async\" data-nimg=\"future\" loading=\"lazy\"><span>El Colo la rompe en Inglaterra (Reuters).<\/span><\/div>\n<p><h2><strong>El salto a la Premier<\/strong><\/h2>\n<\/p>\n<div class=\"custom-text \" readability=\"40\">\n<p>-Al llegar ac\u00e1 fue uno de los cambios que m\u00e1s not\u00e9. En Argentina, el aspecto f\u00edsico es importante, pero no tanto como en Inglaterra. Los primeros 6 meses, la parte f\u00edsica, adem\u00e1s de la pandemia, fue lo que m\u00e1s me cost\u00f3. Hoy por hoy estoy muy bien, creo que se ve cada semana.<\/p>\n<\/div>\n<div class=\"sc-489cef11-0 jHGTKj\" readability=\"6.5\">\n<section readability=\"3\"><picture><img class=\"img\" src=\"http:\/\/hoycordobaweb.com\/wp-content\/uploads\/2023\/02\/alexis-y-el-debate-con-papa-mac-allister-messi-o-maradona-7.jpg\" alt=\"Muri\u00f3 Marcos, el que le dio un t\u00edtulo a Maradona en el Barcelona\" height=\"290\" width=\"290\" loading=\"lazy\"><\/picture>\n<p><span>Mir\u00e1 tambi\u00e9n<\/span><\/p>\n<hr>\n<h3>Muri\u00f3 Marcos, el que le dio un t\u00edtulo a Maradona en el Barcelona<\/h3>\n<\/p>\n<\/section>\n<\/div>\n<p><h2><strong>Su gran presente<\/strong><\/h2>\n<\/p>\n<div class=\"custom-text \" readability=\"39\">\n<p>-Hoy por hoy me siento quiz\u00e1s en el mejor momento desde que estoy en el Brighton. La final de la temporada anterior fue muy importante. Termin\u00e9 muy bien y arranque de igual forma esta temporada. Luego vino el cambio de t\u00e9cnico, y ah\u00ed obviamente surgen algunas dudas, estamos acostumbrados a algo y cambiamos a una forma totalmente distinta, pero lleg\u00f3 De Zerbi y nos gusta mucho su la idea que tiene de como jugar al f\u00fatbol, y creo que a m\u00ed me beneficia mucho.<\/p>\n<\/div>\n<div class=\"sc-996041c8-0 kvfKM\"><img alt=\"Alexis con la Copa del Mundo (AFP).\" src=\"http:\/\/hoycordobaweb.com\/wp-content\/uploads\/2023\/02\/alexis-y-el-debate-con-papa-mac-allister-messi-o-maradona-8.jpg\" width=\"720\" height=\"0\" decoding=\"async\" data-nimg=\"future\" loading=\"lazy\"><span>Alexis con la Copa del Mundo (AFP).<\/span><\/div>\n<p><h2><strong>Renovaci\u00f3n de contrato<\/strong><\/h2>\n<\/p>\n<div class=\"custom-text \" readability=\"42\">\n<p>-Como dije, es una instituci\u00f3n que me ayud\u00f3 mucho, incluso en los malos momentos cuando no ten\u00eda los minutos que quer\u00eda, ellos siguieron confiando en m\u00ed. Creo que la renovaci\u00f3n fue buena para los dos, era la idea de poder devolver la confianza que me dieron. En cuanto a otros clubes, intento no mirar mucho, estoy contento por el momento, y en el futuro se ver\u00e1 lo que pasa.<\/p>\n<\/div>\n<p><h2><strong>\u00bfCon qu\u00e9 sue\u00f1a hoy?<\/strong><\/h2>\n<\/p>\n<div class=\"custom-text \" readability=\"36\">\n<p>-Creo que los sue\u00f1os cambian. Hace un tiempo mi sue\u00f1o era jugar en Boca, despu\u00e9s lo era jugar en la Premier Legaue\u2026 Creo que todos los d\u00edas so\u00f1amos con algo nuevo. Por el momento estoy enfocado en el presente, y cuando vaya pasando el tiempo veremos\u00bb.<\/p>\n<\/div>\n<div class=\"sc-489cef11-0 jHGTKj\" readability=\"6\">\n<section readability=\"2\"><picture><img class=\"img\" src=\"http:\/\/hoycordobaweb.com\/wp-content\/uploads\/2023\/02\/alexis-y-el-debate-con-papa-mac-allister-messi-o-maradona-9.jpg\" alt=\"Las disculpas de un hermano de Messi por sus cr\u00edticas al Barcelona\" height=\"290\" width=\"290\" loading=\"lazy\"><\/picture>\n<p><span>Mir\u00e1 tambi\u00e9n<\/span><\/p>\n<hr>\n<h3>Las disculpas de un hermano de Messi por sus cr\u00edticas al Barcelona<\/h3>\n<\/p>\n<\/section>\n<\/div>\n","protected":false},"excerpt":{"rendered":"<p>Alexis Mac Allister, una de las figuras de la Selecci\u00f3n Argentina campeona del mundo en Qatar 2022, se meti\u00f3 en una de las grandes discusiones futboleras de nuestra historia: \u00bfMessi o Maradona? En una nota con la p\u00e1gina del Brighton, su club en Inglaterra, el Colo asegur\u00f3 que su padre Carlos, quien coincidi\u00f3 con Diego [&hellip;]<\/p>\n","protected":false},"author":1,"featured_media":55133,"comment_status":"open","ping_status":"closed","sticky":false,"template":"","format":"standard","meta":[],"categories":[16],"tags":[],"_links":{"self":[{"href":"http:\/\/hoycordobaweb.com\/index.php\/wp-json\/wp\/v2\/posts\/55132"}],"collection":[{"href":"http:\/\/hoycordobaweb.com\/index.php\/wp-json\/wp\/v2\/posts"}],"about":[{"href":"http:\/\/hoycordobaweb.com\/index.php\/wp-json\/wp\/v2\/types\/post"}],"author":[{"embeddable":true,"href":"http:\/\/hoycordobaweb.com\/index.php\/wp-json\/wp\/v2\/users\/1"}],"replies":[{"embeddable":true,"href":"http:\/\/hoycordobaweb.com\/index.php\/wp-json\/wp\/v2\/comments?post=55132"}],"version-history":[{"count":0,"href":"http:\/\/hoycordobaweb.com\/index.php\/wp-json\/wp\/v2\/posts\/55132\/revisions"}],"wp:featuredmedia":[{"embeddable":true,"href":"http:\/\/hoycordobaweb.com\/index.php\/wp-json\/wp\/v2\/media\/55133"}],"wp:attachment":[{"href":"http:\/\/hoycordobaweb.com\/index.php\/wp-json\/wp\/v2\/media?parent=55132"}],"wp:term":[{"taxonomy":"category","embeddable":true,"href":"http:\/\/hoycordobaweb.com\/index.php\/wp-json\/wp\/v2\/categories?post=55132"},{"taxonomy":"post_tag","embeddable":true,"href":"http:\/\/hoycordobaweb.com\/index.php\/wp-json\/wp\/v2\/tags?post=55132"}],"curies":[{"name":"wp","href":"https:\/\/api.w.org\/{rel}","templated":true}]}}