{"id":551,"date":"2020-08-27T09:45:00","date_gmt":"2020-08-27T09:45:00","guid":{"rendered":"http:\/\/hoycordobaweb.com\/index.php\/2020\/08\/27\/independiente-reclama-el-reinicio-de-actividades\/"},"modified":"2020-08-27T09:45:00","modified_gmt":"2020-08-27T09:45:00","slug":"independiente-reclama-el-reinicio-de-actividades","status":"publish","type":"post","link":"http:\/\/hoycordobaweb.com\/index.php\/2020\/08\/27\/independiente-reclama-el-reinicio-de-actividades\/","title":{"rendered":"Independiente reclama el reinicio de actividades"},"content":{"rendered":"<p>&#8230; nacional, exceptuando la Asociaci\u00f3n del <b>Futbol Argentino<\/b>, que a\u00fan no autoriza la pr\u00e1ctica de futbol a los deportistas federados de todo el pa\u00eds. <\/p>\n","protected":false},"excerpt":{"rendered":"<p>&#8230; nacional, exceptuando la Asociaci\u00f3n del Futbol Argentino, que a\u00fan no autoriza la pr\u00e1ctica de futbol a los deportistas federados de todo el pa\u00eds.<\/p>\n","protected":false},"author":1,"featured_media":0,"comment_status":"closed","ping_status":"closed","sticky":false,"template":"","format":"standard","meta":[],"categories":[22],"tags":[],"_links":{"self":[{"href":"http:\/\/hoycordobaweb.com\/index.php\/wp-json\/wp\/v2\/posts\/551"}],"collection":[{"href":"http:\/\/hoycordobaweb.com\/index.php\/wp-json\/wp\/v2\/posts"}],"about":[{"href":"http:\/\/hoycordobaweb.com\/index.php\/wp-json\/wp\/v2\/types\/post"}],"author":[{"embeddable":true,"href":"http:\/\/hoycordobaweb.com\/index.php\/wp-json\/wp\/v2\/users\/1"}],"replies":[{"embeddable":true,"href":"http:\/\/hoycordobaweb.com\/index.php\/wp-json\/wp\/v2\/comments?post=551"}],"version-history":[{"count":0,"href":"http:\/\/hoycordobaweb.com\/index.php\/wp-json\/wp\/v2\/posts\/551\/revisions"}],"wp:attachment":[{"href":"http:\/\/hoycordobaweb.com\/index.php\/wp-json\/wp\/v2\/media?parent=551"}],"wp:term":[{"taxonomy":"category","embeddable":true,"href":"http:\/\/hoycordobaweb.com\/index.php\/wp-json\/wp\/v2\/categories?post=551"},{"taxonomy":"post_tag","embeddable":true,"href":"http:\/\/hoycordobaweb.com\/index.php\/wp-json\/wp\/v2\/tags?post=551"}],"curies":[{"name":"wp","href":"https:\/\/api.w.org\/{rel}","templated":true}]}}