{"id":55089,"date":"2023-02-08T14:18:37","date_gmt":"2023-02-08T14:18:37","guid":{"rendered":"https:\/\/www.mujerhoy.com\/moda\/no-te-pierdas\/zara-quiere-celebres-san-valentin-prendas-rojo-20230208151829-nt.html"},"modified":"2023-02-08T14:18:37","modified_gmt":"2023-02-08T14:18:37","slug":"zara-quiere-que-celebres-san-valentin-con-prendas-en-rojo-llenas-de-estilo","status":"publish","type":"post","link":"http:\/\/hoycordobaweb.com\/index.php\/2023\/02\/08\/zara-quiere-que-celebres-san-valentin-con-prendas-en-rojo-llenas-de-estilo\/","title":{"rendered":"Zara quiere que celebres San Valent\u00edn con prendas en rojo llenas de estilo"},"content":{"rendered":"<p><!-- AUTHOR --><\/p>\n<div class=\"voc-author-timesocial \"><!-- AUTHOR --><\/p>\n<div class=\"voc-author-timesocial__signature\"><!-- IMAGE AUTHOR --><picture class=\"voc-image-signature\"><img class=\"voc-image-signature__img\" src=\"http:\/\/hoycordobaweb.com\/wp-content\/uploads\/2023\/02\/zara-quiere-que-celebres-san-valentin-con-prendas-en-rojo-llenas-de-estilo.jpg\" alt=\"Carla Dom\u00ednguez\"><\/picture><!-- INFO AUTHOR --><\/div>\n<\/div>\n<p><!-- COMPONENTS --><\/p>\n<p class=\"voc-paragraph\">Se acerca <strong>San Valent\u00edn<\/strong> y eso solo quiere decir una cosa: ver\u00e1s por todas partes corazones y prendas en rojo. Y la verdad, aunque no seas fan de esta fecha, es una delicia ver todas las nuevas propuestas de marcas tanto para <a data-voc-vtm-id=\"in-text-traffic\" href=\"https:\/\/www.mujerhoy.com\/moda\/no-te-pierdas\/joyas-elegantes-tendencia-san-valentin-20230203133920-nt.html\">joyas<\/a> como prendas en rojo. Ya sabes que el rojo es uno de los colores asociados a San Valent\u00edn, y por eso Zara no ha dudado en crear una colecci\u00f3n para presumir en esta celebraci\u00f3n del amor del color de la pasi\u00f3n.\n<\/p>\n<p class=\"voc-paragraph\">Llamativo, sexy y uno de los colores que nos hacen sentir m\u00e1s seguras. <strong>Hablamos del rojo<\/strong>, una tonalidad con car\u00e1cter, declaraci\u00f3n de intensiones y un modo de vida para muchas mujeres. Seguramente conoces (o sabes de alguien) que lleva siempre un <a data-voc-vtm-id=\"in-text-traffic\" href=\"https:\/\/www.mujerhoy.com\/belleza\/maquillaje\/labiales-rojos-larga-duracion-baratos-mercadona-deliplus-menos-6-euros-obsesionan-francesas-20221126123024-nt.html\">pintalabios<\/a> o <a data-voc-vtm-id=\"in-text-traffic\" href=\"https:\/\/www.mujerhoy.com\/belleza\/tratamientos\/manicura-favorita-famosas-color-unas-tendencia-navidad-20221211133300-nt.html\">u\u00f1as rojas<\/a>. Este tono es bastante representativo de quienes tienen un car\u00e1cter extrovertido y se arriesgan con todo.\n<\/p>\n<p class=\"voc-paragraph\">Sin embargo, aunque lo ver\u00e1s mucho en maquillaje, pocas son las que se atreven a llevarlo a trav\u00e9s de prendas. \u00bfLos motivos? Es un color favorecedor pero bastante llamativo que puede resultar algo dif\u00edcil de combinar. Lo que no sab\u00edas, quiz\u00e1s, es que favorece a todo tipo de pieles y cabellos.\n<\/p>\n<p class=\"voc-paragraph\">Antes de ense\u00f1arte <strong>la nueva propuesta de Zara con prendas en rojo<\/strong> para celebrar <strong>San Valent\u00edn<\/strong> -ya sea un plan solo, en pareja o con amigas- queremos que descubras antes c\u00f3mo combinar este color y as\u00ed atreverte a lucirlo de la mejor forma posible.\n<\/p>\n<p class=\"voc-paragraph\">El primer paso es saber que puedes crear con el rojo un &#8216;total look&#8217;. Es la forma m\u00e1s sencilla de llevar este color y algunas &#8216;royals&#8217; como Kate Middleton est\u00e1n acostumbradas a llevarlo, tanto en &#8216;looks&#8217; formales como otros m\u00e1s de d\u00eda. En cuanto a mezcla de colores, el rojo se complementa muy bien con el negro, tambi\u00e9n con marrones, beige, blancos y hasta con azules.\n<\/p>\n<p class=\"voc-paragraph\">\u00bfRosa y rojo? Un claro s\u00ed rotundo. Esta mezcla que antes no pod\u00edamos ver, desde hace unos a\u00f1os se ha convertido en una de las favoritas de las prescriptoras de moda. Son dos tonalidades que se conjugan a la perfecci\u00f3n en cualquier \u00e9poca del a\u00f1o. Incluso algunas royals como Lady Di siempre demostraron que se pod\u00eda llevar sin problema\n<\/p>\n<p class=\"voc-paragraph\">Ahora que quiz\u00e1s te ha conquistado algo m\u00e1s el rojo, es el momento de que conozcas &#8216;Love&#8217;, la nueva colecci\u00f3n de prendas de Zara para San Valent\u00edn. Prendas que van desde capas, faldas midi en piel, hasta vestidos drapeados que ser\u00edan perfectos para llevar a una boda. \u00a1Comenzamos!\n<\/p>\n<div class=\"voc-detail-photo-zoom\"><picture data-toggle=\"modal\" data-target=\"#photoZoomModal-209\" target=\"modal\">\n<div class=\"voc-img-icon-link\"><img loading=\"lazy\" data-original=\"\/\/static1.mujerhoy.com\/www\/multimedia\/202302\/06\/media\/cortadas\/abrigo-rojo-zara-k6zB--460x637@MujerHoy.jpeg\" class=\"lazy\" alt=\"Abrigo largo en color rojo de Zara. Foto: Zara.\"><noscript><img src=\"http:\/\/hoycordobaweb.com\/wp-content\/uploads\/2023\/02\/zara-quiere-que-celebres-san-valentin-con-prendas-en-rojo-llenas-de-estilo-1.jpg\" alt=\"Abrigo largo en color rojo de Zara. Foto: Zara.\"><\/noscript><i class=\"voc-icons zoom voc-multimedia-box voc-ico-l\"><\/i><\/div><figcaption class=\"figure-caption\">Abrigo largo en color rojo de Zara. Foto: Zara.<\/figcaption><\/picture><\/div>\n<div id=\"photoZoomModal-209\" class=\"voc-lightbox modal fade voc-lightbox--photo-zoom\" role=\"dialog\" data-voc-photozoom-lightbox>\n<div class=\"voc-lightbox__dialog\" role=\"document\">\n<div class=\"voc-lightbox__content\"><!-- Modal header --><!-- Modal content --><\/p>\n<div class=\"voc-lightbox__photo-container\"><picture class><img loading=\"lazy\" data-original=\"\/\/static1.mujerhoy.com\/www\/multimedia\/202302\/06\/media\/cortadas\/abrigo-rojo-zara-k6zB--460x637@MujerHoy.jpeg\" alt=\"Abrigo largo en color rojo de Zara. Foto: Zara.\" class=\"lazy\"><noscript><img src=\"http:\/\/hoycordobaweb.com\/wp-content\/uploads\/2023\/02\/zara-quiere-que-celebres-san-valentin-con-prendas-en-rojo-llenas-de-estilo-1.jpg\" alt=\"Abrigo largo en color rojo de Zara. Foto: Zara.\"><\/noscript><\/picture><\/div>\n<\/div>\n<\/div>\n<\/div>\n<p class=\"voc-paragraph\"><strong>Abrigo largo en color rojo de Zara.<\/strong> Se trata de un abirgo de lana en color rojo de edici\u00f3n limitada. Es un abrigo de estilo oversized, abierto y con cuello solapa. Cuenta con bolsillos delanteros y est\u00e1 disponible en dos tallas: XS-S y M-L. Precio: 169 euros.\n<\/p>\n<div class=\"voc-detail-photo-zoom\"><picture data-toggle=\"modal\" data-target=\"#photoZoomModal-602\" target=\"modal\">\n<div class=\"voc-img-icon-link\"><img loading=\"lazy\" data-original=\"\/\/static2.mujerhoy.com\/www\/multimedia\/202302\/06\/media\/cortadas\/capa-rojo-zara-k6zB--460x637@MujerHoy.jpeg\" class=\"lazy\" alt=\"Capa con lazadas en color rojo de Zara. Foto: Zara.\"><noscript><img src=\"http:\/\/hoycordobaweb.com\/wp-content\/uploads\/2023\/02\/zara-quiere-que-celebres-san-valentin-con-prendas-en-rojo-llenas-de-estilo-2.jpg\" alt=\"Capa con lazadas en color rojo de Zara. Foto: Zara.\"><\/noscript><i class=\"voc-icons zoom voc-multimedia-box voc-ico-l\"><\/i><\/div><figcaption class=\"figure-caption\">Capa con lazadas en color rojo de Zara. Foto: Zara.<\/figcaption><\/picture><\/div>\n<div id=\"photoZoomModal-602\" class=\"voc-lightbox modal fade voc-lightbox--photo-zoom\" role=\"dialog\" data-voc-photozoom-lightbox>\n<div class=\"voc-lightbox__dialog\" role=\"document\">\n<div class=\"voc-lightbox__content\"><!-- Modal header --><!-- Modal content --><\/p>\n<div class=\"voc-lightbox__photo-container\"><picture class><img loading=\"lazy\" data-original=\"\/\/static2.mujerhoy.com\/www\/multimedia\/202302\/06\/media\/cortadas\/capa-rojo-zara-k6zB--460x637@MujerHoy.jpeg\" alt=\"Capa con lazadas en color rojo de Zara. Foto: Zara.\" class=\"lazy\"><noscript><img src=\"http:\/\/hoycordobaweb.com\/wp-content\/uploads\/2023\/02\/zara-quiere-que-celebres-san-valentin-con-prendas-en-rojo-llenas-de-estilo-2.jpg\" alt=\"Capa con lazadas en color rojo de Zara. Foto: Zara.\"><\/noscript><\/picture><\/div>\n<\/div>\n<\/div>\n<\/div>\n<p class=\"voc-paragraph\"><strong>Capa con lazadas en color rojo de Zara.<\/strong> Es una capa de cuello subido con manga por debajo del codo. Cuenta con detalle plisado en la parte delatera y acabado con aberturas laterales. Es una de las propuestas de Zara que pretende convertirse en viral. Precio: 49,95 euros.\n<\/p>\n<div class=\"voc-detail-photo-zoom\"><picture data-toggle=\"modal\" data-target=\"#photoZoomModal-658\" target=\"modal\">\n<div class=\"voc-img-icon-link\"><img loading=\"lazy\" data-original=\"\/\/static3.mujerhoy.com\/www\/multimedia\/202302\/06\/media\/cortadas\/falda-midi-piel-zara-color-rojo-k6zB--460x637@MujerHoy.jpeg\" class=\"lazy\" alt=\"Falda midi de piel en rojo de Zara. Foto: Zara.\"><noscript><img src=\"http:\/\/hoycordobaweb.com\/wp-content\/uploads\/2023\/02\/zara-quiere-que-celebres-san-valentin-con-prendas-en-rojo-llenas-de-estilo-3.jpg\" alt=\"Falda midi de piel en rojo de Zara. Foto: Zara.\"><\/noscript><i class=\"voc-icons zoom voc-multimedia-box voc-ico-l\"><\/i><\/div><figcaption class=\"figure-caption\">Falda midi de piel en rojo de Zara. Foto: Zara.<\/figcaption><\/picture><\/div>\n<div id=\"photoZoomModal-658\" class=\"voc-lightbox modal fade voc-lightbox--photo-zoom\" role=\"dialog\" data-voc-photozoom-lightbox>\n<div class=\"voc-lightbox__dialog\" role=\"document\">\n<div class=\"voc-lightbox__content\"><!-- Modal header --><!-- Modal content --><\/p>\n<div class=\"voc-lightbox__photo-container\"><picture class><img loading=\"lazy\" data-original=\"\/\/static3.mujerhoy.com\/www\/multimedia\/202302\/06\/media\/cortadas\/falda-midi-piel-zara-color-rojo-k6zB--460x637@MujerHoy.jpeg\" alt=\"Falda midi de piel en rojo de Zara. Foto: Zara.\" class=\"lazy\"><noscript><img src=\"http:\/\/hoycordobaweb.com\/wp-content\/uploads\/2023\/02\/zara-quiere-que-celebres-san-valentin-con-prendas-en-rojo-llenas-de-estilo-3.jpg\" alt=\"Falda midi de piel en rojo de Zara. Foto: Zara.\"><\/noscript><\/picture><\/div>\n<\/div>\n<\/div>\n<\/div>\n<p class=\"voc-paragraph\"><strong>Falda midi de piel en rojo de Zara.<\/strong> Seguramente te suene este tip de falda, y es que la reina Letizia tiene una muy similar en su armario. Las faldas midi de tiro alto en rojo favorecen mucho y son muy elegantes. Esta falda de Zara cuenta con trabillas y bolsillos delanteros. Es una falda que est\u00e1 disponible en numerosas. Precio: 149 euros.\n<\/p>\n<div class=\"voc-detail-photo-zoom\"><picture data-toggle=\"modal\" data-target=\"#photoZoomModal-556\" target=\"modal\">\n<div class=\"voc-img-icon-link\"><img loading=\"lazy\" data-original=\"\/\/static3.mujerhoy.com\/www\/multimedia\/202302\/06\/media\/cortadas\/mono-escote-corazon-rojo-zara-k6zB--460x637@MujerHoy.jpeg\" class=\"lazy\" alt=\"Mono escote coraz\u00f3n de Zara. Foto: Zara.\"><noscript><img src=\"http:\/\/hoycordobaweb.com\/wp-content\/uploads\/2023\/02\/zara-quiere-que-celebres-san-valentin-con-prendas-en-rojo-llenas-de-estilo-4.jpg\" alt=\"Mono escote coraz\u00f3n de Zara. Foto: Zara.\"><\/noscript><i class=\"voc-icons zoom voc-multimedia-box voc-ico-l\"><\/i><\/div><figcaption class=\"figure-caption\">Mono escote coraz\u00f3n de Zara. Foto: Zara.<\/figcaption><\/picture><\/div>\n<div id=\"photoZoomModal-556\" class=\"voc-lightbox modal fade voc-lightbox--photo-zoom\" role=\"dialog\" data-voc-photozoom-lightbox>\n<div class=\"voc-lightbox__dialog\" role=\"document\">\n<div class=\"voc-lightbox__content\"><!-- Modal header --><!-- Modal content --><\/p>\n<div class=\"voc-lightbox__photo-container\"><picture class><img loading=\"lazy\" data-original=\"\/\/static3.mujerhoy.com\/www\/multimedia\/202302\/06\/media\/cortadas\/mono-escote-corazon-rojo-zara-k6zB--460x637@MujerHoy.jpeg\" alt=\"Mono escote coraz\u00f3n de Zara. Foto: Zara.\" class=\"lazy\"><noscript><img src=\"http:\/\/hoycordobaweb.com\/wp-content\/uploads\/2023\/02\/zara-quiere-que-celebres-san-valentin-con-prendas-en-rojo-llenas-de-estilo-4.jpg\" alt=\"Mono escote coraz\u00f3n de Zara. Foto: Zara.\"><\/noscript><\/picture><\/div>\n<\/div>\n<\/div>\n<\/div>\n<p class=\"voc-paragraph\"><strong>Mono escote coraz\u00f3n de Zara.<\/strong> Es un mono confeccionado en hilatura de viscosa. Cuenta con un dise\u00f1o de escote coraz\u00f3n, pernera ancha y tirantes finos cruzados en la espalda. Tiene bolsillos laterales y es de color rojo. Precio: 89,95 euros.\n<\/p>\n<div class=\"voc-detail-photo-zoom\"><picture data-toggle=\"modal\" data-target=\"#photoZoomModal-963\" target=\"modal\">\n<div class=\"voc-img-icon-link\"><img loading=\"lazy\" data-original=\"\/\/static1.mujerhoy.com\/www\/multimedia\/202302\/06\/media\/cortadas\/sobrecamisa-piel-rojo-zara-k6zB--460x637@MujerHoy.jpeg\" class=\"lazy\" alt=\"Camisa de piel y botones de edici\u00f3n limitada de Zara. Foto: Zara.\"><noscript><img src=\"http:\/\/hoycordobaweb.com\/wp-content\/uploads\/2023\/02\/zara-quiere-que-celebres-san-valentin-con-prendas-en-rojo-llenas-de-estilo-5.jpg\" alt=\"Camisa de piel y botones de edici\u00f3n limitada de Zara. Foto: Zara.\"><\/noscript><i class=\"voc-icons zoom voc-multimedia-box voc-ico-l\"><\/i><\/div><figcaption class=\"figure-caption\">Camisa de piel y botones de edici\u00f3n limitada de Zara. Foto: Zara.<\/figcaption><\/picture><\/div>\n<div id=\"photoZoomModal-963\" class=\"voc-lightbox modal fade voc-lightbox--photo-zoom\" role=\"dialog\" data-voc-photozoom-lightbox>\n<div class=\"voc-lightbox__dialog\" role=\"document\">\n<div class=\"voc-lightbox__content\"><!-- Modal header --><!-- Modal content --><\/p>\n<div class=\"voc-lightbox__photo-container\"><picture class><img loading=\"lazy\" data-original=\"\/\/static1.mujerhoy.com\/www\/multimedia\/202302\/06\/media\/cortadas\/sobrecamisa-piel-rojo-zara-k6zB--460x637@MujerHoy.jpeg\" alt=\"Camisa de piel y botones de edici\u00f3n limitada de Zara. Foto: Zara.\" class=\"lazy\"><noscript><img src=\"http:\/\/hoycordobaweb.com\/wp-content\/uploads\/2023\/02\/zara-quiere-que-celebres-san-valentin-con-prendas-en-rojo-llenas-de-estilo-5.jpg\" alt=\"Camisa de piel y botones de edici\u00f3n limitada de Zara. Foto: Zara.\"><\/noscript><\/picture><\/div>\n<\/div>\n<\/div>\n<\/div>\n<p class=\"voc-paragraph\"><strong>Camisa de piel y botones de edici\u00f3n limitada de Zara.<\/strong> Es una camisa confeccionada en piel que puedes llevar a conjunto con la falda midi. Cuenta con botones en la parte central, bolsillos y abertura en la espalda. Precio: 129 euros.\n<\/p>\n<div class=\"voc-detail-photo-zoom\"><picture data-toggle=\"modal\" data-target=\"#photoZoomModal-321\" target=\"modal\">\n<div class=\"voc-img-icon-link\"><img loading=\"lazy\" data-original=\"\/\/static3.mujerhoy.com\/www\/multimedia\/202302\/06\/media\/cortadas\/vestido-drapeado-rojo-zara-k6zB--460x637@MujerHoy.jpeg\" class=\"lazy\" alt=\"Vestido drapeado en rojo de Zara. Foto: Zara.\"><noscript><img src=\"http:\/\/hoycordobaweb.com\/wp-content\/uploads\/2023\/02\/zara-quiere-que-celebres-san-valentin-con-prendas-en-rojo-llenas-de-estilo-6.jpg\" alt=\"Vestido drapeado en rojo de Zara. Foto: Zara.\"><\/noscript><i class=\"voc-icons zoom voc-multimedia-box voc-ico-l\"><\/i><\/div><figcaption class=\"figure-caption\">Vestido drapeado en rojo de Zara. Foto: Zara.<\/figcaption><\/picture><\/div>\n<div id=\"photoZoomModal-321\" class=\"voc-lightbox modal fade voc-lightbox--photo-zoom\" role=\"dialog\" data-voc-photozoom-lightbox>\n<div class=\"voc-lightbox__dialog\" role=\"document\">\n<div class=\"voc-lightbox__content\"><!-- Modal header --><!-- Modal content --><\/p>\n<div class=\"voc-lightbox__photo-container\"><picture class><img loading=\"lazy\" data-original=\"\/\/static3.mujerhoy.com\/www\/multimedia\/202302\/06\/media\/cortadas\/vestido-drapeado-rojo-zara-k6zB--460x637@MujerHoy.jpeg\" alt=\"Vestido drapeado en rojo de Zara. Foto: Zara.\" class=\"lazy\"><noscript><img src=\"http:\/\/hoycordobaweb.com\/wp-content\/uploads\/2023\/02\/zara-quiere-que-celebres-san-valentin-con-prendas-en-rojo-llenas-de-estilo-6.jpg\" alt=\"Vestido drapeado en rojo de Zara. Foto: Zara.\"><\/noscript><\/picture><\/div>\n<\/div>\n<\/div>\n<\/div>\n<p class=\"voc-paragraph\"><strong>Vestido drapeado en rojo de Zara.<\/strong> Se trata de un vestido t\u00fanica largo confeccionado en hilatura de viscosa. Cuenta con escote asim\u00e9trico de manga corta y detalle nudo. Cuenta con pliegues laterales. Precio: 69,95 euros.\n<\/p>\n<p><!-- TOPICS --><\/p>\n","protected":false},"excerpt":{"rendered":"<p>Se acerca San Valent\u00edn y eso solo quiere decir una cosa: ver\u00e1s por todas partes corazones y prendas en rojo. Y la verdad, aunque no seas fan de esta fecha, es una delicia ver todas las nuevas propuestas de marcas tanto para joyas como prendas en rojo. Ya sabes que el rojo es uno de [&hellip;]<\/p>\n","protected":false},"author":1,"featured_media":55090,"comment_status":"closed","ping_status":"closed","sticky":false,"template":"","format":"standard","meta":[],"categories":[1],"tags":[],"_links":{"self":[{"href":"http:\/\/hoycordobaweb.com\/index.php\/wp-json\/wp\/v2\/posts\/55089"}],"collection":[{"href":"http:\/\/hoycordobaweb.com\/index.php\/wp-json\/wp\/v2\/posts"}],"about":[{"href":"http:\/\/hoycordobaweb.com\/index.php\/wp-json\/wp\/v2\/types\/post"}],"author":[{"embeddable":true,"href":"http:\/\/hoycordobaweb.com\/index.php\/wp-json\/wp\/v2\/users\/1"}],"replies":[{"embeddable":true,"href":"http:\/\/hoycordobaweb.com\/index.php\/wp-json\/wp\/v2\/comments?post=55089"}],"version-history":[{"count":0,"href":"http:\/\/hoycordobaweb.com\/index.php\/wp-json\/wp\/v2\/posts\/55089\/revisions"}],"wp:featuredmedia":[{"embeddable":true,"href":"http:\/\/hoycordobaweb.com\/index.php\/wp-json\/wp\/v2\/media\/55090"}],"wp:attachment":[{"href":"http:\/\/hoycordobaweb.com\/index.php\/wp-json\/wp\/v2\/media?parent=55089"}],"wp:term":[{"taxonomy":"category","embeddable":true,"href":"http:\/\/hoycordobaweb.com\/index.php\/wp-json\/wp\/v2\/categories?post=55089"},{"taxonomy":"post_tag","embeddable":true,"href":"http:\/\/hoycordobaweb.com\/index.php\/wp-json\/wp\/v2\/tags?post=55089"}],"curies":[{"name":"wp","href":"https:\/\/api.w.org\/{rel}","templated":true}]}}