{"id":55069,"date":"2023-02-08T12:36:53","date_gmt":"2023-02-08T12:36:53","guid":{"rendered":"https:\/\/ladecimaweb.com\/?p=15899"},"modified":"2023-02-08T12:36:53","modified_gmt":"2023-02-08T12:36:53","slug":"salas-cuna-se-encuentran-abiertas-las-inscripciones-para-el-2023","status":"publish","type":"post","link":"http:\/\/hoycordobaweb.com\/index.php\/2023\/02\/08\/salas-cuna-se-encuentran-abiertas-las-inscripciones-para-el-2023\/","title":{"rendered":"Salas Cuna: se encuentran abiertas las inscripciones para el 2023"},"content":{"rendered":"<div class=\"boldgrid-section\">\n<div class=\"container\">\n<div class=\"row\">\n<div class=\"col-md-12 col-xs-12 col-sm-12\">\n<p class=\"\">El Ministerio de Desarrollo Social informa que ya se encuentran abiertas las inscripciones para el ciclo 2023 en las 490 Salas Cuna con que cuenta la Provincia. Las personas interesadas deben asistir a la Sala m\u00e1s cercana a su domicilio, donde podr\u00e1n consultar horarios y vacantes.<\/p>\n<p class=\"\">De esta manera, el Gobierno provincial contin\u00faa trabajando con el fin de sumar cada vez m\u00e1s ni\u00f1os y ni\u00f1as a este programa de la primera infancia.<\/p>\n<p>Vale recordar que los m\u00e1s peque\u00f1os deben contar con DNI actualizado, carnet de vacunaci\u00f3n y certificado \u00fanico de salud. Los y las referentes realizar\u00e1n las evaluaciones de admisi\u00f3n.<\/p>\n<p>El programa Salas Cuna constituye una gesti\u00f3n asociada entre el Estado provincial y los municipios y comunas, mediante el cual se crean espacios de primera infancia destinados al cuidado de ni\u00f1as y ni\u00f1os de 45 d\u00edas a 3 a\u00f1os de sectores en situaci\u00f3n de vulnerabilidad.<\/p>\n<p>La intenci\u00f3n es contribuir al desarrollo psicosocial a trav\u00e9s de la estimulaci\u00f3n temprana y nutrici\u00f3n adecuada, adem\u00e1s de facilitar la inserci\u00f3n social y laboral de sus adultos responsables.<\/p>\n<p>El Gobierno provincial ya inaugur\u00f3 490 Salas Cuna en toda la provincia, con m\u00e1s de 17.650 ni\u00f1os bajo programa.<\/p>\n<div class=\"ubm_banner\"><a href=\"https:\/\/www.cba.gov.ar\" target=\"_blank\" rel=\"dofollow noopener noreferrer\"><img src=\"http:\/\/hoycordobaweb.com\/wp-content\/uploads\/2023\/02\/salas-cuna-se-encuentran-abiertas-las-inscripciones-para-el-2023.gif\" alt=\"\"><\/a><\/div>\n<\/div>\n<\/div>\n<\/div>\n<\/div>\n<p>La entrada <a rel=\"nofollow\" href=\"https:\/\/ladecimaweb.com\/salas-cuna-se-encuentran-abiertas-las-inscripciones-para-el-2023\/\">Salas Cuna: se encuentran abiertas las inscripciones para el 2023<\/a> se public\u00f3 primero en <a rel=\"nofollow\" href=\"https:\/\/ladecimaweb.com\">LaDecima<\/a>.<\/p>\n","protected":false},"excerpt":{"rendered":"<p>El Ministerio de Desarrollo Social informa que ya se encuentran abiertas las inscripciones para el ciclo 2023 en las 490 Salas Cuna con que cuenta la Provincia. Las personas interesadas deben asistir a la Sala m\u00e1s cercana a su domicilio, donde podr\u00e1n consultar horarios y vacantes. De esta manera, el Gobierno provincial contin\u00faa trabajando con [&hellip;]<\/p>\n","protected":false},"author":1,"featured_media":55070,"comment_status":"closed","ping_status":"closed","sticky":false,"template":"","format":"standard","meta":[],"categories":[19],"tags":[],"_links":{"self":[{"href":"http:\/\/hoycordobaweb.com\/index.php\/wp-json\/wp\/v2\/posts\/55069"}],"collection":[{"href":"http:\/\/hoycordobaweb.com\/index.php\/wp-json\/wp\/v2\/posts"}],"about":[{"href":"http:\/\/hoycordobaweb.com\/index.php\/wp-json\/wp\/v2\/types\/post"}],"author":[{"embeddable":true,"href":"http:\/\/hoycordobaweb.com\/index.php\/wp-json\/wp\/v2\/users\/1"}],"replies":[{"embeddable":true,"href":"http:\/\/hoycordobaweb.com\/index.php\/wp-json\/wp\/v2\/comments?post=55069"}],"version-history":[{"count":0,"href":"http:\/\/hoycordobaweb.com\/index.php\/wp-json\/wp\/v2\/posts\/55069\/revisions"}],"wp:featuredmedia":[{"embeddable":true,"href":"http:\/\/hoycordobaweb.com\/index.php\/wp-json\/wp\/v2\/media\/55070"}],"wp:attachment":[{"href":"http:\/\/hoycordobaweb.com\/index.php\/wp-json\/wp\/v2\/media?parent=55069"}],"wp:term":[{"taxonomy":"category","embeddable":true,"href":"http:\/\/hoycordobaweb.com\/index.php\/wp-json\/wp\/v2\/categories?post=55069"},{"taxonomy":"post_tag","embeddable":true,"href":"http:\/\/hoycordobaweb.com\/index.php\/wp-json\/wp\/v2\/tags?post=55069"}],"curies":[{"name":"wp","href":"https:\/\/api.w.org\/{rel}","templated":true}]}}