{"id":55067,"date":"2023-02-08T04:02:00","date_gmt":"2023-02-08T04:02:00","guid":{"rendered":"http:\/\/hoycordobaweb.com\/index.php\/2023\/02\/08\/biden-pidio-permiso-para-endeudarse-mas-y-llamo-a-la-unidad-bipartidista\/"},"modified":"2023-02-08T04:02:00","modified_gmt":"2023-02-08T04:02:00","slug":"biden-pidio-permiso-para-endeudarse-mas-y-llamo-a-la-unidad-bipartidista","status":"publish","type":"post","link":"http:\/\/hoycordobaweb.com\/index.php\/2023\/02\/08\/biden-pidio-permiso-para-endeudarse-mas-y-llamo-a-la-unidad-bipartidista\/","title":{"rendered":"Biden pidi\u00f3 permiso para endeudarse m\u00e1s y llam\u00f3 a la unidad bipartidista"},"content":{"rendered":"<p><img src=\"http:\/\/hoycordobaweb.com\/wp-content\/uploads\/2023\/02\/biden-pidio-permiso-para-endeudarse-mas-y-llamo-a-la-unidad-bipartidista.jpg\"><\/p>\n<figure class=\"mb-3\"><img loading=\"lazy\" src=\"http:\/\/hoycordobaweb.com\/wp-content\/uploads\/2023\/02\/biden-pidio-permiso-para-endeudarse-mas-y-llamo-a-la-unidad-bipartidista-2.jpg\" width=\"100%\" height=\"100%\" alt=\"Biden en pleno discurso Foto AFP\"><figcaption> Biden en pleno discurso. Foto: AFP. <\/figcaption><\/figure>\n<p>El presidente de Estados Unidos, Joe Biden, pidi\u00f3 este mi\u00e9rcoles a la madrugada (pasadas las 22 del martes en Washington) al <strong>Congreso que le permita aumentar el nivel de endeudamiento de su administraci\u00f3n, prometi\u00f3 que todos los insumos que se usen en obras de infraestructura ser\u00e1n de fabricaci\u00f3n nacional y llam\u00f3 a la unidad bipartidista.<\/strong><\/p>\n<p>En su segundo discurso anual sobre el estado de la Uni\u00f3n, el jefe de la Casa Blanca reivindic\u00f3 que consigui\u00f3 una hist\u00f3rica reducci\u00f3n del d\u00e9ficit fiscal luego de que su antecesor, Donald Trump, lo llevara a niveles sin precedentes.<\/p>\n<p><strong>\u201cMi administraci\u00f3n recort\u00f3 el d\u00e9ficit en m\u00e1s de 1.700 millones de d\u00f3lares, la mayor reducci\u00f3n del d\u00e9ficit en la historia de Estados Unidos\u201d<\/strong>, dijo Biden.<\/p>\n<p>Subray\u00f3 que bajo el mandato de Trump, \u201cel d\u00e9ficit de Estados Unidos aument\u00f3 cuatro a\u00f1os seguidos\u201d y asegur\u00f3 que \u201cning\u00fan presidente agreg\u00f3 m\u00e1s a la deuda nacional en cuatro a\u00f1os\u201d que su predecesor.<\/p>\n<p><strong>\u201cCasi 25% de toda la deuda nacional que tard\u00f3 m\u00e1s de 200 a\u00f1os en acumularse fue agregada por una sola administraci\u00f3n: la \u00faltima; son los hechos, compru\u00e9benlo, compru\u00e9benlo\u201d,<\/strong> remarc\u00f3, seg\u00fan la transmisi\u00f3n en vivo de la televisora CNN.<\/p>\n<p>Se pregunt\u00f3 \u201cc\u00f3mo respondi\u00f3 el Congreso a eso\u201d y respondi\u00f3: \u201cHicieron lo correcto, levantaron el techo de la deuda tres veces sin condiciones previas ni crisis, pagaron las cuentas de Estados Unidos para evitar un desastre econ\u00f3mico en el pa\u00eds\u201d.<\/p>\n<p>\u201cEntonces, esta noche, le pido a este Congreso que haga lo mismo: compromet\u00e1monos aqu\u00ed esta noche a que la plena fe y el cr\u00e9dito de Estados Unidos nunca, nunca, ser\u00e1n cuestionados\u201d, dijo.<\/p>\n<figure class=\"mb-3\"><img loading=\"lazy\" src=\"http:\/\/hoycordobaweb.com\/wp-content\/uploads\/2023\/02\/biden-pidio-permiso-para-endeudarse-mas-y-llamo-a-la-unidad-bipartidista-3.jpg\" width=\"100%\" height=\"100%\" alt=\"Foto AFP\"><figcaption> Foto: AFP. <\/figcaption><\/figure>\n<p>Biden reivindic\u00f3 que su Gobierno <strong>\u201ccre\u00f3, con la ayuda de muchas personas en esta sala, 12 millones de nuevos empleos, m\u00e1s empleos creados en dos a\u00f1os que los que cualquier presidente haya creado en cuatro a\u00f1os\u201d.<\/strong><\/p>\n<p>El mandatario resalt\u00f3 que esos logros fueron posibles a pesar de los desaf\u00edos que present\u00f3 la pandemia de Covid-19, en cuyo transcurso cerraron muchas empresas y escuelas.<\/p>\n<p>\u201c\u00bfRecuerdan los trabajos que desaparecieron?\u201d, pregunt\u00f3, y se\u00f1al\u00f3: \u201cLos recuerdan, \u00bfno? La gente en sus casas lo recuerda, se pregunta si a\u00fan existe un camino para que sus hijos salgan adelante sin mudarse.\u201d<\/p>\n<p>\u201cLos entiendo y es por eso que <strong>estamos reconstruyendo una econom\u00eda en la que nadie se quede atr\u00e1s; el trabajo est\u00e1 regresando, el orgullo est\u00e1 regresando debido a las decisiones que tomamos en los \u00faltimos a\u00f1os\u201d,<\/strong> agreg\u00f3.<\/p>\n<p>Asimismo, Biden se comprometi\u00f3 a que todo el material de construcci\u00f3n a usarse en proyectos de infraestructura emprendidos por el Gobierno federal sea fabricado en Estados Unidos.<\/p>\n<p>\u201cMadera, vidrio, paneles de yeso, cable de fibra \u00f3ptica, todo: y bajo mi supervisi\u00f3n, las rutas, los puentes y las autopistas estadounidenses tambi\u00e9n se fabricar\u00e1n con productos estadounidenses\u201d, detall\u00f3.<\/p>\n<p>El jefe de la Casa Blanca explic\u00f3 que su programa econ\u00f3mico est\u00e1 destinado a \u201cinvertir en lugares y en personas que fueron olvidados\u201d, porque \u201cen medio de la agitaci\u00f3n econ\u00f3mica de las \u00faltimas cuatro d\u00e9cadas, demasiadas personas fueron dejadas atr\u00e1s y tratadas como si fueran invisibles\u201d.<\/p>\n<p>En otro orden, afirm\u00f3 que <strong>la democracia permanece \u201cinquebrantable\u201d a pesar de las dificultades y los desaf\u00edos de los \u00faltimos dos a\u00f1os.<\/strong><\/p>\n<p><a href=\"https:\/\/www.telam.com.ar\/notas\/202212\/614759-comision-eeuu-imputar-trump.html\" target=\"_blank\" rel=\"noopener noreferrer\"><strong>\u201cHace dos a\u00f1os, la democracia enfrent\u00f3 su mayor amenaza con la guerra civil y hoy, aunque magullada, nuestra democracia permanece inquebrantable e intacta\u201d, dijo, en relaci\u00f3n con el asalto al Capitolio por simpatizantes de Trump, ocurrido el 6 de enero de 2021<\/strong><\/a>, cuando los legisladores se aprestaban a consagrar a Biden como presidente electo.<\/p>\n<p>De hecho, sus comentarios iniciales estuvieron dirigidos a los miembros de la oposici\u00f3n republicana, a los que exhort\u00f3 a trabajar junto con los legisladores del oficialismo dem\u00f3crata.<\/p>\n<p>\u201cDemostramos que los c\u00ednicos y los detractores estaban equivocados; s\u00ed, discrepamos mucho, y s\u00ed, hubo momentos en que los dem\u00f3cratas actuaron solos, pero una y otra vez, dem\u00f3cratas y republicanos se unieron\u201d, reflexion\u00f3.<\/p>\n<figure class=\"mb-3\"><img loading=\"lazy\" src=\"http:\/\/hoycordobaweb.com\/wp-content\/uploads\/2023\/02\/biden-pidio-permiso-para-endeudarse-mas-y-llamo-a-la-unidad-bipartidista-4.jpg\" width=\"100%\" height=\"100%\" alt=\"Biden llegando al Congreso Foto AFP\"><figcaption> Biden llegando al Congreso. Foto: AFP. <\/figcaption><\/figure>\n<p>Puso como ejemplo que ambos partidos se unieron para defender a Europa occidental tras la invasi\u00f3n de Rusia a ucrania, as\u00ed como aprobaron un proyecto de ley de infraestructura de gran alcance y m\u00e1s de 300 leyes en los \u00faltimos dos a\u00f1os.<\/p>\n<p>\u201cA mis amigos republicanos: si pudimos trabajar juntos en el \u00faltimo Congreso, no hay raz\u00f3n para que no podamos trabajar juntos y encontrar un consenso sobre cosas importantes tambi\u00e9n en este Congreso\u201d, dijo el presidente.<\/p>\n<p>En las elecciones de mitad de mandato de noviembre pasado, el Partido Republicano le arrebat\u00f3 al Partido Dem\u00f3crata la mayor\u00eda en la C\u00e1mara de Representantes, mientras el oficialismo mantiene el predominio en el Senado.<\/p>\n<p><strong>\u201cTodos ustedes est\u00e1n tan informados como yo, pero creo que la gente nos envi\u00f3 un mensaje claro: luchar por luchar, poder por el poder, conflicto por el conflicto, no nos lleva a ninguna parte; esa siempre fue mi visi\u00f3n de nuestro pa\u00eds y s\u00e9 que es la de muchos de ustedes<\/strong>\u201d, remarc\u00f3.<\/p>\n<p>Con algo de humor, Biden felicit\u00f3 al nuevo presidente de la c\u00e1mara baja, el republicano Kevin McCarthy, y le dijo: \u201cSe\u00f1or presidente, no quiero arruinar su reputaci\u00f3n, pero espero trabajar con usted\u201d.<\/p>\n<p>Como es usual, McCarthy escuch\u00f3 el discurso sentado detr\u00e1s de Biden junto a la presidenta del Senado, la vicepresidenta Kamala Harris.<\/p>\n<h2 class> El discurso completo <\/h2>\n<p><\/p>\n<blockquote class=\"twitter-tweet\" readability=\"4.4605263157895\">\n<p lang=\"en\" dir=\"ltr\">Tune in as I deliver the State of the Union address to a joint session of Congress. <a href=\"https:\/\/t.co\/StnlNblubB\">https:\/\/t.co\/StnlNblubB<\/a><\/p>\n<p>\u2014 President Biden (@POTUS) <a href=\"https:\/\/twitter.com\/POTUS\/status\/1623140021657018369?ref_src=twsrc%5Etfw\">February 8, 2023<\/a><\/p><\/blockquote>\n","protected":false},"excerpt":{"rendered":"<p>Biden en pleno discurso. Foto: AFP. El presidente de Estados Unidos, Joe Biden, pidi\u00f3 este mi\u00e9rcoles a la madrugada (pasadas las 22 del martes en Washington) al Congreso que le permita aumentar el nivel de endeudamiento de su administraci\u00f3n, prometi\u00f3 que todos los insumos que se usen en obras de infraestructura ser\u00e1n de fabricaci\u00f3n nacional [&hellip;]<\/p>\n","protected":false},"author":1,"featured_media":55068,"comment_status":"open","ping_status":"closed","sticky":false,"template":"","format":"standard","meta":[],"categories":[24],"tags":[],"_links":{"self":[{"href":"http:\/\/hoycordobaweb.com\/index.php\/wp-json\/wp\/v2\/posts\/55067"}],"collection":[{"href":"http:\/\/hoycordobaweb.com\/index.php\/wp-json\/wp\/v2\/posts"}],"about":[{"href":"http:\/\/hoycordobaweb.com\/index.php\/wp-json\/wp\/v2\/types\/post"}],"author":[{"embeddable":true,"href":"http:\/\/hoycordobaweb.com\/index.php\/wp-json\/wp\/v2\/users\/1"}],"replies":[{"embeddable":true,"href":"http:\/\/hoycordobaweb.com\/index.php\/wp-json\/wp\/v2\/comments?post=55067"}],"version-history":[{"count":0,"href":"http:\/\/hoycordobaweb.com\/index.php\/wp-json\/wp\/v2\/posts\/55067\/revisions"}],"wp:featuredmedia":[{"embeddable":true,"href":"http:\/\/hoycordobaweb.com\/index.php\/wp-json\/wp\/v2\/media\/55068"}],"wp:attachment":[{"href":"http:\/\/hoycordobaweb.com\/index.php\/wp-json\/wp\/v2\/media?parent=55067"}],"wp:term":[{"taxonomy":"category","embeddable":true,"href":"http:\/\/hoycordobaweb.com\/index.php\/wp-json\/wp\/v2\/categories?post=55067"},{"taxonomy":"post_tag","embeddable":true,"href":"http:\/\/hoycordobaweb.com\/index.php\/wp-json\/wp\/v2\/tags?post=55067"}],"curies":[{"name":"wp","href":"https:\/\/api.w.org\/{rel}","templated":true}]}}