{"id":54963,"date":"2023-02-05T21:30:23","date_gmt":"2023-02-05T21:30:23","guid":{"rendered":"https:\/\/www.clarin.com\/espectaculos\/tv\/ver-chica-nieve-nuevo-thriller-espanol-netflix_0_5fBtYbBb6K.html"},"modified":"2023-02-05T21:30:23","modified_gmt":"2023-02-05T21:30:23","slug":"por-que-hay-que-ver-la-chica-de-nieve-el-nuevo-thriller-espanol-de-netflix","status":"publish","type":"post","link":"http:\/\/hoycordobaweb.com\/index.php\/2023\/02\/05\/por-que-hay-que-ver-la-chica-de-nieve-el-nuevo-thriller-espanol-de-netflix\/","title":{"rendered":"Por qu\u00e9 hay que ver La chica de nieve, el nuevo thriller espa\u00f1ol de Netflix"},"content":{"rendered":"<div readability=\"33.5\">\n<div class=\"title check-space\" data-color=\"style='background-color:'\" readability=\"12\">\n<p><h2>Poblada de caras conocidas, la serie cruza los caminos de dos casos de dolor, angustia y b\u00fasqueda de la verdad. L\u00e1stima algunos clich\u00e9s.<\/h2>\n<\/p>\n<\/div><\/div>\n<div id>\n<p>Desde much\u00edsimo antes de que existiera el <em>streaming<\/em>, <strong>Espa\u00f1a ya se hab\u00eda hecho fuerte en el mercado de las series<\/strong>. Si lo sabr\u00e1n los que en la Argentina han (hemos) visto <strong>Anillos de oro<\/strong>, la inolvidable historia con <a data-cke-saved-href=\"http:\/\/www.clarin.com\/tema\/imanol_arias.html\" target=\"_blank\" href=\"http:\/\/www.clarin.com\/tema\/imanol_arias.html\" rel=\"noopener noreferrer\">Imanol Arias<\/a> y <strong>Ana Diosdado<\/strong>, estrenada hace 40 a\u00f1os.<\/p>\n<p>Siempre \u2013en las se\u00f1ales o plataformas que sean- supo competir con productos para todos los g\u00e9neros y gustos. Pero, en medio de su amplitud tem\u00e1tica, <strong>se las ingeni\u00f3 para guardarle, cada dos por tres, un espacio a las tramas de ni\u00f1as o adolescente&nbsp;desaparecidas<\/strong>. Es como una de sus cartas fuertes.<\/p>\n<p>Lo hizo con <strong>Desaparecida<\/strong> (protagonizada por&nbsp;<a data-cke-saved-href=\"http:\/\/www.clarin.com\/tema(miguel_angel_sola.html\" target=\"_blank\" href=\"http:\/\/www.clarin.com\/tema(miguel_angel_sola.html\" rel=\"noopener noreferrer\">Miguel \u00c1ngel Sol\u00e1<\/a>, conocida en nuestra TV como <strong>Bruno Sierra, el rostro de la ley<\/strong>), con <strong>Bajo sospecha<\/strong>, con <strong>Perdida<\/strong>, con <strong>D\u00f3nde est\u00e1 Marta\u2026<\/strong> Y ahora lo hace con <strong>La chica de nieve<\/strong>, la serie de <strong>seis episodios<\/strong> que acaba de estrenar <a data-cke-saved-href=\"http:\/\/www.clarin.com\/tema\/netflix.html\" target=\"_blank\" href=\"http:\/\/www.clarin.com\/tema\/netflix.html\" rel=\"noopener noreferrer\">Netflix<\/a> y vale la pena ser vista.<\/p>\n<div class=\"sp__Normal embed-box embed-body-photo\" data-index=\"1\">\n<picture class=\"pointer\">\n<img class=\"img-expand\" width=\"100\" height=\"100\" loading=\"lazy\" src=\"http:\/\/hoycordobaweb.com\/wp-content\/uploads\/2023\/02\/por-que-hay-que-ver-la-chica-de-nieve-el-nuevo-thriller-espanol-de-netflix.jpg\" alt=\"Milena Smit y Jos\u00e9 Coronado, la alumna y el profesor de periodismo. Y colegas en el diario Sur.\"><br \/>\n<span class=\"bt-expand\"><br \/>\n<svg class=\"ico white_mod\">\n<use class=\"use-expand\" xlink:href=\"#icon-expand\" \/>\n<\/svg><br \/>\n<\/span>\n<\/picture><figcaption>Milena Smit y Jos\u00e9 Coronado, la alumna y el profesor de periodismo. Y colegas en el diario Sur. <\/figcaption><\/div>\n<p>Basada en la novela hom\u00f3nima de Javier Castillo, <strong>su \u00e9xito literario se suma a un buen c\u00f3ctel de ingredientes que, a priori, la volv\u00edan interesante<\/strong>. Y, apenas se estren\u00f3 -el 27 de enero-, <strong>todo eso marid\u00f3 en el gusto del p\u00fablico, que la puso en la cima de las m\u00e1s vistas<\/strong> de la plataforma.<\/p>\n<p>Uno de los puntos fuertes de esta producci\u00f3n espa\u00f1ola es<strong> el protag\u00f3nico de Milena Smit<\/strong>, la joven que deslumbr\u00f3 bajo las \u00f3rdenes de <a data-cke-saved-href=\"http:\/\/www.clarin,com\/tema\/pedro_almodovar.html\" target=\"_blank\" href=\"http:\/\/www.clarin,com\/tema\/pedro_almodovar.html\" rel=\"noopener noreferrer\">Pedro Almod\u00f3var<\/a> en <strong>Madres paralelas<\/strong>. Aqu\u00ed, con 26 a\u00f1os, compone a Miren Rojo, una periodista que hace sus palotes como becaria en el diario Sur.<strong> De pronto, llega el caso de la desaparici\u00f3n de Amaya Mart\u00edn<\/strong>.<\/p>\n<p>Amaya es una nena de 5 a\u00f1os, que hab\u00eda ido con sus padres a la multitudinaria Cabalgata de los Reyes, en M\u00e1laga, <strong>la noche de&nbsp;la colocaci\u00f3n de los zapatitos<\/strong>, el agua y el pasto para los camellos.<\/p>\n<p>Esa noticia no s\u00f3lo despierta el inter\u00e9s period\u00edstico de Miren, sino que <strong>le zarandea todo su pasado de sufrimiento<\/strong>. Lo que muchos en las redes sociales califican (y descalifican) como <em>\u201crostro sin expresi\u00f3n\u201d<\/em>, no es m\u00e1s que <strong>una muestra m\u00e1s de la composici\u00f3n que la actriz hace de una chica muerta en vida<\/strong>.<\/p>\n<div class=\"sp__Normal embed-box embed-body-photo\" data-index=\"2\">\n<picture class=\"pointer\">\n<img class=\"img-expand\" width=\"100\" height=\"100\" loading=\"lazy\" src=\"http:\/\/hoycordobaweb.com\/wp-content\/uploads\/2023\/02\/por-que-hay-que-ver-la-chica-de-nieve-el-nuevo-thriller-espanol-de-netflix-1.jpg\" alt=\"Periodismo vs. Polic\u00eda: esta escena se repite en el relato. Uno de los dos llegar\u00e1 primero a la verdad,\"><br \/>\n<span class=\"bt-expand\"><br \/>\n<svg class=\"ico white_mod\">\n<use class=\"use-expand\" xlink:href=\"#icon-expand\" \/>\n<\/svg><br \/>\n<\/span>\n<\/picture><figcaption>Periodismo vs. Polic\u00eda: esta escena se repite en el relato. Uno de los dos llegar\u00e1 primero a la verdad, <\/figcaption><\/div>\n<p>As\u00ed como en <strong>Madres paralelas<\/strong> tuvo la bendici\u00f3n de compartir escena con una experimentada <strong>Pen\u00e9lope Cruz<\/strong>, aqu\u00ed lo hace con <strong>Jos\u00e9 Coronado<\/strong>. Y, tanto de uno como de otro duelo actoral, <strong>Milena Smit sale m\u00e1s que airosa<\/strong>.<\/p>\n<p>Lo suyo, en <strong>esta trama que combina drama y suspenso<\/strong>, la pone a investigar, durante nueve a\u00f1os, qu\u00e9 pas\u00f3 con Amaya. Y <strong>qu\u00e9 puntos en contacto puede haber entre ese caso y el suyo<\/strong>. Y su derrotero va en paralelo con la investigaci\u00f3n policial, a cargo de la inspectora Bel\u00e9n Mill\u00e1n, que hace unos a\u00f1os no pudo hacer nada con el dolor de Miren (<strong>de a poco se va contando tambi\u00e9n su historia<\/strong>).<\/p>\n<p>En cada uno de los rincones tem\u00e1ticos de esta ficci\u00f3n<strong> hay un nombre consagrado que invita a averiguar qu\u00e9 har\u00e1n ahora<\/strong>: Coronado como el periodista que tiene tanta calle encima como contactos en todos lados, <strong>Trist\u00e1n Ulloa<\/strong> (uno de los Cort\u00e1zar en <em>Gran Reserva<\/em>), <strong>Aixa Villagr\u00e1n<\/strong> como la mujer polic\u00eda (<em>Vida perfecta, All\u00ed abajo, Los hombres de Paco<\/em>) y <strong>Cecilia Freire<\/strong>, la adorable Rita de<strong> Velvet<\/strong>.<\/p>\n<div class=\"sp__Normal embed-box embed-body-photo\" data-index=\"3\">\n<picture class=\"pointer\">\n<img class=\"img-expand\" width=\"100\" height=\"100\" loading=\"lazy\" src=\"http:\/\/hoycordobaweb.com\/wp-content\/uploads\/2023\/02\/por-que-hay-que-ver-la-chica-de-nieve-el-nuevo-thriller-espanol-de-netflix-2.jpg\" alt=\"La grieta de las redes: los fans se dividen entre los que dicen que la actriz no transmite nada y los que comprenden el pasado del personaje.\"><br \/>\n<span class=\"bt-expand\"><br \/>\n<svg class=\"ico white_mod\">\n<use class=\"use-expand\" xlink:href=\"#icon-expand\" \/>\n<\/svg><br \/>\n<\/span>\n<\/picture><figcaption>La grieta de las redes: los fans se dividen entre los que dicen que la actriz no transmite nada y los que comprenden el pasado del personaje. <\/figcaption><\/div>\n<p>Pero, m\u00e1s all\u00e1 de los cr\u00e9ditos, <strong>hay un relato \u00e1gil, un buen manejo del suspenso <\/strong>(especialmente en el sexto episodio) y muy buenas actuaciones.<\/p>\n<p>Tal vez, el recurso permanente del ida y vuelta en el tiempo (con escalas en el 2010, 2016 y 2019) y <strong>ciertos clich\u00e9s de&nbsp;choques de egos entre periodistas y polic\u00edas&nbsp;la bajan de una posible etiqueta de \u00abmuy buena\u00bb a \u00abbuena\u00bb<\/strong>. Pero, para algunos casos, deber\u00eda tambi\u00e9n existir la <strong>calificaci\u00f3n yapa<\/strong> de <em>\u201cvalelapena\u201d<\/em>.<\/p>\n<h2>Ficha<\/h2>\n<p><em>Calificaci\u00f3n: <strong>Buena<\/strong><\/em><\/p>\n<p>Drama y suspenso <strong>Protagonistas:<\/strong> Milena Smit y Jos\u00e9 Coronado <strong>Gui\u00f3n:<\/strong> Jes\u00fas Mesas Silva y Javier Roig <strong>Direcci\u00f3n: <\/strong>David Ulloa y Laura Alvea <strong>Emisi\u00f3n:<\/strong>&nbsp;Seis episodios en Netflix.<\/p>\n<p> <span class=\"title-related\">Mir\u00e1 tambi\u00e9n<\/span> <\/div>\n","protected":false},"excerpt":{"rendered":"<p>Poblada de caras conocidas, la serie cruza los caminos de dos casos de dolor, angustia y b\u00fasqueda de la verdad. L\u00e1stima algunos clich\u00e9s. Desde much\u00edsimo antes de que existiera el streaming, Espa\u00f1a ya se hab\u00eda hecho fuerte en el mercado de las series. Si lo sabr\u00e1n los que en la Argentina han (hemos) visto Anillos [&hellip;]<\/p>\n","protected":false},"author":1,"featured_media":54964,"comment_status":"closed","ping_status":"closed","sticky":false,"template":"","format":"standard","meta":[],"categories":[10],"tags":[],"_links":{"self":[{"href":"http:\/\/hoycordobaweb.com\/index.php\/wp-json\/wp\/v2\/posts\/54963"}],"collection":[{"href":"http:\/\/hoycordobaweb.com\/index.php\/wp-json\/wp\/v2\/posts"}],"about":[{"href":"http:\/\/hoycordobaweb.com\/index.php\/wp-json\/wp\/v2\/types\/post"}],"author":[{"embeddable":true,"href":"http:\/\/hoycordobaweb.com\/index.php\/wp-json\/wp\/v2\/users\/1"}],"replies":[{"embeddable":true,"href":"http:\/\/hoycordobaweb.com\/index.php\/wp-json\/wp\/v2\/comments?post=54963"}],"version-history":[{"count":0,"href":"http:\/\/hoycordobaweb.com\/index.php\/wp-json\/wp\/v2\/posts\/54963\/revisions"}],"wp:featuredmedia":[{"embeddable":true,"href":"http:\/\/hoycordobaweb.com\/index.php\/wp-json\/wp\/v2\/media\/54964"}],"wp:attachment":[{"href":"http:\/\/hoycordobaweb.com\/index.php\/wp-json\/wp\/v2\/media?parent=54963"}],"wp:term":[{"taxonomy":"category","embeddable":true,"href":"http:\/\/hoycordobaweb.com\/index.php\/wp-json\/wp\/v2\/categories?post=54963"},{"taxonomy":"post_tag","embeddable":true,"href":"http:\/\/hoycordobaweb.com\/index.php\/wp-json\/wp\/v2\/tags?post=54963"}],"curies":[{"name":"wp","href":"https:\/\/api.w.org\/{rel}","templated":true}]}}