{"id":5496,"date":"2020-11-18T03:33:45","date_gmt":"2020-11-18T03:33:45","guid":{"rendered":"http:\/\/hoycordobaweb.com\/index.php\/2020\/11\/18\/en-1954-nacia-el-elegante-claudio-marangoni\/"},"modified":"2020-11-18T03:33:45","modified_gmt":"2020-11-18T03:33:45","slug":"en-1954-nacia-el-elegante-claudio-marangoni","status":"publish","type":"post","link":"http:\/\/hoycordobaweb.com\/index.php\/2020\/11\/18\/en-1954-nacia-el-elegante-claudio-marangoni\/","title":{"rendered":"En 1954, nac\u00eda el &quot;elegante&quot; Claudio Marangoni"},"content":{"rendered":"<p>&#8230; un gran n\u00famero &quot;5&quot; que destac\u00f3 en grandes clubes del <b>f\u00fatbol argentino<\/b> jugando como volante central y que en esta jornada cumple 66 a\u00f1os. Ad. <\/p>\n","protected":false},"excerpt":{"rendered":"<p>&#8230; un gran n\u00famero &quot;5&quot; que destac\u00f3 en grandes clubes del f\u00fatbol argentino jugando como volante central y que en esta jornada cumple 66 a\u00f1os. Ad.<\/p>\n","protected":false},"author":1,"featured_media":0,"comment_status":"closed","ping_status":"closed","sticky":false,"template":"","format":"standard","meta":[],"categories":[22],"tags":[],"_links":{"self":[{"href":"http:\/\/hoycordobaweb.com\/index.php\/wp-json\/wp\/v2\/posts\/5496"}],"collection":[{"href":"http:\/\/hoycordobaweb.com\/index.php\/wp-json\/wp\/v2\/posts"}],"about":[{"href":"http:\/\/hoycordobaweb.com\/index.php\/wp-json\/wp\/v2\/types\/post"}],"author":[{"embeddable":true,"href":"http:\/\/hoycordobaweb.com\/index.php\/wp-json\/wp\/v2\/users\/1"}],"replies":[{"embeddable":true,"href":"http:\/\/hoycordobaweb.com\/index.php\/wp-json\/wp\/v2\/comments?post=5496"}],"version-history":[{"count":0,"href":"http:\/\/hoycordobaweb.com\/index.php\/wp-json\/wp\/v2\/posts\/5496\/revisions"}],"wp:attachment":[{"href":"http:\/\/hoycordobaweb.com\/index.php\/wp-json\/wp\/v2\/media?parent=5496"}],"wp:term":[{"taxonomy":"category","embeddable":true,"href":"http:\/\/hoycordobaweb.com\/index.php\/wp-json\/wp\/v2\/categories?post=5496"},{"taxonomy":"post_tag","embeddable":true,"href":"http:\/\/hoycordobaweb.com\/index.php\/wp-json\/wp\/v2\/tags?post=5496"}],"curies":[{"name":"wp","href":"https:\/\/api.w.org\/{rel}","templated":true}]}}