{"id":54959,"date":"2023-02-05T14:28:00","date_gmt":"2023-02-05T14:28:00","guid":{"rendered":"http:\/\/hoycordobaweb.com\/index.php\/2023\/02\/05\/heridos-y-detenidos-en-otra-protesta-contra-el-gobierno\/"},"modified":"2023-02-05T14:28:00","modified_gmt":"2023-02-05T14:28:00","slug":"heridos-y-detenidos-en-otra-protesta-contra-el-gobierno","status":"publish","type":"post","link":"http:\/\/hoycordobaweb.com\/index.php\/2023\/02\/05\/heridos-y-detenidos-en-otra-protesta-contra-el-gobierno\/","title":{"rendered":"Heridos y detenidos en otra protesta contra el Gobierno"},"content":{"rendered":"<p><img src=\"http:\/\/hoycordobaweb.com\/wp-content\/uploads\/2023\/02\/heridos-y-detenidos-en-otra-protesta-contra-el-gobierno.jpg\"><\/p>\n<figure class=\"mb-3\"><img loading=\"lazy\" src=\"http:\/\/hoycordobaweb.com\/wp-content\/uploads\/2023\/02\/heridos-y-detenidos-en-otra-protesta-contra-el-gobierno-2.jpg\" width=\"100%\" height=\"100%\" alt=\"La nueva protesta se realiz luego de que el Congreso bloqueara cualquier debate para adelantar las elecciones generales Foto AFP\"><figcaption> La nueva protesta se realiz\u00f3 luego de que el Congreso bloqueara cualquier debate para adelantar las elecciones generales \/ Foto: AFP. <\/figcaption><\/figure>\n<p>Una multitudinaria marcha contra el gobierno de la presidenta peruana, Dina Boluarte, y por el cierre del Congreso, termin\u00f3 el s\u00e1bado con enfrentamientos en el centro de Lima, con 26 detenidos y 24 heridos.<\/p>\n<p>A la movilizaci\u00f3n asistieron gremios campesinos, organizaciones civiles y bloques estudiantiles de las regiones del sur andino Cusco y Puno, de las m\u00e1s postergadas en Per\u00fa, as\u00ed como de Lima.<\/p>\n<p><strong>\u00abDe esta lucha no nos sacan\u00bb<\/strong>, dijo Adela Paz, una mujer de 68 a\u00f1os, proveniente de Cusco, que pidi\u00f3 por \u00abel cambio de Per\u00fa en favor de su gente que trabaja\u00bb, inform\u00f3 la agencia de noticias AFP.<\/p>\n<p>Al caer la noche, la polic\u00eda dispers\u00f3 a los manifestantes con <strong>gases lacrim\u00f3genos <\/strong>cuando avanzaban hacia la sede del Congreso y las cercan\u00edas del palacio de Gobierno.<\/p>\n<p>Los manifestantes enfrentaron a los cuerpos de seguridad lanzando fuegos pirot\u00e9cnicos, y <strong>se protegieron con cascos y escudos caseros.<\/strong><\/p>\n<figure class=\"mb-3\"><img loading=\"lazy\" src=\"http:\/\/hoycordobaweb.com\/wp-content\/uploads\/2023\/02\/heridos-y-detenidos-en-otra-protesta-contra-el-gobierno-3.jpg\" width=\"100%\" height=\"100%\" alt=\"Un total de 26 personas fueron detenidas y otras 24 resultaron heridas en los enfrentamientos Foto AFP\"><figcaption> Un total de 26 personas fueron detenidas y otras 24 resultaron heridas en los enfrentamientos \/ Foto: AFP. <\/figcaption><\/figure>\n<p>Un total de 26 personas fueron detenidas y otras<strong> 24 resultaron heridas<\/strong> en los enfrentamientos, inform\u00f3 el diario La Rep\u00fablica.<\/p>\n<p>La Defensor\u00eda del Pueblo de Per\u00fa dijo que cinco personas fueron hospitalizadas tras las protestas, entre ellas un agente de Polic\u00eda.<\/p>\n<p>La nueva protesta se realiz\u00f3 un d\u00eda despu\u00e9s de que <a href=\"https:\/\/www.telam.com.ar\/notas\/202302\/619129-peru-elecciones-adelantamiento.html\" target=\"_blank\" rel=\"noopener noreferrer\">el Congreso bloque\u00f3 hasta agosto cualquier debate para adelantar las elecciones generales<\/a>.<\/p>\n<p>Con esta decisi\u00f3n basada en tecnicismos procedimentales, el Congreso dio un portazo a la posibilidad renovar la Presidencia y el Congreso en 2023, como claman los manifestantes desde diciembre en protestas que <strong>han dejado 48 muertos.<\/strong><\/p>\n<p><strong>\u00abNos duele en el alma que hayan archivado propuesta para adelanto de elecciones\u00bb<\/strong>, lament\u00f3 el cardenal peruano Pedro Barreto.<\/p>\n<figure class=\"mb-3\"><img loading=\"lazy\" src=\"http:\/\/hoycordobaweb.com\/wp-content\/uploads\/2023\/02\/heridos-y-detenidos-en-otra-protesta-contra-el-gobierno-4.jpg\" width=\"100%\" height=\"100%\" alt=\"Foto AFP\"><figcaption> Foto: AFP. <\/figcaption><\/figure>\n<p>Boluarte no ha reaccionado a la decisi\u00f3n del Congreso.<\/p>\n<p>La mandataria reemplaz\u00f3 al expresidente izquierdista Pedro Castillo, que fue destituido y arrestado el 7 de diciembre tras un fallido intento de disolver el Congreso y gobernar por decreto.<\/p>\n<p><strong>La intenci\u00f3n inicial de Boluarte era completar el periodo de Castillo hasta 2026<\/strong>, pero ante el estallido de movilizaciones pidi\u00f3 al Congreso anticipar los comicios.<\/p>\n<p>En el centro de Lima las manifestaciones se hacen sentir desde mediados de enero con centenares y miles de personas de regiones, pero los sectores residenciales y comerciales cercanos a la costa del Pac\u00edfico parecen ajenos a la crisis pol\u00edtica y social.<\/p>\n<figure class=\"mb-3\"><img loading=\"lazy\" src=\"http:\/\/hoycordobaweb.com\/wp-content\/uploads\/2023\/02\/heridos-y-detenidos-en-otra-protesta-contra-el-gobierno-5.jpg\" width=\"100%\" height=\"100%\" alt=\"Foto AFP\"><figcaption> Foto: AFP. <\/figcaption><\/figure>\n","protected":false},"excerpt":{"rendered":"<p>La nueva protesta se realiz\u00f3 luego de que el Congreso bloqueara cualquier debate para adelantar las elecciones generales \/ Foto: AFP. Una multitudinaria marcha contra el gobierno de la presidenta peruana, Dina Boluarte, y por el cierre del Congreso, termin\u00f3 el s\u00e1bado con enfrentamientos en el centro de Lima, con 26 detenidos y 24 heridos. [&hellip;]<\/p>\n","protected":false},"author":1,"featured_media":54960,"comment_status":"open","ping_status":"closed","sticky":false,"template":"","format":"standard","meta":[],"categories":[19],"tags":[],"_links":{"self":[{"href":"http:\/\/hoycordobaweb.com\/index.php\/wp-json\/wp\/v2\/posts\/54959"}],"collection":[{"href":"http:\/\/hoycordobaweb.com\/index.php\/wp-json\/wp\/v2\/posts"}],"about":[{"href":"http:\/\/hoycordobaweb.com\/index.php\/wp-json\/wp\/v2\/types\/post"}],"author":[{"embeddable":true,"href":"http:\/\/hoycordobaweb.com\/index.php\/wp-json\/wp\/v2\/users\/1"}],"replies":[{"embeddable":true,"href":"http:\/\/hoycordobaweb.com\/index.php\/wp-json\/wp\/v2\/comments?post=54959"}],"version-history":[{"count":0,"href":"http:\/\/hoycordobaweb.com\/index.php\/wp-json\/wp\/v2\/posts\/54959\/revisions"}],"wp:featuredmedia":[{"embeddable":true,"href":"http:\/\/hoycordobaweb.com\/index.php\/wp-json\/wp\/v2\/media\/54960"}],"wp:attachment":[{"href":"http:\/\/hoycordobaweb.com\/index.php\/wp-json\/wp\/v2\/media?parent=54959"}],"wp:term":[{"taxonomy":"category","embeddable":true,"href":"http:\/\/hoycordobaweb.com\/index.php\/wp-json\/wp\/v2\/categories?post=54959"},{"taxonomy":"post_tag","embeddable":true,"href":"http:\/\/hoycordobaweb.com\/index.php\/wp-json\/wp\/v2\/tags?post=54959"}],"curies":[{"name":"wp","href":"https:\/\/api.w.org\/{rel}","templated":true}]}}