{"id":54937,"date":"2023-02-05T03:49:23","date_gmt":"2023-02-05T03:49:23","guid":{"rendered":"http:\/\/hoycordobaweb.com\/index.php\/2023\/02\/05\/andres-fassi-arremetio-contra-la-federacion-y-el-grupo-de-amigos-que-la-controlan\/"},"modified":"2023-02-05T03:49:23","modified_gmt":"2023-02-05T03:49:23","slug":"andres-fassi-arremetio-contra-la-federacion-y-el-grupo-de-amigos-que-la-controlan","status":"publish","type":"post","link":"http:\/\/hoycordobaweb.com\/index.php\/2023\/02\/05\/andres-fassi-arremetio-contra-la-federacion-y-el-grupo-de-amigos-que-la-controlan\/","title":{"rendered":"Andr\u00e9s Fassi arremeti\u00f3 contra la Federaci\u00f3n y el \u201cgrupo de amigos\u201d que la controlan"},"content":{"rendered":"<p>El empresario <b>argentino<\/b> se\u00f1al\u00f3 los cambios que debe de haber en el <b>f\u00fatbol<\/b> mexicano para empezar a ver un cambio a mediano plazo. <\/p>\n","protected":false},"excerpt":{"rendered":"<p>El empresario argentino se\u00f1al\u00f3 los cambios que debe de haber en el f\u00fatbol mexicano para empezar a ver un cambio a mediano plazo.<\/p>\n","protected":false},"author":1,"featured_media":0,"comment_status":"closed","ping_status":"closed","sticky":false,"template":"","format":"standard","meta":[],"categories":[22],"tags":[],"_links":{"self":[{"href":"http:\/\/hoycordobaweb.com\/index.php\/wp-json\/wp\/v2\/posts\/54937"}],"collection":[{"href":"http:\/\/hoycordobaweb.com\/index.php\/wp-json\/wp\/v2\/posts"}],"about":[{"href":"http:\/\/hoycordobaweb.com\/index.php\/wp-json\/wp\/v2\/types\/post"}],"author":[{"embeddable":true,"href":"http:\/\/hoycordobaweb.com\/index.php\/wp-json\/wp\/v2\/users\/1"}],"replies":[{"embeddable":true,"href":"http:\/\/hoycordobaweb.com\/index.php\/wp-json\/wp\/v2\/comments?post=54937"}],"version-history":[{"count":0,"href":"http:\/\/hoycordobaweb.com\/index.php\/wp-json\/wp\/v2\/posts\/54937\/revisions"}],"wp:attachment":[{"href":"http:\/\/hoycordobaweb.com\/index.php\/wp-json\/wp\/v2\/media?parent=54937"}],"wp:term":[{"taxonomy":"category","embeddable":true,"href":"http:\/\/hoycordobaweb.com\/index.php\/wp-json\/wp\/v2\/categories?post=54937"},{"taxonomy":"post_tag","embeddable":true,"href":"http:\/\/hoycordobaweb.com\/index.php\/wp-json\/wp\/v2\/tags?post=54937"}],"curies":[{"name":"wp","href":"https:\/\/api.w.org\/{rel}","templated":true}]}}