{"id":5492,"date":"2020-11-17T15:27:00","date_gmt":"2020-11-17T15:27:00","guid":{"rendered":"https:\/\/fm-comunicar.com.ar\/contenido\/16535\/colonia-caroya-presento-su-calendario-de-la-temporada-con-fiesta-del-salame-incl"},"modified":"2020-11-17T15:27:00","modified_gmt":"2020-11-17T15:27:00","slug":"colonia-caroya-presento-su-calendario-de-la-temporada-con-fiesta-del-salame-incluida","status":"publish","type":"post","link":"http:\/\/hoycordobaweb.com\/index.php\/2020\/11\/17\/colonia-caroya-presento-su-calendario-de-la-temporada-con-fiesta-del-salame-incluida\/","title":{"rendered":"Colonia Caroya present\u00f3 su calendario de la temporada con Fiesta del Salame incluida"},"content":{"rendered":"<p>En los primeros d\u00edas de diciembre se har\u00e1 el Encuentro de Pintores Paisajistas. En la primera quincena del 2021 est\u00e1 prevista la edici\u00f3n que le rinde tributo al chacinado. No habr\u00e1 carnavales. Marzo, con lo de siempre.<img src=\"http:\/\/hoycordobaweb.com\/wp-content\/uploads\/2020\/11\/colonia-caroya-presento-su-calendario-de-la-temporada-con-fiesta-del-salame-incluida.gif\"><\/p>\n","protected":false},"excerpt":{"rendered":"<p>En los primeros d\u00edas de diciembre se har\u00e1 el Encuentro de Pintores Paisajistas. En la primera quincena del 2021 est\u00e1 prevista la edici\u00f3n que le rinde tributo al chacinado. No habr\u00e1 carnavales. Marzo, con lo de siempre.<\/p>\n","protected":false},"author":1,"featured_media":5493,"comment_status":"closed","ping_status":"closed","sticky":false,"template":"","format":"standard","meta":[],"categories":[18],"tags":[],"_links":{"self":[{"href":"http:\/\/hoycordobaweb.com\/index.php\/wp-json\/wp\/v2\/posts\/5492"}],"collection":[{"href":"http:\/\/hoycordobaweb.com\/index.php\/wp-json\/wp\/v2\/posts"}],"about":[{"href":"http:\/\/hoycordobaweb.com\/index.php\/wp-json\/wp\/v2\/types\/post"}],"author":[{"embeddable":true,"href":"http:\/\/hoycordobaweb.com\/index.php\/wp-json\/wp\/v2\/users\/1"}],"replies":[{"embeddable":true,"href":"http:\/\/hoycordobaweb.com\/index.php\/wp-json\/wp\/v2\/comments?post=5492"}],"version-history":[{"count":0,"href":"http:\/\/hoycordobaweb.com\/index.php\/wp-json\/wp\/v2\/posts\/5492\/revisions"}],"wp:featuredmedia":[{"embeddable":true,"href":"http:\/\/hoycordobaweb.com\/index.php\/wp-json\/wp\/v2\/media\/5493"}],"wp:attachment":[{"href":"http:\/\/hoycordobaweb.com\/index.php\/wp-json\/wp\/v2\/media?parent=5492"}],"wp:term":[{"taxonomy":"category","embeddable":true,"href":"http:\/\/hoycordobaweb.com\/index.php\/wp-json\/wp\/v2\/categories?post=5492"},{"taxonomy":"post_tag","embeddable":true,"href":"http:\/\/hoycordobaweb.com\/index.php\/wp-json\/wp\/v2\/tags?post=5492"}],"curies":[{"name":"wp","href":"https:\/\/api.w.org\/{rel}","templated":true}]}}