{"id":54904,"date":"2023-02-03T10:10:00","date_gmt":"2023-02-03T10:10:00","guid":{"rendered":"https:\/\/fm-comunicar.com.ar\/contenido\/19995\/hoy-se-cumplen-10-anos-del-fallecimiento-del-padre-pacifico"},"modified":"2023-02-03T10:10:00","modified_gmt":"2023-02-03T10:10:00","slug":"hoy-se-cumplen-10-anos-del-fallecimiento-del-padre-pacifico","status":"publish","type":"post","link":"http:\/\/hoycordobaweb.com\/index.php\/2023\/02\/03\/hoy-se-cumplen-10-anos-del-fallecimiento-del-padre-pacifico\/","title":{"rendered":"Hoy se cumplen 10 a\u00f1os del fallecimiento del Padre Pac\u00edfico"},"content":{"rendered":"<p>Pac\u00edfico Gasparrini muri\u00f3 el 3 de febrero de 2013 y la comunidad a\u00fan lo recuerda con mucho afecto. Fue un misionero al que los caroyenses le deben un homenaje muy grande.<img src=\"http:\/\/hoycordobaweb.com\/wp-content\/uploads\/2023\/02\/hoy-se-cumplen-10-anos-del-fallecimiento-del-padre-pacifico.jpg\"><\/p>\n","protected":false},"excerpt":{"rendered":"<p>Pac\u00edfico Gasparrini muri\u00f3 el 3 de febrero de 2013 y la comunidad a\u00fan lo recuerda con mucho afecto. Fue un misionero al que los caroyenses le deben un homenaje muy grande.<\/p>\n","protected":false},"author":1,"featured_media":54905,"comment_status":"closed","ping_status":"closed","sticky":false,"template":"","format":"standard","meta":[],"categories":[18],"tags":[],"_links":{"self":[{"href":"http:\/\/hoycordobaweb.com\/index.php\/wp-json\/wp\/v2\/posts\/54904"}],"collection":[{"href":"http:\/\/hoycordobaweb.com\/index.php\/wp-json\/wp\/v2\/posts"}],"about":[{"href":"http:\/\/hoycordobaweb.com\/index.php\/wp-json\/wp\/v2\/types\/post"}],"author":[{"embeddable":true,"href":"http:\/\/hoycordobaweb.com\/index.php\/wp-json\/wp\/v2\/users\/1"}],"replies":[{"embeddable":true,"href":"http:\/\/hoycordobaweb.com\/index.php\/wp-json\/wp\/v2\/comments?post=54904"}],"version-history":[{"count":0,"href":"http:\/\/hoycordobaweb.com\/index.php\/wp-json\/wp\/v2\/posts\/54904\/revisions"}],"wp:featuredmedia":[{"embeddable":true,"href":"http:\/\/hoycordobaweb.com\/index.php\/wp-json\/wp\/v2\/media\/54905"}],"wp:attachment":[{"href":"http:\/\/hoycordobaweb.com\/index.php\/wp-json\/wp\/v2\/media?parent=54904"}],"wp:term":[{"taxonomy":"category","embeddable":true,"href":"http:\/\/hoycordobaweb.com\/index.php\/wp-json\/wp\/v2\/categories?post=54904"},{"taxonomy":"post_tag","embeddable":true,"href":"http:\/\/hoycordobaweb.com\/index.php\/wp-json\/wp\/v2\/tags?post=54904"}],"curies":[{"name":"wp","href":"https:\/\/api.w.org\/{rel}","templated":true}]}}