{"id":54886,"date":"2023-02-03T14:58:00","date_gmt":"2023-02-03T14:58:00","guid":{"rendered":"http:\/\/hoycordobaweb.com\/index.php\/2023\/02\/03\/cachin-jugara-ante-ruusuvuori-el-inicio-de-la-davis-entre-argentina-y-finlandia\/"},"modified":"2023-02-03T14:58:00","modified_gmt":"2023-02-03T14:58:00","slug":"cachin-jugara-ante-ruusuvuori-el-inicio-de-la-davis-entre-argentina-y-finlandia","status":"publish","type":"post","link":"http:\/\/hoycordobaweb.com\/index.php\/2023\/02\/03\/cachin-jugara-ante-ruusuvuori-el-inicio-de-la-davis-entre-argentina-y-finlandia\/","title":{"rendered":"Cach\u00edn jugar\u00e1 ante Ruusuvuori el inicio de la Davis entre Argentina y Finlandia"},"content":{"rendered":"<p><img src=\"http:\/\/hoycordobaweb.com\/wp-content\/uploads\/2023\/02\/cachin-jugara-ante-ruusuvuori-el-inicio-de-la-davis-entre-argentina-y-finlandia.jpg\"><\/p>\n<figure class=\"mb-3\"><img loading=\"lazy\" src=\"http:\/\/hoycordobaweb.com\/wp-content\/uploads\/2023\/02\/cachin-jugara-ante-ruusuvuori-el-inicio-de-la-davis-entre-argentina-y-finlandia-2.jpg\" width=\"100%\" height=\"100%\" alt=\"Foto TW DavisCup\"><figcaption> Foto: TW @DavisCup. <\/figcaption><\/figure>\n<p><strong>El tenista cordob\u00e9s<\/strong> Pedro Cach\u00edn, debutante<strong> enfrentar\u00e1<\/strong> este s\u00e1bado <strong>a Emil Ruusuvuori en el inicio a la serie de Copa Davis<\/strong> que animar\u00e1n la Argentina y Finlandia en la ciudad de Espoo, seg\u00fan lo determin\u00f3 el sorteo del orden de juego efectuado este viernes para la eliminatoria v\u00e1lida por los Qualifiers 2023 del tradicional certamen.<\/p>\n<p>En ese contexto, la ceremonia de sorteo determin\u00f3 que Cach\u00edn, 88 en el ranking mundial de la ATP, y Ruusuvuori (43) jugar\u00e1n a partir de las 12 y con televisaci\u00f3n de TyC Sports el punto inicial en el estadio Espoo Metro Arena de la ciudad de la costa sur finlandesa, a media hora de distancia de Helsinki.<\/p>\n<blockquote class=\"twitter-tweet\" readability=\"4.6367346938776\">\n<p lang=\"es\" dir=\"ltr\">Tenemos orden en Espoo \ud83c\uddeb\ud83c\uddee \ud83c\udde6\ud83c\uddf7<a href=\"https:\/\/twitter.com\/pecachin1?ref_src=twsrc%5Etfw\">@pecachin1<\/a> se estrena Emil Ruusuvuori, seguido de <a href=\"https:\/\/twitter.com\/FranCerundolo?ref_src=twsrc%5Etfw\">@FranCerundolo<\/a> ante Otto Virtanen \ud83d\ude4c\ud83c\udf89<a href=\"https:\/\/twitter.com\/hashtag\/CopaDavis?src=hash&amp;ref_src=twsrc%5Etfw\">#CopaDavis<\/a> <a href=\"https:\/\/twitter.com\/hashtag\/ByRakuten?src=hash&amp;ref_src=twsrc%5Etfw\">#ByRakuten<\/a> | <a href=\"https:\/\/twitter.com\/tennisfi?ref_src=twsrc%5Etfw\">@tennisfi<\/a> <a href=\"https:\/\/twitter.com\/AATenis?ref_src=twsrc%5Etfw\">@AATenis<\/a> <a href=\"https:\/\/t.co\/Rvbb1cnatM\">pic.twitter.com\/Rvbb1cnatM<\/a><\/p>\n<p>\u2014 Copa Davis (@CopaDavis) <a href=\"https:\/\/twitter.com\/CopaDavis\/status\/1621513291347685377?ref_src=twsrc%5Etfw\">February 3, 2023<\/a><\/p><\/blockquote>\n<p><strong>El segundo punto<\/strong> de la eliminatoria al mejor de cinco lo animar\u00e1n a continuaci\u00f3n el n\u00famero uno argentino, <strong>Francisco Cer\u00fandolo<\/strong> (31),<strong> y<\/strong> el local <strong>Otto Virtanen<\/strong> (181), seg\u00fan lo determinaron los capitanes, Guillermo \u00abMago\u00bb Coria y Jarkko Nieminen.<\/p>\n<p>La serie continuar\u00e1 el domingo a partir de las 8 con el dobles que animar\u00e1n Andr\u00e9s Molteni (36) y M\u00e1ximo Gonz\u00e1lez (45) ante los locales Ruusuvuori (43) y Harri Heliovaara (10 del mundo en la especialidad).<\/p>\n<p>Luego cerrar\u00e1n la serie los dos \u00faltimos partidos con los n\u00famero uno de cada pa\u00eds frente a frente, es decir Cer\u00fandolo ante Ruusuvuori, y luego completar\u00e1n Cach\u00edn frente a Virtanen, aunque si la eliminatoria est\u00e1 definida antes el quinto punto podr\u00eda no jugarse, esto siempre lo resuelven en forma conjunta los capitanes.<\/p>\n<p>Los ganadores de los Qualifiers avanzar\u00e1n a la fase de grupos de las Finales, etapa en la que se unir\u00e1n con los campeones y subcampeones de 2022 (Canad\u00e1 y Australia) y los dos invitados (Italia y Espa\u00f1a) hasta completar las 16 naciones.<\/p>\n<p>La fase de grupos se jugar\u00e1 la semana del 11 de septiembre, en cuatro sedes a confirmar.<\/p>\n","protected":false},"excerpt":{"rendered":"<p>Foto: TW @DavisCup. El tenista cordob\u00e9s Pedro Cach\u00edn, debutante enfrentar\u00e1 este s\u00e1bado a Emil Ruusuvuori en el inicio a la serie de Copa Davis que animar\u00e1n la Argentina y Finlandia en la ciudad de Espoo, seg\u00fan lo determin\u00f3 el sorteo del orden de juego efectuado este viernes para la eliminatoria v\u00e1lida por los Qualifiers 2023 [&hellip;]<\/p>\n","protected":false},"author":1,"featured_media":54887,"comment_status":"open","ping_status":"closed","sticky":false,"template":"","format":"standard","meta":[],"categories":[19],"tags":[],"_links":{"self":[{"href":"http:\/\/hoycordobaweb.com\/index.php\/wp-json\/wp\/v2\/posts\/54886"}],"collection":[{"href":"http:\/\/hoycordobaweb.com\/index.php\/wp-json\/wp\/v2\/posts"}],"about":[{"href":"http:\/\/hoycordobaweb.com\/index.php\/wp-json\/wp\/v2\/types\/post"}],"author":[{"embeddable":true,"href":"http:\/\/hoycordobaweb.com\/index.php\/wp-json\/wp\/v2\/users\/1"}],"replies":[{"embeddable":true,"href":"http:\/\/hoycordobaweb.com\/index.php\/wp-json\/wp\/v2\/comments?post=54886"}],"version-history":[{"count":0,"href":"http:\/\/hoycordobaweb.com\/index.php\/wp-json\/wp\/v2\/posts\/54886\/revisions"}],"wp:featuredmedia":[{"embeddable":true,"href":"http:\/\/hoycordobaweb.com\/index.php\/wp-json\/wp\/v2\/media\/54887"}],"wp:attachment":[{"href":"http:\/\/hoycordobaweb.com\/index.php\/wp-json\/wp\/v2\/media?parent=54886"}],"wp:term":[{"taxonomy":"category","embeddable":true,"href":"http:\/\/hoycordobaweb.com\/index.php\/wp-json\/wp\/v2\/categories?post=54886"},{"taxonomy":"post_tag","embeddable":true,"href":"http:\/\/hoycordobaweb.com\/index.php\/wp-json\/wp\/v2\/tags?post=54886"}],"curies":[{"name":"wp","href":"https:\/\/api.w.org\/{rel}","templated":true}]}}