{"id":54872,"date":"2023-02-03T11:37:27","date_gmt":"2023-02-03T11:37:27","guid":{"rendered":"https:\/\/manoamanocba.com.ar\/?p=6083"},"modified":"2023-02-03T11:37:27","modified_gmt":"2023-02-03T11:37:27","slug":"febrero-en-el-teatro-real-opera-infantiles-y-humor-en-un-espacio-renovado","status":"publish","type":"post","link":"http:\/\/hoycordobaweb.com\/index.php\/2023\/02\/03\/febrero-en-el-teatro-real-opera-infantiles-y-humor-en-un-espacio-renovado\/","title":{"rendered":"Febrero en el Teatro Real: \u00f3pera, infantiles y humor en un espacio renovado"},"content":{"rendered":"<p>El Teatro Real, a trav\u00e9s de la Agencia C\u00f3rdoba Cultura, dio a conocer su&nbsp;<strong>programaci\u00f3n para febrero de 2023<\/strong>. En plena temporada vacacional, el espacio ubicado en San Jer\u00f3nimo 66 pone en escena la \u00f3pera&nbsp;<strong>El Barbero de Sevilla<\/strong>, de la Fundaci\u00f3n L\u00edrica Mediterr\u00e1nea;&nbsp;<strong>Pacha y Delia<\/strong>, con Rodolfo Ranni y Ana Font\u00e1n; y&nbsp;<strong>Pulentflix<\/strong>&nbsp;de Adri\u00e1n G\u00f3mez.<\/p>\n<p>Tambi\u00e9n se presentan las producciones infantiles&nbsp;<strong>Poseid\u00f3n y la Mar Chiquita<\/strong>, del Teatro Estable de T\u00edteres, y<strong>&nbsp;Il Sole Blue<\/strong>, de la Comedia Infanto Juvenil. Adem\u00e1s, el \u00faltimo fin de semana del mes, la Comedia Cordobesa presenta en la Sala Carlos Gim\u00e9nez&nbsp;<strong>Cabaret Carmona<\/strong>, una historia de amor atravesada por la alegr\u00eda despampanante del cabaret.<\/p>\n<p>Cabe destacar que el Teatro Real abre sus puertas en el mes de febrero con&nbsp;<strong>alfombra nueva en su sala principal y en los tres niveles de pulman<\/strong>. Tambi\u00e9n estrena&nbsp;<strong>60 paneles de energ\u00eda solar en la terraza del edificio<\/strong>, que generan energ\u00eda limpia, verde y no contaminante. Y a lo anterior se suma la&nbsp;<strong>nueva luminaria en la fachada<\/strong>, de \u00faltima tecnolog\u00eda.<\/p>\n<p>Estas refacciones se realizaron dentro del marco permanente de conservaci\u00f3n de los edificios culturales e hist\u00f3ricos que realiza el gobierno de C\u00f3rdoba, para lograr una mejor expresi\u00f3n y apreciaci\u00f3n del arte.<\/p>\n<p>A continuaci\u00f3n, la programaci\u00f3n de febrero en el Teatro Real.<\/p>\n<h3>El Barbero de Sevilla<\/h3>\n<p><strong>Jueves 2, 9, y 16 a las 21 horas.<\/strong><\/p>\n<p><strong>Sinopsis:<\/strong>&nbsp;<strong>El Barbero de Sevilla&nbsp;<\/strong>es una \u00f3pera bufa en dos actos con m\u00fasica de Gioachino Rossini y libreto en italiano de Cesare Sterbini, basado en la comedia del mismo nombre (1775) de Pierre-Augustin de Beaumarchais. La trama relata las peripecias de una pareja de enamorados integrada por el conde de Almaviva y la joven hu\u00e9rfana Rosina. Bartolo, preceptor de la muchacha, tambi\u00e9n la pretende pese a la diferencia de edad. Para evitarlo, la pareja se vale de la ayuda del barbero F\u00edgaro, quien mediante enredos enga\u00f1ara a Bartolo.<\/p>\n<p><strong>Duraci\u00f3n:&nbsp;<\/strong>120 minutos<\/p>\n<p><strong>Edad recomendada:&nbsp;<\/strong>todo p\u00fablico<\/p>\n<p><strong>Entradas:&nbsp;<\/strong>Platea $3.500, 1\u00b0 nivel $3.500, 2\u00b0 nivel $3000, 3\u00b0 nivel $3000. Disponibles en&nbsp;<a href=\"https:\/\/ventas.autoentrada.com\/\" target=\"_blank\" rel=\"noreferrer noopener\">autoentrada.com<\/a>&nbsp;y en boleter\u00eda del teatro.<\/p>\n<figure class=\"wp-block-image size-full\"><img loading=\"lazy\" class=\"wp-image-515348\" src=\"http:\/\/hoycordobaweb.com\/wp-content\/uploads\/2023\/02\/febrero-en-el-teatro-real-opera-infantiles-y-humor-en-un-espacio-renovado.jpg\" alt width=\"990\" height=\"660\"><\/figure>\n<h3>\u201cPacha y Delia\u201d (Como La \u00daltima Vez)<\/h3>\n<p><strong>Viernes 3, 10 y 17 a las 21 horas.<\/strong><\/p>\n<p><strong>En Escena:&nbsp;<\/strong>Rodolfo Ranni y Ana Font\u00e1n<\/p>\n<p><strong>Sinopsis:<\/strong>&nbsp;Un d\u00eda cualquiera, inesperadamente, despu\u00e9s de una silenciosa y prolongada ausencia, ella y \u00e9l se encuentran. Y entonces crece el interrogante. \u00bfC\u00f3mo se enfrenta al otro cuando el tiempo pareciera casi haber borrado los recuerdos? Quiz\u00e1s a\u00fan se est\u00e9 a tiempo de recuperar algo de aquel amor que alguna vez fue.&nbsp;<strong>Pacha y Delia<\/strong>&nbsp;nos ofrece un juego teatral entra\u00f1able, llevado adelante por personajes rebosantes de humanidad que en su peripecia conjugan calidez, emoci\u00f3n, humor y ternura.<\/p>\n<p><strong>Duraci\u00f3n:<\/strong>&nbsp;120 minutos<\/p>\n<p><strong>Edad recomendada:<\/strong>&nbsp;todo p\u00fablico<\/p>\n<p><strong>Entradas:<\/strong>&nbsp;Platea $4.300, 1\u00b0 nivel $3.900, 2\u00b0 nivel $3.500, 3\u00b0 nivel $3.100. Disponibles en&nbsp;<a href=\"https:\/\/ventas.autoentrada.com\/\" target=\"_blank\" rel=\"noreferrer noopener\">autoentrada.com<\/a>&nbsp;y en boleter\u00eda del teatro.<\/p>\n<figure class=\"wp-block-image size-full\"><img loading=\"lazy\" class=\"wp-image-535279\" src=\"http:\/\/hoycordobaweb.com\/wp-content\/uploads\/2023\/02\/febrero-en-el-teatro-real-opera-infantiles-y-humor-en-un-espacio-renovado-1.jpg\" alt width=\"804\" height=\"502\"><\/figure>\n<h3>\u201cPULENTFLIX, Humor fuera de serie\u201d<\/h3>\n<p><strong>S\u00e1bados 4, 11 y 18 a las 21 horas.<\/strong><\/p>\n<p>Con Adri\u00e1n G\u00f3mez.<\/p>\n<p><strong>Sinopsis: Pulentflix, humor fuera de serie<\/strong>, es un unipersonal en el que, a trav\u00e9s de mon\u00f3logos y personajes, Adri\u00e1n G\u00f3mez toma como leimotiv los nuevos modos y plataformas que tiene el entretenimiento, para reflexionar desde el humor sobre los cambios en la sociedad, en la m\u00fasica, en las relaciones y, por sobre todas las cosas, una excusa para dar rienda suelta a la risa, al humor y a la carcajada.<\/p>\n<p><strong>Duraci\u00f3n:&nbsp;<\/strong>80 minutos<\/p>\n<p><strong>Edad recomendada:<\/strong>&nbsp;todo p\u00fablico<\/p>\n<p><strong>Entradas generales:<\/strong>&nbsp;$1000. Disponibles en&nbsp;<a href=\"https:\/\/ventas.autoentrada.com\/\" target=\"_blank\" rel=\"noreferrer noopener\">autoentrada.com<\/a>&nbsp;y en boleter\u00eda del teatro.<\/p>\n<figure class=\"wp-block-image size-full\"><img loading=\"lazy\" class=\"wp-image-535280\" src=\"http:\/\/hoycordobaweb.com\/wp-content\/uploads\/2023\/02\/febrero-en-el-teatro-real-opera-infantiles-y-humor-en-un-espacio-renovado-2.jpg\" alt width=\"990\" height=\"660\"><\/figure>\n<h3>\u201cPoseid\u00f3n y la Mar Chiquita\u201d<\/h3>\n<p><strong>S\u00e1bados 4, 11 y 18 a las 17 horas.<\/strong><\/p>\n<p>T\u00edteres.<\/p>\n<p><strong>Sinopsis:<\/strong>&nbsp;Navegando en altamar, el valiente Capit\u00e1n Beta naufraga tras una tormenta y aparece en las aguas de la Mar Chiquita. Poseid\u00f3n, el dios de todos los mares, acudir\u00e1 en su ayuda. El hundimiento de un barco puede ser el comienzo de nuevas y extra\u00f1as aventuras. Una historia en la que no faltar\u00e1n flamencos, zorros, sapos, lenguados, ara\u00f1as, alguna que otra serpiente, y por supuesto, mosquitos, muchos mosquitos, \u201cuna banda\u201d de mosquitos.<\/p>\n<p><strong>Duraci\u00f3n:&nbsp;<\/strong>50 minutos<\/p>\n<p><strong>Edad recomendada:&nbsp;<\/strong>mayores de 6 a\u00f1os<\/p>\n<p><strong>Entradas:&nbsp;<\/strong>$500 Disponibles en autoentrada.com y en boleter\u00eda del teatro<\/p>\n<figure class=\"wp-block-image size-full\"><img loading=\"lazy\" class=\"wp-image-535303\" src=\"http:\/\/hoycordobaweb.com\/wp-content\/uploads\/2023\/02\/febrero-en-el-teatro-real-opera-infantiles-y-humor-en-un-espacio-renovado-3.jpg\" alt width=\"1564\" height=\"1080\"><\/figure>\n<h3>Il Sole Blu<\/h3>\n<p><strong>Domingos 5, 12 y 19 a las 18 horas.<\/strong><\/p>\n<p><strong>Sinopsis:&nbsp;<\/strong>Dos personajes m\u00fasicos, definidos por la necesidad de existir e interpretar piezas musicales, m\u00e1gicamente aparecen en un mundo de partituras. Descubren que el lugar est\u00e1 repleto de instrumentos musicales. All\u00ed se aventurar\u00e1n e intentar\u00e1n dar lectura y ejecuci\u00f3n a una particular y descomunal sinfon\u00eda. En est\u00e9tica de clown, con pases de humor, haciendo f\u00e1cil lo dif\u00edcil y muy dif\u00edcil lo f\u00e1cil, estos personajes nos llevar\u00e1n a navegar por el mundo m\u00e1gico de la m\u00fasica y sus encantos.<\/p>\n<p><strong>Duraci\u00f3n:&nbsp;<\/strong>50 minutos<\/p>\n<p><strong>Edad:<\/strong>&nbsp;a partir de los 3 a\u00f1os<\/p>\n<p><strong>Entradas:&nbsp;<\/strong>$500. Disponibles en&nbsp;<a href=\"https:\/\/ventas.autoentrada.com\/\" target=\"_blank\" rel=\"noreferrer noopener\">autoentrada.com&nbsp;<\/a>y en boleter\u00eda del teatro.<\/p>\n<figure class=\"wp-block-image size-full\"><img loading=\"lazy\" class=\"wp-image-535281\" src=\"http:\/\/hoycordobaweb.com\/wp-content\/uploads\/2023\/02\/febrero-en-el-teatro-real-opera-infantiles-y-humor-en-un-espacio-renovado-4.jpg\" alt width=\"990\" height=\"660\"><\/figure>\n<h3>Cabaret Carmona<\/h3>\n<p><strong>Jueves 23, viernes 24 y s\u00e1bado 25 a las 21 horas \/ Domingo 26 a las 20<\/strong><\/p>\n<p><strong>Sinopsis:<\/strong>&nbsp;El Cabaret Carmona es un lugar corrido del tiempo, iluminado por los brillos de la noche. Hoy sus integrantes quieren contar una historia de amor, cruzando dos mundos; las historias de amor de Rodolfo, Mar\u00eda Luisa, Cardoso y Ang\u00e9lica con la magia y fantas\u00eda de los artistas. La Carmona sirve de marco para la tragedia del amor, que atravesada por la alegr\u00eda despampanante del cabaret puede finalmente transformarse en algo m\u00e1s que un final feliz.<\/p>\n<p><strong>Duraci\u00f3n:<\/strong>&nbsp;75 minutos<\/p>\n<p><strong>Edad:&nbsp;<\/strong>mayores de 13 a\u00f1os<\/p>\n<p><strong>Entradas:<\/strong>&nbsp;$500. Disponibles en&nbsp;<a href=\"https:\/\/ventas.autoentrada.com\/\" target=\"_blank\" rel=\"noreferrer noopener\">autoentrada.com&nbsp;<\/a>y en boleter\u00eda del teatro.<\/p>\n<figure class=\"wp-block-image size-full\"><img loading=\"lazy\" class=\"wp-image-535299\" src=\"http:\/\/hoycordobaweb.com\/wp-content\/uploads\/2023\/02\/febrero-en-el-teatro-real-opera-infantiles-y-humor-en-un-espacio-renovado-5.jpg\" alt width=\"990\" height=\"660\"><\/figure>\n","protected":false},"excerpt":{"rendered":"<p>El Teatro Real, a trav\u00e9s de la Agencia C\u00f3rdoba Cultura, dio a conocer su&nbsp;programaci\u00f3n para febrero de 2023. En plena temporada vacacional, el espacio ubicado en San Jer\u00f3nimo 66 pone en escena la \u00f3pera&nbsp;El Barbero de Sevilla, de la Fundaci\u00f3n L\u00edrica Mediterr\u00e1nea;&nbsp;Pacha y Delia, con Rodolfo Ranni y Ana Font\u00e1n; y&nbsp;Pulentflix&nbsp;de Adri\u00e1n G\u00f3mez. Tambi\u00e9n se [&hellip;]<\/p>\n","protected":false},"author":1,"featured_media":54873,"comment_status":"closed","ping_status":"closed","sticky":false,"template":"","format":"standard","meta":[],"categories":[19],"tags":[],"_links":{"self":[{"href":"http:\/\/hoycordobaweb.com\/index.php\/wp-json\/wp\/v2\/posts\/54872"}],"collection":[{"href":"http:\/\/hoycordobaweb.com\/index.php\/wp-json\/wp\/v2\/posts"}],"about":[{"href":"http:\/\/hoycordobaweb.com\/index.php\/wp-json\/wp\/v2\/types\/post"}],"author":[{"embeddable":true,"href":"http:\/\/hoycordobaweb.com\/index.php\/wp-json\/wp\/v2\/users\/1"}],"replies":[{"embeddable":true,"href":"http:\/\/hoycordobaweb.com\/index.php\/wp-json\/wp\/v2\/comments?post=54872"}],"version-history":[{"count":0,"href":"http:\/\/hoycordobaweb.com\/index.php\/wp-json\/wp\/v2\/posts\/54872\/revisions"}],"wp:featuredmedia":[{"embeddable":true,"href":"http:\/\/hoycordobaweb.com\/index.php\/wp-json\/wp\/v2\/media\/54873"}],"wp:attachment":[{"href":"http:\/\/hoycordobaweb.com\/index.php\/wp-json\/wp\/v2\/media?parent=54872"}],"wp:term":[{"taxonomy":"category","embeddable":true,"href":"http:\/\/hoycordobaweb.com\/index.php\/wp-json\/wp\/v2\/categories?post=54872"},{"taxonomy":"post_tag","embeddable":true,"href":"http:\/\/hoycordobaweb.com\/index.php\/wp-json\/wp\/v2\/tags?post=54872"}],"curies":[{"name":"wp","href":"https:\/\/api.w.org\/{rel}","templated":true}]}}