{"id":54868,"date":"2023-02-03T12:40:20","date_gmt":"2023-02-03T12:40:20","guid":{"rendered":"https:\/\/ladecimaweb.com\/?p=15853"},"modified":"2023-02-03T12:40:20","modified_gmt":"2023-02-03T12:40:20","slug":"inauguran-obras-de-recuperacion-edilicia-en-el-cpc-villa-el-libertador","status":"publish","type":"post","link":"http:\/\/hoycordobaweb.com\/index.php\/2023\/02\/03\/inauguran-obras-de-recuperacion-edilicia-en-el-cpc-villa-el-libertador\/","title":{"rendered":"Inauguran obras de recuperaci\u00f3n edilicia en el CPC Villa El Libertador"},"content":{"rendered":"<div class=\"boldgrid-section\">\n<div class=\"container\">\n<div class=\"row\">\n<div class=\"col-md-12 col-xs-12 col-sm-12\">\n<p class=\"\">En el marco del Plan de Recuperaci\u00f3n Edilicia de los CPC, la Municipalidad de C\u00f3rdoba finaliz\u00f3 los trabajos de recuperaci\u00f3n y <strong>puesta en valor de los edificios del Centro de Participaci\u00f3n Comunal Villa el Libertador y de la cancha de b\u00e1squet ubicada en el mismo predio.<\/strong><\/p>\n<p class=\"\">El viceintendente Daniel Passerini encabez\u00f3 el acto, junto al secretario de Participaci\u00f3n Ciudadana, Juan Domingo Viola y dem\u00e1s funcionarios municipales.<\/p>\n<p class=\"\">Durante muchos a\u00f1os, la falta de inversi\u00f3n y de obras de mantenimiento provoc\u00f3 necesidades urgentes de adecuaci\u00f3n y puesta en marcha de un plan de obra.<\/p>\n<p class=\"\"><strong>Por lo que se llevaron a cabo una serie de tareas entre las que se encuentran el reacondicionamiento y pintura de techos del ala Norte y Sur del CPC junto a la restauraci\u00f3n y arreglo del techo del Anfiteatro. Adem\u00e1s se colocaron 29 nuevas luminarias LED en el exterior de la fachada y 7 luminarias LED sobre calle R\u00edo Deseado y R\u00edo Penitente, aleda\u00f1as al CPC.<\/strong><\/p>\n<p class=\"\">En la oportunidad, Passerini destac\u00f3: \u201cEstamos poniendo en valor este lugar emblem\u00e1tico que ahora es la puerta de entrada para todos los que vengan del Valle de Calamuchita y Paravachasca. <strong>Desde la gesti\u00f3n del intendente Martin Llaryora los CPC han recuperado el sentido para cual hab\u00edan sido creados&#8221;.<\/strong><\/p>\n<p class=\"\">Passerini record\u00f3 que la actual gesti\u00f3n viene avanzando en la descentralizaci\u00f3n operativa de los CPC, a partir de de la creaci\u00f3n de los Centros Operativos, as\u00ed como se profundiza en la transferencia de recursos a los centros vecinales para que ejecuten obras, para que hagan el mantenimiento de sus espacios p\u00fablicos.<\/p>\n<p class=\"\">A su vez, el secretario de Participaci\u00f3n Ciudadana manifest\u00f3: <strong>&#8220;Estamos inaugurando \u00edntegramente la cancha de basquet del CPC con todo el per\u00edmetro nuevo<\/strong>, con un tejido de primer mundo, con el suelo y la pintura nueva, renovada totalmente al igual que la luminaria perimetral e interna con 26 reflectores, como tambi\u00e9n en la v\u00eda p\u00fablica. Adem\u00e1s, se adecu\u00f3 la plaza con nuevas luces y juegos, sumando la incorporaci\u00f3n de dos murales en el lateral norte y sur que vienen a hermosear el ingreso del barrio\u201d.<\/p>\n<p class=\"\">Por otra parte, se recuper\u00f3 la cancha de b\u00e1squet del CPC con un nuevo hormigonado realizado sobre la carpeta existente, en una superficie total de 530 m2 donde se llev\u00f3 a cabo la demarcaci\u00f3n de la cancha y la instalaci\u00f3n de aros y tableros.<\/p>\n<p class=\"\"><strong>Se demolieron la verja perimetral y las columnas de hormig\u00f3n que estaban con riesgo de derrumbe y se realiz\u00f3 el cerramiento perimetral con tejido romboidal y puertas met\u00e1licas<\/strong>. Tambi\u00e9n se llevaron a cabo tareas de mantenimiento del espacio verde recomponiendo 250 m2 de c\u00e9sped natural.<\/p>\n<p class=\"\">Adem\u00e1s se pintaron dos murales en los laterales del CPC. Uno refleja la realidad del deporte social, la actividad deportiva y su relaci\u00f3n con el arte urbano y la otra es una obra de arte que describe las diferentes idiosincrasias de las diversas comunidades que forman parte de Villa El Libertador.<\/p>\n<p class=\"\">Las intervenciones art\u00edsticas estuvieron a cargo de Rodo Mathot, Lucas Aguilera, J\u00f3se Sasia y Geou Ravasi. Son 323 metros cuadrados de arte urbano que se suman a la ciudad a trav\u00e9s del programa \u201cArte de Nuestra Gente\u201d.<\/p>\n<p class=\"\">\u201cEstamos muy contentos por esta obra tan maravillosa, en este aporte que hace cultura, que tiene que ver con los murales, realizados por los artistas, que le dan tanta vida a esta obra, que le dan tanto arte y le ponen&nbsp;tanto talento a esta estructura que es el CPC\u201d expres\u00f3, el secretario de Cultura, Mariano Almada.<\/p>\n<p class=\"\">En el mismo acto se firmaron dos convenios del programa de autogesti\u00f3n para que los centros vecinales de barrio Cabildo y Cabildo Clase Media se hagan cargo del cuidado y mantenimiento de las plazas de sus respectivos barrios.<\/p>\n<p class=\"\">\n<div class=\"ubm_banner\"><a href=\"https:\/\/www.cba.gov.ar\" target=\"_blank\" rel=\"dofollow noopener noreferrer\"><img src=\"http:\/\/hoycordobaweb.com\/wp-content\/uploads\/2023\/02\/inauguran-obras-de-recuperacion-edilicia-en-el-cpc-villa-el-libertador.gif\" alt=\"\"><\/a><\/div>\n<p class=\"\">&nbsp;<\/p>\n<p>&nbsp;<\/p>\n<\/div>\n<\/div>\n<\/div>\n<\/div>\n<p>La entrada <a rel=\"nofollow\" href=\"https:\/\/ladecimaweb.com\/inauguran-obras-de-recuperacion-edilicia-en-el-cpc-villa-el-libertador\/\">Inauguran obras de recuperaci\u00f3n edilicia en el CPC Villa El Libertador<\/a> se public\u00f3 primero en <a rel=\"nofollow\" href=\"https:\/\/ladecimaweb.com\">LaDecima<\/a>.<\/p>\n","protected":false},"excerpt":{"rendered":"<p>En el marco del Plan de Recuperaci\u00f3n Edilicia de los CPC, la Municipalidad de C\u00f3rdoba finaliz\u00f3 los trabajos de recuperaci\u00f3n y puesta en valor de los edificios del Centro de Participaci\u00f3n Comunal Villa el Libertador y de la cancha de b\u00e1squet ubicada en el mismo predio. El viceintendente Daniel Passerini encabez\u00f3 el acto, junto al [&hellip;]<\/p>\n","protected":false},"author":1,"featured_media":54869,"comment_status":"closed","ping_status":"closed","sticky":false,"template":"","format":"standard","meta":[],"categories":[19],"tags":[],"_links":{"self":[{"href":"http:\/\/hoycordobaweb.com\/index.php\/wp-json\/wp\/v2\/posts\/54868"}],"collection":[{"href":"http:\/\/hoycordobaweb.com\/index.php\/wp-json\/wp\/v2\/posts"}],"about":[{"href":"http:\/\/hoycordobaweb.com\/index.php\/wp-json\/wp\/v2\/types\/post"}],"author":[{"embeddable":true,"href":"http:\/\/hoycordobaweb.com\/index.php\/wp-json\/wp\/v2\/users\/1"}],"replies":[{"embeddable":true,"href":"http:\/\/hoycordobaweb.com\/index.php\/wp-json\/wp\/v2\/comments?post=54868"}],"version-history":[{"count":0,"href":"http:\/\/hoycordobaweb.com\/index.php\/wp-json\/wp\/v2\/posts\/54868\/revisions"}],"wp:featuredmedia":[{"embeddable":true,"href":"http:\/\/hoycordobaweb.com\/index.php\/wp-json\/wp\/v2\/media\/54869"}],"wp:attachment":[{"href":"http:\/\/hoycordobaweb.com\/index.php\/wp-json\/wp\/v2\/media?parent=54868"}],"wp:term":[{"taxonomy":"category","embeddable":true,"href":"http:\/\/hoycordobaweb.com\/index.php\/wp-json\/wp\/v2\/categories?post=54868"},{"taxonomy":"post_tag","embeddable":true,"href":"http:\/\/hoycordobaweb.com\/index.php\/wp-json\/wp\/v2\/tags?post=54868"}],"curies":[{"name":"wp","href":"https:\/\/api.w.org\/{rel}","templated":true}]}}